{"id":9991,"date":"2024-10-11T23:22:44","date_gmt":"2024-10-11T23:22:44","guid":{"rendered":"https:\/\/elpregonerodezamora.com\/?p=9991"},"modified":"2024-10-11T23:22:44","modified_gmt":"2024-10-11T23:22:44","slug":"raul-diblasio-deleita-a-a-los-zamoranos-que-llenaron-el-teatro-obrero","status":"publish","type":"post","link":"https:\/\/elpregonerodezamora.com\/index.php\/2024\/10\/11\/raul-diblasio-deleita-a-a-los-zamoranos-que-llenaron-el-teatro-obrero\/","title":{"rendered":"RA\u00daL DI&#8217;BLASIO, DELEITA A A LOS ZAMORANOS, QUE LLENARON EL TEATRO OBRERO"},"content":{"rendered":"\n<p><strong>Redacci\u00f3n \/ El Pregonero TV<\/strong><\/p>\n\n\n\n<p><strong>Zamora, Michoac\u00e1n, 10 de octubre de 2024. \u2013 El Teatro Obrero de Zamora se convirti\u00f3 en el escenario de una velada m\u00e1gica, con el reconocido pianista argentino Ra\u00fal Di Blasio, conocido como el \u201cPiano de Am\u00e9rica\u201d, llenando el recinto en su gira Piano \u00cdntimo Tour 2024. Durante su actuaci\u00f3n, Di Blasio interpret\u00f3 grandes \u00e9xitos como &#8220;Coraz\u00f3n de ni\u00f1o&#8221;, &#8220;Piano&#8221; y &#8220;Balada para Adelina&#8221;, reafirmando el aprecio de los zamoranos por los eventos culturales de alto nivel.<\/strong><\/p>\n\n\n\n<p><strong>El presidente Carlos Soto, destac\u00f3 la importancia de este tipo de presentaciones, agradeciendo al Secretario rde Turismo del Estado, Ricardo Monroy Garc\u00eda, por facilitar el evento. \u201cPor eventos de esta talla, Zamora est\u00e1 en boca de todos. Gracias al Maestro Di Blasio por deleitarnos con su talento\u201d, expres\u00f3 Soto.<\/strong><\/p>\n\n\n\n<p><strong>El pianista no estuvo solo en el escenario; estuvo acompa\u00f1ado por el Mariachi Ordaz de Pur\u00e9pero, el cantautor Zarco R\u00edos, la cantante Mariela Orozco y la mezzo-soprano Zayra Ruiz. Juntos, ofrecieron un repertorio que fusion\u00f3 la maestr\u00eda del piano con la riqueza de la m\u00fasica regional mexicana, cautivando al p\u00fablico que llen\u00f3 el teatro.<\/strong><\/p>\n\n\n\n<p><strong>Este exitoso concierto no solo celebra el arte, sino que tambi\u00e9n resalta el potencial cultural de Zamora como un destino atractivo para eventos de gran calibre.<\/strong><\/p>\n\n\n\n<p><a href=\"https:\/\/www.facebook.com\/photo\/?fbid=833530818948752&amp;set=pcb.833531178948716&amp;__cft__[0]=AZUkcUjXGJH0dJO2dLlMiVl4klufe4l_iuf8OtqgYcgAtya2rGhn9JgpPfIfQDAL-o7SOSDfgMnr6z4Qh1RqMq_qjOVThIkalXKtQqywKTeV8U3SIRDUF5AZ-0r7BqrxHpV-rmCrfvRAiy3X5VBMAMW_4QVZP3rbXK-HzsDRaL2O1jt_S74Dx5B8-6u4tGWxDx0&amp;__tn__=*bH-R\"><\/a><\/p>\n\n\n\n<figure class=\"wp-block-image\"><a href=\"https:\/\/www.facebook.com\/photo\/?fbid=833530818948752&amp;set=pcb.833531178948716&amp;__cft__[0]=AZUkcUjXGJH0dJO2dLlMiVl4klufe4l_iuf8OtqgYcgAtya2rGhn9JgpPfIfQDAL-o7SOSDfgMnr6z4Qh1RqMq_qjOVThIkalXKtQqywKTeV8U3SIRDUF5AZ-0r7BqrxHpV-rmCrfvRAiy3X5VBMAMW_4QVZP3rbXK-HzsDRaL2O1jt_S74Dx5B8-6u4tGWxDx0&amp;__tn__=*bH-R\"><img decoding=\"async\" src=\"https:\/\/scontent.fzmm2-1.fna.fbcdn.net\/v\/t39.30808-6\/462694612_833530822282085_6834338319072501421_n.jpg?stp=dst-jpg_p526x395&amp;_nc_cat=109&amp;ccb=1-7&amp;_nc_sid=833d8c&amp;_nc_eui2=AeHLJlaCeuV7xn3P_3YmQCO5WT0Y_VV-n-RZPRj9VX6f5J7R19XSm_Ot68mIGGF2LGcEgBTBxhYX6NOGxRGbor74&amp;_nc_ohc=thXbM6bvHSgQ7kNvgGJwiHO&amp;_nc_ht=scontent.fzmm2-1.fna&amp;_nc_gid=ABfjpFvO4tatS8HR9gIk-Kx&amp;oh=00_AYB-bOVWUJOK1iyJCnddZ0t8SQ6TJ7v-KMzbwyo8RQMksA&amp;oe=670F6F80\" alt=\"\"\/><\/a><\/figure>\n\n\n\n<p><a href=\"https:\/\/www.facebook.com\/photo\/?fbid=833530882282079&amp;set=pcb.833531178948716&amp;__cft__[0]=AZUkcUjXGJH0dJO2dLlMiVl4klufe4l_iuf8OtqgYcgAtya2rGhn9JgpPfIfQDAL-o7SOSDfgMnr6z4Qh1RqMq_qjOVThIkalXKtQqywKTeV8U3SIRDUF5AZ-0r7BqrxHpV-rmCrfvRAiy3X5VBMAMW_4QVZP3rbXK-HzsDRaL2O1jt_S74Dx5B8-6u4tGWxDx0&amp;__tn__=*bH-R\"><\/a><\/p>\n\n\n\n<figure class=\"wp-block-image\"><a href=\"https:\/\/www.facebook.com\/photo\/?fbid=833530882282079&amp;set=pcb.833531178948716&amp;__cft__[0]=AZUkcUjXGJH0dJO2dLlMiVl4klufe4l_iuf8OtqgYcgAtya2rGhn9JgpPfIfQDAL-o7SOSDfgMnr6z4Qh1RqMq_qjOVThIkalXKtQqywKTeV8U3SIRDUF5AZ-0r7BqrxHpV-rmCrfvRAiy3X5VBMAMW_4QVZP3rbXK-HzsDRaL2O1jt_S74Dx5B8-6u4tGWxDx0&amp;__tn__=*bH-R\"><img decoding=\"async\" src=\"https:\/\/scontent.fzmm2-1.fna.fbcdn.net\/v\/t39.30808-6\/462773707_833530888948745_312793454021356932_n.jpg?stp=dst-jpg_p526x395&amp;_nc_cat=105&amp;ccb=1-7&amp;_nc_sid=833d8c&amp;_nc_eui2=AeGtYFCQGnJ_cUeeJM2CK3W8BwoLEmqErVsHCgsSaoStWxb9f-eXjik9jYgYcG4oklTN77QgSjTEmlgQ3FHQBp9I&amp;_nc_ohc=42k6t04ilcAQ7kNvgHz9MTB&amp;_nc_ht=scontent.fzmm2-1.fna&amp;_nc_gid=ABfjpFvO4tatS8HR9gIk-Kx&amp;oh=00_AYDmlRMYf6LNnYqNbzX8o4T4olZGsnPjX3d5iadtIGcAvA&amp;oe=670F8938\" alt=\"\"\/><\/a><\/figure>\n\n\n\n<p><a href=\"https:\/\/www.facebook.com\/photo\/?fbid=833530928948741&amp;set=pcb.833531178948716&amp;__cft__[0]=AZUkcUjXGJH0dJO2dLlMiVl4klufe4l_iuf8OtqgYcgAtya2rGhn9JgpPfIfQDAL-o7SOSDfgMnr6z4Qh1RqMq_qjOVThIkalXKtQqywKTeV8U3SIRDUF5AZ-0r7BqrxHpV-rmCrfvRAiy3X5VBMAMW_4QVZP3rbXK-HzsDRaL2O1jt_S74Dx5B8-6u4tGWxDx0&amp;__tn__=*bH-R\"><\/a><\/p>\n\n\n\n<figure class=\"wp-block-image\"><a href=\"https:\/\/www.facebook.com\/photo\/?fbid=833530928948741&amp;set=pcb.833531178948716&amp;__cft__[0]=AZUkcUjXGJH0dJO2dLlMiVl4klufe4l_iuf8OtqgYcgAtya2rGhn9JgpPfIfQDAL-o7SOSDfgMnr6z4Qh1RqMq_qjOVThIkalXKtQqywKTeV8U3SIRDUF5AZ-0r7BqrxHpV-rmCrfvRAiy3X5VBMAMW_4QVZP3rbXK-HzsDRaL2O1jt_S74Dx5B8-6u4tGWxDx0&amp;__tn__=*bH-R\"><img decoding=\"async\" src=\"https:\/\/scontent.fzmm2-1.fna.fbcdn.net\/v\/t39.30808-6\/462695085_833530935615407_1227404133038548026_n.jpg?stp=dst-jpg_p526x395&amp;_nc_cat=105&amp;ccb=1-7&amp;_nc_sid=833d8c&amp;_nc_eui2=AeHUzM-NOqu4784-ZjzjaaqqsBahf5G_aVqwFqF_kb9pWl8hoMWRlqEC7jeUb4BfbqVZH-xdTnTpzU1TqPJ2yhP3&amp;_nc_ohc=o8JNgVFhvZ8Q7kNvgFUrP50&amp;_nc_ht=scontent.fzmm2-1.fna&amp;_nc_gid=ABfjpFvO4tatS8HR9gIk-Kx&amp;oh=00_AYB4CSUWUDtWmeO8NAcIya5ePDaXNB11VqgnTJk92InkJA&amp;oe=670F8026\" alt=\"\"\/><\/a><\/figure>\n\n\n\n<p><a href=\"https:\/\/www.facebook.com\/photo\/?fbid=833530968948737&amp;set=pcb.833531178948716&amp;__cft__[0]=AZUkcUjXGJH0dJO2dLlMiVl4klufe4l_iuf8OtqgYcgAtya2rGhn9JgpPfIfQDAL-o7SOSDfgMnr6z4Qh1RqMq_qjOVThIkalXKtQqywKTeV8U3SIRDUF5AZ-0r7BqrxHpV-rmCrfvRAiy3X5VBMAMW_4QVZP3rbXK-HzsDRaL2O1jt_S74Dx5B8-6u4tGWxDx0&amp;__tn__=*bH-R\"><\/a><\/p>\n\n\n\n<p><a href=\"https:\/\/www.facebook.com\/photo\/?fbid=833531012282066&amp;set=pcb.833531178948716&amp;__cft__[0]=AZUkcUjXGJH0dJO2dLlMiVl4klufe4l_iuf8OtqgYcgAtya2rGhn9JgpPfIfQDAL-o7SOSDfgMnr6z4Qh1RqMq_qjOVThIkalXKtQqywKTeV8U3SIRDUF5AZ-0r7BqrxHpV-rmCrfvRAiy3X5VBMAMW_4QVZP3rbXK-HzsDRaL2O1jt_S74Dx5B8-6u4tGWxDx0&amp;__tn__=*bH-R\"><\/a><\/p>\n\n\n\n<figure class=\"wp-block-image\"><a href=\"https:\/\/www.facebook.com\/photo\/?fbid=833531012282066&amp;set=pcb.833531178948716&amp;__cft__[0]=AZUkcUjXGJH0dJO2dLlMiVl4klufe4l_iuf8OtqgYcgAtya2rGhn9JgpPfIfQDAL-o7SOSDfgMnr6z4Qh1RqMq_qjOVThIkalXKtQqywKTeV8U3SIRDUF5AZ-0r7BqrxHpV-rmCrfvRAiy3X5VBMAMW_4QVZP3rbXK-HzsDRaL2O1jt_S74Dx5B8-6u4tGWxDx0&amp;__tn__=*bH-R\"><img decoding=\"async\" src=\"https:\/\/scontent.fzmm2-1.fna.fbcdn.net\/v\/t39.30808-6\/462804973_833531015615399_1752063701464698038_n.jpg?stp=dst-jpg_s600x600&amp;_nc_cat=111&amp;ccb=1-7&amp;_nc_sid=833d8c&amp;_nc_eui2=AeE2Lbv98Lroo5UQwMg-ktf5mknqy9a85GKaSerL1rzkYuIUUhQ-8Ra2nSWjeH5DfLriQzJpO_TAOHczYFhbu3l_&amp;_nc_ohc=YZYldd9heKMQ7kNvgGkRd3n&amp;_nc_ht=scontent.fzmm2-1.fna&amp;_nc_gid=ABfjpFvO4tatS8HR9gIk-Kx&amp;oh=00_AYClMRQc60toFGIHg-B2SF2j-zp0NFPhFWEh2C2XWARUVw&amp;oe=670F837F\" alt=\"\"\/><\/a><\/figure>\n\n\n\n<p><a href=\"https:\/\/www.facebook.com\/photo\/?fbid=833531012282066&amp;set=pcb.833531178948716&amp;__cft__[0]=AZUkcUjXGJH0dJO2dLlMiVl4klufe4l_iuf8OtqgYcgAtya2rGhn9JgpPfIfQDAL-o7SOSDfgMnr6z4Qh1RqMq_qjOVThIkalXKtQqywKTeV8U3SIRDUF5AZ-0r7BqrxHpV-rmCrfvRAiy3X5VBMAMW_4QVZP3rbXK-HzsDRaL2O1jt_S74Dx5B8-6u4tGWxDx0&amp;__tn__=*bH-R\">+4<\/a><\/p>\n","protected":false},"excerpt":{"rendered":"<p>Redacci\u00f3n \/ El Pregonero TV Zamora, Michoac\u00e1n, 10 de octubre de 2024. \u2013 El Teatro Obrero de Zamora se convirti\u00f3 en el escenario de una velada m\u00e1gica, con el reconocido pianista argentino Ra\u00fal Di Blasio, conocido como el \u201cPiano de Am\u00e9rica\u201d, llenando el recinto en su gira Piano \u00cdntimo Tour 2024. Durante su actuaci\u00f3n, Di [&hellip;]<\/p>\n","protected":false},"author":2,"featured_media":9992,"comment_status":"open","ping_status":"open","sticky":false,"template":"","format":"standard","meta":{"footnotes":"","_rishi_post_view_count":876},"categories":[8],"tags":[467,466],"class_list":["post-9991","post","type-post","status-publish","format-standard","has-post-thumbnail","hentry","category-zamora","tag-deleita-a-a-los-zamoranos","tag-raul-diblasio"],"comments_count":"0","_links":{"self":[{"href":"https:\/\/elpregonerodezamora.com\/index.php\/wp-json\/wp\/v2\/posts\/9991","targetHints":{"allow":["GET"]}}],"collection":[{"href":"https:\/\/elpregonerodezamora.com\/index.php\/wp-json\/wp\/v2\/posts"}],"about":[{"href":"https:\/\/elpregonerodezamora.com\/index.php\/wp-json\/wp\/v2\/types\/post"}],"author":[{"embeddable":true,"href":"https:\/\/elpregonerodezamora.com\/index.php\/wp-json\/wp\/v2\/users\/2"}],"replies":[{"embeddable":true,"href":"https:\/\/elpregonerodezamora.com\/index.php\/wp-json\/wp\/v2\/comments?post=9991"}],"version-history":[{"count":1,"href":"https:\/\/elpregonerodezamora.com\/index.php\/wp-json\/wp\/v2\/posts\/9991\/revisions"}],"predecessor-version":[{"id":9993,"href":"https:\/\/elpregonerodezamora.com\/index.php\/wp-json\/wp\/v2\/posts\/9991\/revisions\/9993"}],"wp:featuredmedia":[{"embeddable":true,"href":"https:\/\/elpregonerodezamora.com\/index.php\/wp-json\/wp\/v2\/media\/9992"}],"wp:attachment":[{"href":"https:\/\/elpregonerodezamora.com\/index.php\/wp-json\/wp\/v2\/media?parent=9991"}],"wp:term":[{"taxonomy":"category","embeddable":true,"href":"https:\/\/elpregonerodezamora.com\/index.php\/wp-json\/wp\/v2\/categories?post=9991"},{"taxonomy":"post_tag","embeddable":true,"href":"https:\/\/elpregonerodezamora.com\/index.php\/wp-json\/wp\/v2\/tags?post=9991"}],"curies":[{"name":"wp","href":"https:\/\/api.w.org\/{rel}","templated":true}]}}