{"id":9979,"date":"2024-10-11T00:01:44","date_gmt":"2024-10-11T00:01:44","guid":{"rendered":"https:\/\/elpregonerodezamora.com\/?p=9979"},"modified":"2024-10-11T00:01:45","modified_gmt":"2024-10-11T00:01:45","slug":"exitoso-y-concurrido-el-programa-tu-voz-mi-compromiso-para-atender-a-los-zamoranos","status":"publish","type":"post","link":"https:\/\/elpregonerodezamora.com\/index.php\/2024\/10\/11\/exitoso-y-concurrido-el-programa-tu-voz-mi-compromiso-para-atender-a-los-zamoranos\/","title":{"rendered":"EXITOSO Y CONCURRIDO EL PROGRAMA &#8220;TU VOZ MI COMPROMISO&#8221; PARA ATENDER A LOS ZAMORANOS"},"content":{"rendered":"\n<p style=\"font-size:25px\"><strong>,* Carlos Soto Delgado destaca la importancia del contacto directo con la ciudadan\u00eda<\/strong><\/p>\n\n\n\n<p><strong>Redacci\u00f3n \/ El Pregonero TV<\/strong><\/p>\n\n\n\n<p><strong><em>Zamora, Michoac\u00e1n, 10 de octubre de 2024. Con gran aceptaci\u00f3n, el Buen Gobierno ha puesto en marcha el programa &#8220;Tu Voz mi Compromiso&#8221;, cuyo objetivo es escuchar y atender de manera directa las necesidades de los habitantes del municipio.<\/em><\/strong><\/p>\n\n\n\n<p><strong><em>Durante la inauguraci\u00f3n del programa, celebrada en la plaza principal, el presidente, Carlos Soto Delgado, resalt\u00f3 la relevancia de esta iniciativa para garantizar una mejor calidad de vida a los zamoranos.<\/em><\/strong><\/p>\n\n\n\n<p><strong><em>Soto Delgado explic\u00f3 que el programa ser\u00e1 itinerante, realiz\u00e1ndose una vez por semana en distintos puntos del municipio, lo que permitir\u00e1 abarcar una amplia gama de sectores y comunidades. En cada jornada participar\u00e1n diversas \u00e1reas clave del gobierno municipal, incluyendo el DIF, Juventud, Deportes, Educaci\u00f3n y Cultura, Protecci\u00f3n Animal, Protecci\u00f3n Civil, Seguridad P\u00fablica, adem\u00e1s de las dependencias de Planeaci\u00f3n, Obras P\u00fablicas, Salud, Desarrollo Social, Servicios P\u00fablicos, y otras.<\/em><\/strong><\/p>\n\n\n\n<p><strong><em>El presidente subray\u00f3 que la intenci\u00f3n es recoger de primera mano las inquietudes y necesidades en t\u00e9rminos de servicios p\u00fablicos, as\u00ed como en temas espec\u00edficos que afectan a cada comunidad. &#8220;Es fundamental estar cerca de los zamoranos para conocer sus carencias y poder ofrecer soluciones r\u00e1pidas y efectivas&#8221;, se\u00f1al\u00f3 Soto Delgado.<\/em><\/strong><\/p>\n\n\n\n<p><strong><em>El programa &#8220;Tu Voz mi Compromiso&#8221; se basa en un enfoque de contacto directo con la ciudadan\u00eda, un m\u00e9todo que ha mostrado ser exitoso en anteriores administraciones. Soto Delgado destac\u00f3 que la participaci\u00f3n activa de los ciudadanos es esencial para mejorar la gesti\u00f3n p\u00fablica, y asegur\u00f3 que su gobierno continuar\u00e1 trabajando en un sistema integral que permita una respuesta r\u00e1pida y eficiente a las demandas de los zamoranos.<\/em><\/strong><\/p>\n\n\n\n<p><strong><em>Finalmente, Soto Delgado afirm\u00f3 que esta iniciativa forma parte de una estrategia m\u00e1s amplia del Buen Gobierno para reforzar la comunicaci\u00f3n entre las autoridades y los habitantes del municipio, y para proyectar acciones y obras de beneficio colectivo que impulsen el desarrollo de Zamora.<\/em><\/strong><\/p>\n\n\n\n<p><a href=\"https:\/\/www.facebook.com\/photo\/?fbid=832904522344715&amp;set=pcb.832904759011358&amp;__cft__[0]=AZVJjMHIGjmuTfUKwlhU2S0lGDQw3S-Afqi9GcyKB0UdBkv1WbP0ZjYC4iLMDK3mwR3KXtmb8cEZmnltL1_1dY0vx2zCisKI1tkdxMn0IRqtDf-rRDyPaTjIDVPSpoythJJw6q6vNvX8fnyciKsvmVrq_k_Acu3Ud_XCehlZB1Ha25yncxbunUa5iRv1t8yIcIc&amp;__tn__=*bH-R\"><\/a><\/p>\n\n\n\n<p><a href=\"https:\/\/www.facebook.com\/photo\/?fbid=832904569011377&amp;set=pcb.832904759011358&amp;__cft__[0]=AZVJjMHIGjmuTfUKwlhU2S0lGDQw3S-Afqi9GcyKB0UdBkv1WbP0ZjYC4iLMDK3mwR3KXtmb8cEZmnltL1_1dY0vx2zCisKI1tkdxMn0IRqtDf-rRDyPaTjIDVPSpoythJJw6q6vNvX8fnyciKsvmVrq_k_Acu3Ud_XCehlZB1Ha25yncxbunUa5iRv1t8yIcIc&amp;__tn__=*bH-R\"><\/a><\/p>\n\n\n\n<figure class=\"wp-block-image\"><a href=\"https:\/\/www.facebook.com\/photo\/?fbid=832904569011377&amp;set=pcb.832904759011358&amp;__cft__[0]=AZVJjMHIGjmuTfUKwlhU2S0lGDQw3S-Afqi9GcyKB0UdBkv1WbP0ZjYC4iLMDK3mwR3KXtmb8cEZmnltL1_1dY0vx2zCisKI1tkdxMn0IRqtDf-rRDyPaTjIDVPSpoythJJw6q6vNvX8fnyciKsvmVrq_k_Acu3Ud_XCehlZB1Ha25yncxbunUa5iRv1t8yIcIc&amp;__tn__=*bH-R\"><img decoding=\"async\" src=\"https:\/\/scontent.fzmm2-1.fna.fbcdn.net\/v\/t39.30808-6\/462528588_832904572344710_7466806835561101511_n.jpg?stp=dst-jpg_p526x395&amp;_nc_cat=110&amp;ccb=1-7&amp;_nc_sid=833d8c&amp;_nc_eui2=AeG28DU5W5KuwMXRJ5l4v2B_UjwwlWLUzC5SPDCVYtTMLjfZDmbHoXzRBzrA3_rMr3et0rHoTTyDxmXhsRb31RGf&amp;_nc_ohc=iYTh9ncrD8oQ7kNvgG9i4Q2&amp;_nc_ht=scontent.fzmm2-1.fna&amp;_nc_gid=AdEcMs6YZBRrnkE4oQiDELL&amp;oh=00_AYAyo5nIpVbgJMecWHJ8dAsxC62MV-lnAelMqSngRI_e3g&amp;oe=670E4177\" alt=\"\"\/><\/a><\/figure>\n\n\n\n<p><a href=\"https:\/\/www.facebook.com\/photo\/?fbid=832904605678040&amp;set=pcb.832904759011358&amp;__cft__[0]=AZVJjMHIGjmuTfUKwlhU2S0lGDQw3S-Afqi9GcyKB0UdBkv1WbP0ZjYC4iLMDK3mwR3KXtmb8cEZmnltL1_1dY0vx2zCisKI1tkdxMn0IRqtDf-rRDyPaTjIDVPSpoythJJw6q6vNvX8fnyciKsvmVrq_k_Acu3Ud_XCehlZB1Ha25yncxbunUa5iRv1t8yIcIc&amp;__tn__=*bH-R\"><\/a><\/p>\n\n\n\n<figure class=\"wp-block-image\"><a href=\"https:\/\/www.facebook.com\/photo\/?fbid=832904605678040&amp;set=pcb.832904759011358&amp;__cft__[0]=AZVJjMHIGjmuTfUKwlhU2S0lGDQw3S-Afqi9GcyKB0UdBkv1WbP0ZjYC4iLMDK3mwR3KXtmb8cEZmnltL1_1dY0vx2zCisKI1tkdxMn0IRqtDf-rRDyPaTjIDVPSpoythJJw6q6vNvX8fnyciKsvmVrq_k_Acu3Ud_XCehlZB1Ha25yncxbunUa5iRv1t8yIcIc&amp;__tn__=*bH-R\"><img decoding=\"async\" src=\"https:\/\/scontent.fzmm2-1.fna.fbcdn.net\/v\/t39.30808-6\/462700638_832904609011373_7023616776937166340_n.jpg?stp=dst-jpg_p526x395&amp;_nc_cat=111&amp;ccb=1-7&amp;_nc_sid=833d8c&amp;_nc_eui2=AeHvpKuy7DhX_90bUWL75jsSsFLFgCGGmtywUsWAIYaa3BsDzq8N_nAxB7qYL7emrrPviU2yLoC2wsnB_10aIvtJ&amp;_nc_ohc=ZFOi3MbAhmIQ7kNvgEMMuhx&amp;_nc_ht=scontent.fzmm2-1.fna&amp;_nc_gid=AdEcMs6YZBRrnkE4oQiDELL&amp;oh=00_AYA56mg9JdShqjKmd4mr0ODKn1D5N7Q19Smb97MGsgXeeA&amp;oe=670E26EF\" alt=\"\"\/><\/a><\/figure>\n\n\n\n<p><a href=\"https:\/\/www.facebook.com\/photo\/?fbid=832904645678036&amp;set=pcb.832904759011358&amp;__cft__[0]=AZVJjMHIGjmuTfUKwlhU2S0lGDQw3S-Afqi9GcyKB0UdBkv1WbP0ZjYC4iLMDK3mwR3KXtmb8cEZmnltL1_1dY0vx2zCisKI1tkdxMn0IRqtDf-rRDyPaTjIDVPSpoythJJw6q6vNvX8fnyciKsvmVrq_k_Acu3Ud_XCehlZB1Ha25yncxbunUa5iRv1t8yIcIc&amp;__tn__=*bH-R\"><\/a><\/p>\n\n\n\n<figure class=\"wp-block-image\"><a href=\"https:\/\/www.facebook.com\/photo\/?fbid=832904645678036&amp;set=pcb.832904759011358&amp;__cft__[0]=AZVJjMHIGjmuTfUKwlhU2S0lGDQw3S-Afqi9GcyKB0UdBkv1WbP0ZjYC4iLMDK3mwR3KXtmb8cEZmnltL1_1dY0vx2zCisKI1tkdxMn0IRqtDf-rRDyPaTjIDVPSpoythJJw6q6vNvX8fnyciKsvmVrq_k_Acu3Ud_XCehlZB1Ha25yncxbunUa5iRv1t8yIcIc&amp;__tn__=*bH-R\"><img decoding=\"async\" src=\"https:\/\/scontent.fzmm2-1.fna.fbcdn.net\/v\/t39.30808-6\/462709859_832904649011369_6608281554030262292_n.jpg?stp=dst-jpg_p526x395&amp;_nc_cat=100&amp;ccb=1-7&amp;_nc_sid=833d8c&amp;_nc_eui2=AeH5tZWtPGuVn8vKl9os-XA0MbcGfLt2zYIxtwZ8u3bNgt_wbRIE83T5gBYBDOASbiSd-lMzt5BlPhbpX2GXwh-b&amp;_nc_ohc=oq1n4w14rCQQ7kNvgG5zvQi&amp;_nc_ht=scontent.fzmm2-1.fna&amp;_nc_gid=AdEcMs6YZBRrnkE4oQiDELL&amp;oh=00_AYCWPC_1657LQrX-4_EbTrcddq0pSf29msfvuk8zrL-s1A&amp;oe=670E4803\" alt=\"\"\/><\/a><\/figure>\n\n\n\n<p><a href=\"https:\/\/www.facebook.com\/photo\/?fbid=832904682344699&amp;set=pcb.832904759011358&amp;__cft__[0]=AZVJjMHIGjmuTfUKwlhU2S0lGDQw3S-Afqi9GcyKB0UdBkv1WbP0ZjYC4iLMDK3mwR3KXtmb8cEZmnltL1_1dY0vx2zCisKI1tkdxMn0IRqtDf-rRDyPaTjIDVPSpoythJJw6q6vNvX8fnyciKsvmVrq_k_Acu3Ud_XCehlZB1Ha25yncxbunUa5iRv1t8yIcIc&amp;__tn__=*bH-R\"><\/a><\/p>\n\n\n\n<figure class=\"wp-block-image\"><a href=\"https:\/\/www.facebook.com\/photo\/?fbid=832904682344699&amp;set=pcb.832904759011358&amp;__cft__[0]=AZVJjMHIGjmuTfUKwlhU2S0lGDQw3S-Afqi9GcyKB0UdBkv1WbP0ZjYC4iLMDK3mwR3KXtmb8cEZmnltL1_1dY0vx2zCisKI1tkdxMn0IRqtDf-rRDyPaTjIDVPSpoythJJw6q6vNvX8fnyciKsvmVrq_k_Acu3Ud_XCehlZB1Ha25yncxbunUa5iRv1t8yIcIc&amp;__tn__=*bH-R\"><img decoding=\"async\" src=\"https:\/\/scontent.fzmm2-1.fna.fbcdn.net\/v\/t39.30808-6\/462659572_832904685678032_7402173955916183076_n.jpg?stp=dst-jpg_p526x395&amp;_nc_cat=108&amp;ccb=1-7&amp;_nc_sid=833d8c&amp;_nc_eui2=AeG07c7QZl3It42mcqcJGL5yYnVrPzqtVWJidWs_Oq1VYm1zO7uzUJPjRpKABbwFEX4fwXpeNH7K-lj03ZRaAm3A&amp;_nc_ohc=-_cWpb2g9nIQ7kNvgHMS5hV&amp;_nc_ht=scontent.fzmm2-1.fna&amp;_nc_gid=AdEcMs6YZBRrnkE4oQiDELL&amp;oh=00_AYBegtJN2X4-ADTkQtm-cHmtlw3PtocZabsEw0Fe_4T6Uw&amp;oe=670E2D5E\" alt=\"\"\/><\/a><\/figure>\n\n\n\n<p><a href=\"https:\/\/www.facebook.com\/photo\/?fbid=832904682344699&amp;set=pcb.832904759011358&amp;__cft__[0]=AZVJjMHIGjmuTfUKwlhU2S0lGDQw3S-Afqi9GcyKB0UdBkv1WbP0ZjYC4iLMDK3mwR3KXtmb8cEZmnltL1_1dY0vx2zCisKI1tkdxMn0IRqtDf-rRDyPaTjIDVPSpoythJJw6q6vNvX8fnyciKsvmVrq_k_Acu3Ud_XCehlZB1Ha25yncxbunUa5iRv1t8yIcIc&amp;__tn__=*bH-R\">+2<\/a><\/p>\n","protected":false},"excerpt":{"rendered":"<p>,* Carlos Soto Delgado destaca la importancia del contacto directo con la ciudadan\u00eda Redacci\u00f3n \/ El Pregonero TV Zamora, Michoac\u00e1n, 10 de octubre de 2024. Con gran aceptaci\u00f3n, el Buen Gobierno ha puesto en marcha el programa &#8220;Tu Voz mi Compromiso&#8221;, cuyo objetivo es escuchar y atender de manera directa las necesidades de los habitantes [&hellip;]<\/p>\n","protected":false},"author":2,"featured_media":9980,"comment_status":"open","ping_status":"open","sticky":false,"template":"","format":"standard","meta":{"footnotes":"","_rishi_post_view_count":542},"categories":[8],"tags":[],"class_list":["post-9979","post","type-post","status-publish","format-standard","has-post-thumbnail","hentry","category-zamora"],"comments_count":"0","_links":{"self":[{"href":"https:\/\/elpregonerodezamora.com\/index.php\/wp-json\/wp\/v2\/posts\/9979","targetHints":{"allow":["GET"]}}],"collection":[{"href":"https:\/\/elpregonerodezamora.com\/index.php\/wp-json\/wp\/v2\/posts"}],"about":[{"href":"https:\/\/elpregonerodezamora.com\/index.php\/wp-json\/wp\/v2\/types\/post"}],"author":[{"embeddable":true,"href":"https:\/\/elpregonerodezamora.com\/index.php\/wp-json\/wp\/v2\/users\/2"}],"replies":[{"embeddable":true,"href":"https:\/\/elpregonerodezamora.com\/index.php\/wp-json\/wp\/v2\/comments?post=9979"}],"version-history":[{"count":1,"href":"https:\/\/elpregonerodezamora.com\/index.php\/wp-json\/wp\/v2\/posts\/9979\/revisions"}],"predecessor-version":[{"id":9981,"href":"https:\/\/elpregonerodezamora.com\/index.php\/wp-json\/wp\/v2\/posts\/9979\/revisions\/9981"}],"wp:featuredmedia":[{"embeddable":true,"href":"https:\/\/elpregonerodezamora.com\/index.php\/wp-json\/wp\/v2\/media\/9980"}],"wp:attachment":[{"href":"https:\/\/elpregonerodezamora.com\/index.php\/wp-json\/wp\/v2\/media?parent=9979"}],"wp:term":[{"taxonomy":"category","embeddable":true,"href":"https:\/\/elpregonerodezamora.com\/index.php\/wp-json\/wp\/v2\/categories?post=9979"},{"taxonomy":"post_tag","embeddable":true,"href":"https:\/\/elpregonerodezamora.com\/index.php\/wp-json\/wp\/v2\/tags?post=9979"}],"curies":[{"name":"wp","href":"https:\/\/api.w.org\/{rel}","templated":true}]}}