{"id":9948,"date":"2024-10-08T23:36:22","date_gmt":"2024-10-08T23:36:22","guid":{"rendered":"https:\/\/elpregonerodezamora.com\/?p=9948"},"modified":"2024-10-08T23:36:23","modified_gmt":"2024-10-08T23:36:23","slug":"mujeres-con-cancer-de-mama-y-cervicouterino-de-tangancicuaro-no-estan-solas","status":"publish","type":"post","link":"https:\/\/elpregonerodezamora.com\/index.php\/2024\/10\/08\/mujeres-con-cancer-de-mama-y-cervicouterino-de-tangancicuaro-no-estan-solas\/","title":{"rendered":"MUJERES CON C\u00c1NCER DE MAMA Y CERVICOUTERINO DE TANGANC\u00cdCUARO, NO EST\u00c1N SOLAS"},"content":{"rendered":"\n<p><strong>Redacci\u00f3n \/ El Pregonero TV<\/strong><\/p>\n\n\n\n<p><strong><em>Tanganc\u00edcuaro, Mich., 8\/octubre\/2024.- El Gobierno de <a href=\"https:\/\/www.facebook.com\/hashtag\/tanganc%C3%ADcuaro?__eep__=6&amp;__cft__[0]=AZXJXcrz43k1wDGQPwzi8yJbA2ClCYnfpCYHMumJRopnfM4ipQwlwLLtA4isBmCRJkTGvvnBKFk740aFCAr3_2AYZ0bGIF5P2p16pPISu8HKE_6GbAhOhypIfCQVZOSlfPbcR6OS65c4unNAoydAzeJnCex39mfYgActmuiBRM8QtCR9WzVRfkX41NddexZagic&amp;__tn__=*NK-R\">#Tanganc\u00edcuaro<\/a> que preside, Arturo Hern\u00e1ndez, a trav\u00e9s de la Direcci\u00f3n de Desarrollo Social, pone a disposici\u00f3n de la ciudadan\u00eda el Programa para el Bienestar de Mujeres con C\u00e1ncer de Mama y\/o Cervicouterino Invasor, as\u00ed como el Programa para Familias Cuidadoras de Ni\u00f1os Con C\u00e1ncer, mediante los cuales podr\u00e1n acceder a apoyos econ\u00f3micos que les permita sobrellevar los gastos que conlleva el tratamiento de su padecimiento.<\/em><\/strong><\/p>\n\n\n\n<p><strong><em>Para mayor informaci\u00f3n sobre los requisitos, los interesados deben acercarse a las oficinas de la Direcci\u00f3n de Desarrollo Social de lunes a viernes en horario de 8:30 de la ma\u00f1ana a 3 de la tarde.<\/em><\/strong><\/p>\n\n\n\n<p><a href=\"https:\/\/www.facebook.com\/hashtag\/municipioqueinspira?__eep__=6&amp;__cft__[0]=AZXJXcrz43k1wDGQPwzi8yJbA2ClCYnfpCYHMumJRopnfM4ipQwlwLLtA4isBmCRJkTGvvnBKFk740aFCAr3_2AYZ0bGIF5P2p16pPISu8HKE_6GbAhOhypIfCQVZOSlfPbcR6OS65c4unNAoydAzeJnCex39mfYgActmuiBRM8QtCR9WzVRfkX41NddexZagic&amp;__tn__=*NK-R\"><strong>#MunicipioQueInspira<\/strong><\/a><\/p>\n","protected":false},"excerpt":{"rendered":"<p>Redacci\u00f3n \/ El Pregonero TV Tanganc\u00edcuaro, Mich., 8\/octubre\/2024.- El Gobierno de #Tanganc\u00edcuaro que preside, Arturo Hern\u00e1ndez, a trav\u00e9s de la Direcci\u00f3n de Desarrollo Social, pone a disposici\u00f3n de la ciudadan\u00eda el Programa para el Bienestar de Mujeres con C\u00e1ncer de Mama y\/o Cervicouterino Invasor, as\u00ed como el Programa para Familias Cuidadoras de Ni\u00f1os Con C\u00e1ncer, [&hellip;]<\/p>\n","protected":false},"author":2,"featured_media":9949,"comment_status":"open","ping_status":"open","sticky":false,"template":"","format":"standard","meta":{"footnotes":"","_rishi_post_view_count":530},"categories":[30],"tags":[463],"class_list":["post-9948","post","type-post","status-publish","format-standard","has-post-thumbnail","hentry","category-tangancicuaro","tag-mujeres-con-cancer-de-mama-y-cervicouterino-de-tangancicuaro"],"comments_count":"0","_links":{"self":[{"href":"https:\/\/elpregonerodezamora.com\/index.php\/wp-json\/wp\/v2\/posts\/9948","targetHints":{"allow":["GET"]}}],"collection":[{"href":"https:\/\/elpregonerodezamora.com\/index.php\/wp-json\/wp\/v2\/posts"}],"about":[{"href":"https:\/\/elpregonerodezamora.com\/index.php\/wp-json\/wp\/v2\/types\/post"}],"author":[{"embeddable":true,"href":"https:\/\/elpregonerodezamora.com\/index.php\/wp-json\/wp\/v2\/users\/2"}],"replies":[{"embeddable":true,"href":"https:\/\/elpregonerodezamora.com\/index.php\/wp-json\/wp\/v2\/comments?post=9948"}],"version-history":[{"count":1,"href":"https:\/\/elpregonerodezamora.com\/index.php\/wp-json\/wp\/v2\/posts\/9948\/revisions"}],"predecessor-version":[{"id":9950,"href":"https:\/\/elpregonerodezamora.com\/index.php\/wp-json\/wp\/v2\/posts\/9948\/revisions\/9950"}],"wp:featuredmedia":[{"embeddable":true,"href":"https:\/\/elpregonerodezamora.com\/index.php\/wp-json\/wp\/v2\/media\/9949"}],"wp:attachment":[{"href":"https:\/\/elpregonerodezamora.com\/index.php\/wp-json\/wp\/v2\/media?parent=9948"}],"wp:term":[{"taxonomy":"category","embeddable":true,"href":"https:\/\/elpregonerodezamora.com\/index.php\/wp-json\/wp\/v2\/categories?post=9948"},{"taxonomy":"post_tag","embeddable":true,"href":"https:\/\/elpregonerodezamora.com\/index.php\/wp-json\/wp\/v2\/tags?post=9948"}],"curies":[{"name":"wp","href":"https:\/\/api.w.org\/{rel}","templated":true}]}}