{"id":9923,"date":"2024-10-04T23:30:29","date_gmt":"2024-10-04T23:30:29","guid":{"rendered":"https:\/\/elpregonerodezamora.com\/?p=9923"},"modified":"2024-10-04T23:30:30","modified_gmt":"2024-10-04T23:30:30","slug":"ya-viene-la-4ta-concentracion-nacional-de-motociclistas-la-catrina","status":"publish","type":"post","link":"https:\/\/elpregonerodezamora.com\/index.php\/2024\/10\/04\/ya-viene-la-4ta-concentracion-nacional-de-motociclistas-la-catrina\/","title":{"rendered":"YA VIENE LA 4ta. CONCENTRACI\u00d3N NACIONAL DE MOTOCICLISTAS &#8220;LA CATRINA&#8221;"},"content":{"rendered":"\n<p><strong>Redacci\u00f3n \/ El Pregonero TV<\/strong><\/p>\n\n\n\n<p><strong>Jacona, Mich., 4\/octubre\/2024.- En rueda de prensa, el Presidente Municipal, Isidoro Mosqueda, dio a conocer que los d\u00edas 8 y 9 de noviembre, tendr\u00e1 lugar la 4ta. Concentraci\u00f3n Nacional de Motociclistas, &#8220;La Catrina&#8221;, gran evento que re\u00fane a miles de aficionados a las motos de la regi\u00f3n y de diversas partes del estado y del pa\u00eds.<\/strong><\/p>\n\n\n\n<figure class=\"wp-block-image size-full\"><img loading=\"lazy\" decoding=\"async\" width=\"720\" height=\"409\" src=\"https:\/\/elpregonerodezamora.com\/wp-content\/uploads\/2024\/10\/CONCENTRACIONMOTOCICLISTAS.jpg\" alt=\"\" class=\"wp-image-9924\" srcset=\"https:\/\/elpregonerodezamora.com\/wp-content\/uploads\/2024\/10\/CONCENTRACIONMOTOCICLISTAS.jpg 720w, https:\/\/elpregonerodezamora.com\/wp-content\/uploads\/2024\/10\/CONCENTRACIONMOTOCICLISTAS-300x170.jpg 300w\" sizes=\"auto, (max-width: 720px) 100vw, 720px\" \/><\/figure>\n\n\n\n<p><strong> Con lo recaudado se har\u00e1 una donaci\u00f3n para Bomberos Municipales de Jacona. El edil estuvo Acompa\u00f1ado de la S\u00edndica, Eva Mar\u00eda Pimentel, el Regidor, Francisco Ayala y los representantes de los 11 clubes organizadores Alejandro L\u00f3pez y Alejandro Rodr\u00edguez.<\/strong><\/p>\n\n\n\n<p><strong>Este evento se llevar\u00e1 a cabo en el terreno entre la calzada y el r\u00edo Duero, y contar\u00e1 con m\u00fasica en vivo, venta de alimentos, accesorios para motociclismo y espect\u00e1culos diversos.<\/strong><\/p>\n","protected":false},"excerpt":{"rendered":"<p>Redacci\u00f3n \/ El Pregonero TV Jacona, Mich., 4\/octubre\/2024.- En rueda de prensa, el Presidente Municipal, Isidoro Mosqueda, dio a conocer que los d\u00edas 8 y 9 de noviembre, tendr\u00e1 lugar la 4ta. Concentraci\u00f3n Nacional de Motociclistas, &#8220;La Catrina&#8221;, gran evento que re\u00fane a miles de aficionados a las motos de la regi\u00f3n y de diversas [&hellip;]<\/p>\n","protected":false},"author":2,"featured_media":9925,"comment_status":"open","ping_status":"open","sticky":false,"template":"","format":"standard","meta":{"footnotes":"","_rishi_post_view_count":671},"categories":[12],"tags":[],"class_list":["post-9923","post","type-post","status-publish","format-standard","has-post-thumbnail","hentry","category-jacona"],"comments_count":"0","_links":{"self":[{"href":"https:\/\/elpregonerodezamora.com\/index.php\/wp-json\/wp\/v2\/posts\/9923","targetHints":{"allow":["GET"]}}],"collection":[{"href":"https:\/\/elpregonerodezamora.com\/index.php\/wp-json\/wp\/v2\/posts"}],"about":[{"href":"https:\/\/elpregonerodezamora.com\/index.php\/wp-json\/wp\/v2\/types\/post"}],"author":[{"embeddable":true,"href":"https:\/\/elpregonerodezamora.com\/index.php\/wp-json\/wp\/v2\/users\/2"}],"replies":[{"embeddable":true,"href":"https:\/\/elpregonerodezamora.com\/index.php\/wp-json\/wp\/v2\/comments?post=9923"}],"version-history":[{"count":1,"href":"https:\/\/elpregonerodezamora.com\/index.php\/wp-json\/wp\/v2\/posts\/9923\/revisions"}],"predecessor-version":[{"id":9926,"href":"https:\/\/elpregonerodezamora.com\/index.php\/wp-json\/wp\/v2\/posts\/9923\/revisions\/9926"}],"wp:featuredmedia":[{"embeddable":true,"href":"https:\/\/elpregonerodezamora.com\/index.php\/wp-json\/wp\/v2\/media\/9925"}],"wp:attachment":[{"href":"https:\/\/elpregonerodezamora.com\/index.php\/wp-json\/wp\/v2\/media?parent=9923"}],"wp:term":[{"taxonomy":"category","embeddable":true,"href":"https:\/\/elpregonerodezamora.com\/index.php\/wp-json\/wp\/v2\/categories?post=9923"},{"taxonomy":"post_tag","embeddable":true,"href":"https:\/\/elpregonerodezamora.com\/index.php\/wp-json\/wp\/v2\/tags?post=9923"}],"curies":[{"name":"wp","href":"https:\/\/api.w.org\/{rel}","templated":true}]}}