{"id":9905,"date":"2024-10-04T00:16:42","date_gmt":"2024-10-04T00:16:42","guid":{"rendered":"https:\/\/elpregonerodezamora.com\/?p=9905"},"modified":"2024-10-04T00:16:43","modified_gmt":"2024-10-04T00:16:43","slug":"zamora-sede-de-la-extension-del-xxxvi-festival-de-morelia-miguel-bernal-jimenez","status":"publish","type":"post","link":"https:\/\/elpregonerodezamora.com\/index.php\/2024\/10\/04\/zamora-sede-de-la-extension-del-xxxvi-festival-de-morelia-miguel-bernal-jimenez\/","title":{"rendered":"ZAMORA SEDE DE LA EXTENSI\u00d3N DEL XXXVI FESTIVAL DE MORELIA &#8220;MIGUEL BERNAL JIMENEZ"},"content":{"rendered":"\n<p><strong>Redacci\u00f3n \/ El Pregonero \/TV<\/strong><\/p>\n\n\n\n<p><strong>Zamora, Michoac\u00e1n a 3 de octubre de 2024.- El Buen Gobierno est\u00e1 comprometido en traer eventos de calidad mundial al municipio, para seguir impulsando la cultura y el arte entre todos los ciudadanos, destac\u00f3 el presidente municipal, Carlos Soto Delgado al presentar a Zamora como sede de la extensi\u00f3n del trig\u00e9simo sexto Festival de M\u00fasica de Morelia \u201cMiguel Bernal Jim\u00e9nez\u201d.<\/strong><\/p>\n\n\n\n<p><strong>En evento efectuado en el segundo patio de la presidencia, Soto Delgado anunci\u00f3 que se tendr\u00e1 el honor de albergar a 2 conciertos de nivel internacional, que har\u00e1n que el municipio se encuentre de fiesta a trav\u00e9s de la cultura con la que se pretende fomentar el desarrollo integral de la comunidad, promover el enriquecimiento personal y fortalecer la identidad como zamoranos.<\/strong><\/p>\n\n\n\n<p><strong>Abund\u00f3 que el domingo 17 de noviembre, en el Santuario Guadalupano, a partir de las 8:30 de la noche, se presentar\u00e1 la prestigiosa Sinfon\u00eda de Rotterdam, conformada por m\u00e1s de 50 m\u00fasicos de primer nivel, acompa\u00f1ados de la invitada especial Lara St. John, violinista de renombre internacional, con costo de 800 pesos.<\/strong><\/p>\n\n\n\n<p><strong>El presidente aclar\u00f3 que este concierto tendr\u00e1 una causa noble, ya que lo recaudado ser\u00e1 para beneficiar a la Orquesta y Coro Comunitario de Zamora, para que las ni\u00f1as y ni\u00f1os que la integran sigan desarrollando su talento, accedan a mejores oportunidades art\u00edsticas y se fortalezcan como un ejemplo de esfuerzo y superaci\u00f3n en la comunidad.<\/strong><\/p>\n\n\n\n<p><strong>Agreg\u00f3 que el mi\u00e9rcoles 20 de noviembre, en la Catedral de Zamora, a las 7:30 de la noche, se tendr\u00e1 la presentaci\u00f3n gratuita del ensamble de Arpa de Cristal de origen polaco \u201cGlass Duo\u201d, conjunto \u00fanico especializado en la m\u00fasica con vidrio.<\/strong><\/p>\n\n\n\n<p><strong>En el evento tambi\u00e9n estuvieron presentes la regidora de Educaci\u00f3n, Cultura y Turismo, Paula Ayala Curiel; la titular de la Comisi\u00f3n por la Paz, Claudia Cuadra Victoria; e Ilse Villanueva Calder\u00f3n, gerente art\u00edstica del Festival de M\u00fasica de Morelia \u201cMiguel Bernal Jim\u00e9nez\u201d, quien exhort\u00f3 a los zamoranos a aprovechar esta oportunidad de presenciar acontecimientos culturales de gran talla y tambi\u00e9n apoyar a una noble causa.<\/strong><\/p>\n\n\n\n<p><a href=\"https:\/\/www.facebook.com\/photo\/?fbid=828142939487540&amp;set=pcb.828143302820837&amp;__cft__[0]=AZU-u93IHE-s6PRYx-ciXoxlfmqXzuSu_2HSM-Ys2G1Y4mwZJPOZpmpvUQjK7_cBjp4rKgyQFR2_L9QPMjGxLmlQ_v_NXvenyqIlmyERokrYy0m3Y-csREkecESf11BjRIiSYR6JcQrgoNGxFIv3SldqL8Sjk3EFZ5WqrMkyg6CWCw&amp;__tn__=*bH-R\"><\/a><\/p>\n\n\n\n<p><a href=\"https:\/\/www.facebook.com\/photo\/?fbid=828143092820858&amp;set=pcb.828143302820837&amp;__cft__[0]=AZU-u93IHE-s6PRYx-ciXoxlfmqXzuSu_2HSM-Ys2G1Y4mwZJPOZpmpvUQjK7_cBjp4rKgyQFR2_L9QPMjGxLmlQ_v_NXvenyqIlmyERokrYy0m3Y-csREkecESf11BjRIiSYR6JcQrgoNGxFIv3SldqL8Sjk3EFZ5WqrMkyg6CWCw&amp;__tn__=*bH-R\"><\/a><\/p>\n\n\n\n<figure class=\"wp-block-image\"><a href=\"https:\/\/www.facebook.com\/photo\/?fbid=828143092820858&amp;set=pcb.828143302820837&amp;__cft__[0]=AZU-u93IHE-s6PRYx-ciXoxlfmqXzuSu_2HSM-Ys2G1Y4mwZJPOZpmpvUQjK7_cBjp4rKgyQFR2_L9QPMjGxLmlQ_v_NXvenyqIlmyERokrYy0m3Y-csREkecESf11BjRIiSYR6JcQrgoNGxFIv3SldqL8Sjk3EFZ5WqrMkyg6CWCw&amp;__tn__=*bH-R\"><img decoding=\"async\" src=\"https:\/\/scontent.fzmm2-1.fna.fbcdn.net\/v\/t39.30808-6\/461927053_828143096154191_5990653161007848247_n.jpg?stp=dst-jpg_p526x395&amp;_nc_cat=104&amp;ccb=1-7&amp;_nc_sid=127cfc&amp;_nc_ohc=p5bkLS1aO7oQ7kNvgGAatbn&amp;_nc_ht=scontent.fzmm2-1.fna&amp;_nc_gid=A5_P1HCSB_5_wFQ8Rgo11dz&amp;oh=00_AYA8DUBdlbYxvEFM23vnHUnZMmZBQaqeJlzG6rmgMOlWuQ&amp;oe=6704EEA5\" alt=\"\"\/><\/a><\/figure>\n\n\n\n<p><a href=\"https:\/\/www.facebook.com\/photo\/?fbid=828143212820846&amp;set=pcb.828143302820837&amp;__cft__[0]=AZU-u93IHE-s6PRYx-ciXoxlfmqXzuSu_2HSM-Ys2G1Y4mwZJPOZpmpvUQjK7_cBjp4rKgyQFR2_L9QPMjGxLmlQ_v_NXvenyqIlmyERokrYy0m3Y-csREkecESf11BjRIiSYR6JcQrgoNGxFIv3SldqL8Sjk3EFZ5WqrMkyg6CWCw&amp;__tn__=*bH-R\"><\/a><\/p>\n\n\n\n<figure class=\"wp-block-image\"><a href=\"https:\/\/www.facebook.com\/photo\/?fbid=828143212820846&amp;set=pcb.828143302820837&amp;__cft__[0]=AZU-u93IHE-s6PRYx-ciXoxlfmqXzuSu_2HSM-Ys2G1Y4mwZJPOZpmpvUQjK7_cBjp4rKgyQFR2_L9QPMjGxLmlQ_v_NXvenyqIlmyERokrYy0m3Y-csREkecESf11BjRIiSYR6JcQrgoNGxFIv3SldqL8Sjk3EFZ5WqrMkyg6CWCw&amp;__tn__=*bH-R\"><img decoding=\"async\" src=\"https:\/\/scontent.fzmm2-1.fna.fbcdn.net\/v\/t39.30808-6\/462021736_828143216154179_9070126992627395603_n.jpg?stp=dst-jpg_p526x395&amp;_nc_cat=107&amp;ccb=1-7&amp;_nc_sid=127cfc&amp;_nc_ohc=CkwCm7TlgfIQ7kNvgHjKp-C&amp;_nc_ht=scontent.fzmm2-1.fna&amp;_nc_gid=A5_P1HCSB_5_wFQ8Rgo11dz&amp;oh=00_AYAhCQo7s9DHipkq4RqK5YYMcq975_gRftZsaKTQryte3g&amp;oe=67051D27\" alt=\"\"\/><\/a><\/figure>\n","protected":false},"excerpt":{"rendered":"<p>Redacci\u00f3n \/ El Pregonero \/TV Zamora, Michoac\u00e1n a 3 de octubre de 2024.- El Buen Gobierno est\u00e1 comprometido en traer eventos de calidad mundial al municipio, para seguir impulsando la cultura y el arte entre todos los ciudadanos, destac\u00f3 el presidente municipal, Carlos Soto Delgado al presentar a Zamora como sede de la extensi\u00f3n del [&hellip;]<\/p>\n","protected":false},"author":2,"featured_media":9906,"comment_status":"open","ping_status":"open","sticky":false,"template":"","format":"standard","meta":{"footnotes":"","_rishi_post_view_count":649},"categories":[8],"tags":[],"class_list":["post-9905","post","type-post","status-publish","format-standard","has-post-thumbnail","hentry","category-zamora"],"comments_count":"0","_links":{"self":[{"href":"https:\/\/elpregonerodezamora.com\/index.php\/wp-json\/wp\/v2\/posts\/9905","targetHints":{"allow":["GET"]}}],"collection":[{"href":"https:\/\/elpregonerodezamora.com\/index.php\/wp-json\/wp\/v2\/posts"}],"about":[{"href":"https:\/\/elpregonerodezamora.com\/index.php\/wp-json\/wp\/v2\/types\/post"}],"author":[{"embeddable":true,"href":"https:\/\/elpregonerodezamora.com\/index.php\/wp-json\/wp\/v2\/users\/2"}],"replies":[{"embeddable":true,"href":"https:\/\/elpregonerodezamora.com\/index.php\/wp-json\/wp\/v2\/comments?post=9905"}],"version-history":[{"count":1,"href":"https:\/\/elpregonerodezamora.com\/index.php\/wp-json\/wp\/v2\/posts\/9905\/revisions"}],"predecessor-version":[{"id":9907,"href":"https:\/\/elpregonerodezamora.com\/index.php\/wp-json\/wp\/v2\/posts\/9905\/revisions\/9907"}],"wp:featuredmedia":[{"embeddable":true,"href":"https:\/\/elpregonerodezamora.com\/index.php\/wp-json\/wp\/v2\/media\/9906"}],"wp:attachment":[{"href":"https:\/\/elpregonerodezamora.com\/index.php\/wp-json\/wp\/v2\/media?parent=9905"}],"wp:term":[{"taxonomy":"category","embeddable":true,"href":"https:\/\/elpregonerodezamora.com\/index.php\/wp-json\/wp\/v2\/categories?post=9905"},{"taxonomy":"post_tag","embeddable":true,"href":"https:\/\/elpregonerodezamora.com\/index.php\/wp-json\/wp\/v2\/tags?post=9905"}],"curies":[{"name":"wp","href":"https:\/\/api.w.org\/{rel}","templated":true}]}}