{"id":9898,"date":"2024-10-03T23:39:57","date_gmt":"2024-10-03T23:39:57","guid":{"rendered":"https:\/\/elpregonerodezamora.com\/?p=9898"},"modified":"2024-10-03T23:39:57","modified_gmt":"2024-10-03T23:39:57","slug":"paquete-de-obras-para-jacona-compromiso-cumplido-por-isidoro","status":"publish","type":"post","link":"https:\/\/elpregonerodezamora.com\/index.php\/2024\/10\/03\/paquete-de-obras-para-jacona-compromiso-cumplido-por-isidoro\/","title":{"rendered":"PAQUETE DE OBRAS PARA JACONA; COMPROMISO CUMPLIDO POR ISIDORO"},"content":{"rendered":"\n<p><strong>Redacci\u00f3n \/ El Pregonero TV<\/strong><\/p>\n\n\n\n<p><strong><em>Jacona, Mich., 3\/octubre\/2024.-Cumple el Alcalde, Isidoro Mosqueda, con el compromiso de brindar mejor infraestructura de vialidades y servicios para Jacona. Se inaugur\u00f3 la pavimentaci\u00f3n de la calle Revoluci\u00f3n en la colonia, Nuevo Porvenir, una muy importante obra que generar\u00e1 gran beneficio para la zona y en la que se invirtieron recursos por m\u00e1s de 4 millones, 438 mil, 430 pesos.<\/em><\/strong><\/p>\n\n\n\n<figure class=\"wp-block-image size-full\"><img loading=\"lazy\" decoding=\"async\" width=\"720\" height=\"720\" src=\"https:\/\/elpregonerodezamora.com\/wp-content\/uploads\/2024\/10\/INAUGURAISIDORO-3.jpg\" alt=\"\" class=\"wp-image-9902\" srcset=\"https:\/\/elpregonerodezamora.com\/wp-content\/uploads\/2024\/10\/INAUGURAISIDORO-3.jpg 720w, https:\/\/elpregonerodezamora.com\/wp-content\/uploads\/2024\/10\/INAUGURAISIDORO-3-300x300.jpg 300w, https:\/\/elpregonerodezamora.com\/wp-content\/uploads\/2024\/10\/INAUGURAISIDORO-3-150x150.jpg 150w\" sizes=\"auto, (max-width: 720px) 100vw, 720px\" \/><\/figure>\n\n\n\n<p><strong><em> Gracias a esta obra, cientos de infantes y sus familias que acuden al jard\u00edn de ni\u00f1os, \u201cL\u00e1zaro C\u00e1rdenas\u201d y a la primaria, \u201cSor Juana In\u00e9s de la Cruz\u201d, contar\u00e1n con mejores v\u00edas de acceso a sus planteles.<\/em><\/strong><\/p>\n\n\n\n<p><strong><em>Acompa\u00f1aron al edil los Regidores, Francisco Ayala, Leonardo Paz, Emmanuel Cortez y Daniel Mena; las Regidoras, Mar\u00eda Barriga y Lizbeth Espinoza; la Secretaria del Ayuntamiento, Lic. Laura Olivarez y el encargado de la primaria de la zona, Salvador Mart\u00ednez.<\/em><\/strong><\/p>\n\n\n\n<p style=\"font-size:35px\"><strong>PAVIMENTACI\u00d3N DE CALLE PARACHO<\/strong><\/p>\n\n\n\n<figure class=\"wp-block-image size-large\"><img loading=\"lazy\" decoding=\"async\" width=\"1024\" height=\"1024\" src=\"https:\/\/elpregonerodezamora.com\/wp-content\/uploads\/2024\/10\/INAUGURAISIDORO-2-1024x1024.jpg\" alt=\"\" class=\"wp-image-9900\" srcset=\"https:\/\/elpregonerodezamora.com\/wp-content\/uploads\/2024\/10\/INAUGURAISIDORO-2-1024x1024.jpg 1024w, https:\/\/elpregonerodezamora.com\/wp-content\/uploads\/2024\/10\/INAUGURAISIDORO-2-300x300.jpg 300w, https:\/\/elpregonerodezamora.com\/wp-content\/uploads\/2024\/10\/INAUGURAISIDORO-2-150x150.jpg 150w, https:\/\/elpregonerodezamora.com\/wp-content\/uploads\/2024\/10\/INAUGURAISIDORO-2-768x768.jpg 768w, https:\/\/elpregonerodezamora.com\/wp-content\/uploads\/2024\/10\/INAUGURAISIDORO-2-1536x1536.jpg 1536w, https:\/\/elpregonerodezamora.com\/wp-content\/uploads\/2024\/10\/INAUGURAISIDORO-2.jpg 1600w\" sizes=\"auto, (max-width: 1024px) 100vw, 1024px\" \/><\/figure>\n\n\n\n<p><\/p>\n\n\n\n<p><strong><em>Jacona, Mich., 3\/octubre\/2024.- El Alcalde Isidoro Mosqueda Estrada, junto con autoridades municipales y educativas, llev\u00f3 a cabo la inauguraci\u00f3n de la pavimentaci\u00f3n de la calle Paracho, en la colonia, Los Sabinos, obra de gran beneficio para el entorno y especialmente para generar mejores condiciones de acceso a los alumnos de la escuela Calmecac. En esta obra se tuvo una inversi\u00f3n superior a un mill\u00f3n 733 mil 57 pesos.<\/em><\/strong><\/p>\n\n\n\n<p><strong><em>La Directora del plantel, Mtra. Lorena Gonz\u00e1lez, destac\u00f3 el compromiso cumplido del Edil, para mejorar las vialidades y que en Jacona haya mejores servicios, para beneficio de la ciudadan\u00eda.<\/em><\/strong><\/p>\n\n\n\n<p><strong><em>Mosqueda Estrada estuvo acompa\u00f1ado de la Secretaria del Ayuntamiento, Lic. Laura Olivarez, los Regidores, Francisco Ayala, Emmanuel Cortez, Leonardo Paz y Daniel Mena; las Regidoras Mar\u00eda Barriga, Violeta Herrera y la Directora de la primaria, Calmecac, Mtra. Lorena Gonz\u00e1lez, docentes y alumnos del plante, as\u00ed como padres y madres de familia.<\/em><\/strong><\/p>\n\n\n\n<p><a href=\"https:\/\/www.facebook.com\/hashtag\/continuanloslogrosenjacona?__eep__=6&amp;__cft__[0]=AZVSzBtwHkKPBQ8o8NUeC_zpvKwa7zpeu0xdNZ_ptxS3z4RepP1HAvAENppdeVGqM1shF_aYWUFx7NHHGaZYfOexnl-J8JjX7IuvMv7ZK0z4e95-eOhFHibC99a7rbGreTgn2H0c3l-c4J0dXLboeN84blyWQTBvf04CLQXpozTTJA&amp;__tn__=*NK-R\">#continuanloslogrosenjacona<\/a><\/p>\n\n\n\n<p style=\"font-size:35px\"><strong>PAVIMENTACI\u00d3N DE LA CALLE EMILIO CARRANZA <\/strong><\/p>\n\n\n\n<figure class=\"wp-block-image size-large\"><img loading=\"lazy\" decoding=\"async\" width=\"1024\" height=\"1024\" src=\"https:\/\/elpregonerodezamora.com\/wp-content\/uploads\/2024\/10\/INAUGURAISIDORO-1-1024x1024.jpg\" alt=\"\" class=\"wp-image-9901\" srcset=\"https:\/\/elpregonerodezamora.com\/wp-content\/uploads\/2024\/10\/INAUGURAISIDORO-1-1024x1024.jpg 1024w, https:\/\/elpregonerodezamora.com\/wp-content\/uploads\/2024\/10\/INAUGURAISIDORO-1-300x300.jpg 300w, https:\/\/elpregonerodezamora.com\/wp-content\/uploads\/2024\/10\/INAUGURAISIDORO-1-150x150.jpg 150w, https:\/\/elpregonerodezamora.com\/wp-content\/uploads\/2024\/10\/INAUGURAISIDORO-1-768x768.jpg 768w, https:\/\/elpregonerodezamora.com\/wp-content\/uploads\/2024\/10\/INAUGURAISIDORO-1-1536x1536.jpg 1536w, https:\/\/elpregonerodezamora.com\/wp-content\/uploads\/2024\/10\/INAUGURAISIDORO-1.jpg 1600w\" sizes=\"auto, (max-width: 1024px) 100vw, 1024px\" \/><\/figure>\n\n\n\n<p><\/p>\n\n\n\n<p><strong><em>Jacona, Mich., 3\/octubre\/2024.- Contin\u00faan las obras en <a href=\"https:\/\/www.facebook.com\/hashtag\/jacona?__eep__=6&amp;__cft__[0]=AZWZk8cpLHiSqXj1azBOr8PaIwEQ4qDTN-sTZeOo5oklo9cNNHAC1eh2IKYD5nxO6jh1ix4GJhqiS7qv5nAdiaA1i5Syyu4hJcQuCMO8_wExAmuFerPHZBHE5gvn31ZhXLBcaXk-DHFtguoB9SsBb7Sdae4vygCIs_uNwA_AwZVPXw&amp;__tn__=*NK-R\">#Jacona<\/a>, en la tercera acci\u00f3n del d\u00eda, en donde el Alcalde, Isidoro Mosqueda Estrada, inaugur\u00f3 la pavimentaci\u00f3n de la calle Emilio Carranza, entre las calles L\u00e1zaro C\u00e1rdenas y Emiliano Zapata, en la colonia los Manguitos, obra en la que se invirtieron recursos por el orden de 760 mil, 57 pesos y donde se beneficia a cientos de habitantes de esta parte de la ciudad.<\/em><\/strong><\/p>\n\n\n\n<p><strong><em>Acompa\u00f1aron al Alcalde la Secretaria del Ayuntamiento, Lic. Laura Olivarez, los Regidores, Francisco Ayala, Emmanuel Cortez, Leonardo Paz y Daniel Mena; las Regidoras Mar\u00eda Barriga, Violeta Herrera, as\u00ed como vecinos de la zona.<\/em><\/strong><\/p>\n\n\n\n<p><a href=\"https:\/\/www.facebook.com\/hashtag\/continuanloslogrosenjacona?__eep__=6&amp;__cft__[0]=AZWZk8cpLHiSqXj1azBOr8PaIwEQ4qDTN-sTZeOo5oklo9cNNHAC1eh2IKYD5nxO6jh1ix4GJhqiS7qv5nAdiaA1i5Syyu4hJcQuCMO8_wExAmuFerPHZBHE5gvn31ZhXLBcaXk-DHFtguoB9SsBb7Sdae4vygCIs_uNwA_AwZVPXw&amp;__tn__=*NK-R\">#continuanloslogrosenjacona<\/a><\/p>\n\n\n\n<p><a href=\"https:\/\/www.facebook.com\/photo\/?fbid=828119842823183&amp;set=pcb.828120229489811&amp;__cft__[0]=AZVSzBtwHkKPBQ8o8NUeC_zpvKwa7zpeu0xdNZ_ptxS3z4RepP1HAvAENppdeVGqM1shF_aYWUFx7NHHGaZYfOexnl-J8JjX7IuvMv7ZK0z4e95-eOhFHibC99a7rbGreTgn2H0c3l-c4J0dXLboeN84blyWQTBvf04CLQXpozTTJA&amp;__tn__=*bH-R\"><\/a><\/p>\n\n\n\n<p><a href=\"https:\/\/www.facebook.com\/photo\/?fbid=828119922823175&amp;set=pcb.828120229489811&amp;__cft__[0]=AZVSzBtwHkKPBQ8o8NUeC_zpvKwa7zpeu0xdNZ_ptxS3z4RepP1HAvAENppdeVGqM1shF_aYWUFx7NHHGaZYfOexnl-J8JjX7IuvMv7ZK0z4e95-eOhFHibC99a7rbGreTgn2H0c3l-c4J0dXLboeN84blyWQTBvf04CLQXpozTTJA&amp;__tn__=*bH-R\"><\/a><\/p>\n\n\n\n<p><a href=\"https:\/\/www.facebook.com\/photo\/?fbid=828120006156500&amp;set=pcb.828120229489811&amp;__cft__[0]=AZVSzBtwHkKPBQ8o8NUeC_zpvKwa7zpeu0xdNZ_ptxS3z4RepP1HAvAENppdeVGqM1shF_aYWUFx7NHHGaZYfOexnl-J8JjX7IuvMv7ZK0z4e95-eOhFHibC99a7rbGreTgn2H0c3l-c4J0dXLboeN84blyWQTBvf04CLQXpozTTJA&amp;__tn__=*bH-R\"><\/a><\/p>\n\n\n\n<p><a href=\"https:\/\/www.facebook.com\/photo\/?fbid=828120086156492&amp;set=pcb.828120229489811&amp;__cft__[0]=AZVSzBtwHkKPBQ8o8NUeC_zpvKwa7zpeu0xdNZ_ptxS3z4RepP1HAvAENppdeVGqM1shF_aYWUFx7NHHGaZYfOexnl-J8JjX7IuvMv7ZK0z4e95-eOhFHibC99a7rbGreTgn2H0c3l-c4J0dXLboeN84blyWQTBvf04CLQXpozTTJA&amp;__tn__=*bH-R\"><\/a><\/p>\n\n\n\n<p><a href=\"https:\/\/www.facebook.com\/photo\/?fbid=828120172823150&amp;set=pcb.828120229489811&amp;__cft__[0]=AZVSzBtwHkKPBQ8o8NUeC_zpvKwa7zpeu0xdNZ_ptxS3z4RepP1HAvAENppdeVGqM1shF_aYWUFx7NHHGaZYfOexnl-J8JjX7IuvMv7ZK0z4e95-eOhFHibC99a7rbGreTgn2H0c3l-c4J0dXLboeN84blyWQTBvf04CLQXpozTTJA&amp;__tn__=*bH-R\"><\/a><\/p>\n\n\n\n<p><\/p>\n","protected":false},"excerpt":{"rendered":"<p>Redacci\u00f3n \/ El Pregonero TV Jacona, Mich., 3\/octubre\/2024.-Cumple el Alcalde, Isidoro Mosqueda, con el compromiso de brindar mejor infraestructura de vialidades y servicios para Jacona. Se inaugur\u00f3 la pavimentaci\u00f3n de la calle Revoluci\u00f3n en la colonia, Nuevo Porvenir, una muy importante obra que generar\u00e1 gran beneficio para la zona y en la que se invirtieron [&hellip;]<\/p>\n","protected":false},"author":2,"featured_media":9903,"comment_status":"open","ping_status":"open","sticky":false,"template":"","format":"standard","meta":{"footnotes":"","_rishi_post_view_count":515},"categories":[12],"tags":[],"class_list":["post-9898","post","type-post","status-publish","format-standard","has-post-thumbnail","hentry","category-jacona"],"comments_count":"0","_links":{"self":[{"href":"https:\/\/elpregonerodezamora.com\/index.php\/wp-json\/wp\/v2\/posts\/9898","targetHints":{"allow":["GET"]}}],"collection":[{"href":"https:\/\/elpregonerodezamora.com\/index.php\/wp-json\/wp\/v2\/posts"}],"about":[{"href":"https:\/\/elpregonerodezamora.com\/index.php\/wp-json\/wp\/v2\/types\/post"}],"author":[{"embeddable":true,"href":"https:\/\/elpregonerodezamora.com\/index.php\/wp-json\/wp\/v2\/users\/2"}],"replies":[{"embeddable":true,"href":"https:\/\/elpregonerodezamora.com\/index.php\/wp-json\/wp\/v2\/comments?post=9898"}],"version-history":[{"count":1,"href":"https:\/\/elpregonerodezamora.com\/index.php\/wp-json\/wp\/v2\/posts\/9898\/revisions"}],"predecessor-version":[{"id":9904,"href":"https:\/\/elpregonerodezamora.com\/index.php\/wp-json\/wp\/v2\/posts\/9898\/revisions\/9904"}],"wp:featuredmedia":[{"embeddable":true,"href":"https:\/\/elpregonerodezamora.com\/index.php\/wp-json\/wp\/v2\/media\/9903"}],"wp:attachment":[{"href":"https:\/\/elpregonerodezamora.com\/index.php\/wp-json\/wp\/v2\/media?parent=9898"}],"wp:term":[{"taxonomy":"category","embeddable":true,"href":"https:\/\/elpregonerodezamora.com\/index.php\/wp-json\/wp\/v2\/categories?post=9898"},{"taxonomy":"post_tag","embeddable":true,"href":"https:\/\/elpregonerodezamora.com\/index.php\/wp-json\/wp\/v2\/tags?post=9898"}],"curies":[{"name":"wp","href":"https:\/\/api.w.org\/{rel}","templated":true}]}}