{"id":9890,"date":"2024-10-03T00:31:36","date_gmt":"2024-10-03T00:31:36","guid":{"rendered":"https:\/\/elpregonerodezamora.com\/?p=9890"},"modified":"2024-10-03T00:31:36","modified_gmt":"2024-10-03T00:31:36","slug":"especialistas-de-unicef-capacitan-a-personal-del-dif-municipal","status":"publish","type":"post","link":"https:\/\/elpregonerodezamora.com\/index.php\/2024\/10\/03\/especialistas-de-unicef-capacitan-a-personal-del-dif-municipal\/","title":{"rendered":"ESPECIALISTAS DE UNICEF CAPACITAN A PERSONAL DEL DIF MUNICIPAL"},"content":{"rendered":"\n<p style=\"font-size:25px\"><strong>* As\u00ed como a elementos de los CEDECO, m\u00f3dulos PREP y Seguridad P\u00fablica<\/strong><\/p>\n\n\n\n<p><strong>Redacci\u00f3n \/ El Pregonero TV<\/strong><\/p>\n\n\n\n<p><strong>Zamora, Michoac\u00e1n; a 02 de octubre 2024. \u2013 En un esfuerzo por fortalecer la protecci\u00f3n y promoci\u00f3n de los derechos de las ni\u00f1as y los ni\u00f1os, el Sistema DIF de Zamora llev\u00f3 a cabo una capacitaci\u00f3n dirigida a su personal, as\u00ed como a elementos de los CEDECO, m\u00f3dulos PREP y Seguridad P\u00fablica, la cual fue impartida por especialistas de UNICEF.<\/strong><\/p>\n\n\n\n<p><strong>Roc\u00edo Soto, presidenta del DIF Municipal de Zamora, se\u00f1al\u00f3 que esta formaci\u00f3n permiti\u00f3 brindar a los elementos un planteamiento de los derechos de la ni\u00f1ez como una responsabilidad social y moral que se debe asumir en cada \u00e1rea de la dependencia.<\/strong><\/p>\n\n\n\n<p><strong>Expres\u00f3 que durante la capacitaci\u00f3n se destac\u00f3 la aplicaci\u00f3n de los derechos mediante un enfoque de infancia y equidad, garantizando un entorno donde se prioricen sus intereses y se fomente su desarrollo pleno.<\/strong><\/p>\n\n\n\n<p><strong>Roc\u00edo Soto destac\u00f3 que la colaboraci\u00f3n con UNICEF, brind\u00f3 herramientas y estrategias para implementar pol\u00edticas efectivas para proteger y promover el bienestar de los menores, indic\u00f3 que es fundamental que todos los actores involucrados en la atenci\u00f3n a la ni\u00f1ez est\u00e9n alineados y capacitados para cumplir con este objetivo.<\/strong><\/p>\n\n\n\n<p><strong>Este tipo de iniciativas refuerzan el compromiso del DIF Zamora por construir un futuro m\u00e1s justo y equitativo para las nuevas generaciones, asegurando que cada ni\u00f1o y ni\u00f1a tenga un Buen Vivir a trav\u00e9s del acceso a sus derechos fundamentales.<\/strong><\/p>\n","protected":false},"excerpt":{"rendered":"<p>* As\u00ed como a elementos de los CEDECO, m\u00f3dulos PREP y Seguridad P\u00fablica Redacci\u00f3n \/ El Pregonero TV Zamora, Michoac\u00e1n; a 02 de octubre 2024. \u2013 En un esfuerzo por fortalecer la protecci\u00f3n y promoci\u00f3n de los derechos de las ni\u00f1as y los ni\u00f1os, el Sistema DIF de Zamora llev\u00f3 a cabo una capacitaci\u00f3n dirigida [&hellip;]<\/p>\n","protected":false},"author":2,"featured_media":9891,"comment_status":"open","ping_status":"open","sticky":false,"template":"","format":"standard","meta":{"footnotes":"","_rishi_post_view_count":528},"categories":[8],"tags":[],"class_list":["post-9890","post","type-post","status-publish","format-standard","has-post-thumbnail","hentry","category-zamora"],"comments_count":"0","_links":{"self":[{"href":"https:\/\/elpregonerodezamora.com\/index.php\/wp-json\/wp\/v2\/posts\/9890","targetHints":{"allow":["GET"]}}],"collection":[{"href":"https:\/\/elpregonerodezamora.com\/index.php\/wp-json\/wp\/v2\/posts"}],"about":[{"href":"https:\/\/elpregonerodezamora.com\/index.php\/wp-json\/wp\/v2\/types\/post"}],"author":[{"embeddable":true,"href":"https:\/\/elpregonerodezamora.com\/index.php\/wp-json\/wp\/v2\/users\/2"}],"replies":[{"embeddable":true,"href":"https:\/\/elpregonerodezamora.com\/index.php\/wp-json\/wp\/v2\/comments?post=9890"}],"version-history":[{"count":1,"href":"https:\/\/elpregonerodezamora.com\/index.php\/wp-json\/wp\/v2\/posts\/9890\/revisions"}],"predecessor-version":[{"id":9892,"href":"https:\/\/elpregonerodezamora.com\/index.php\/wp-json\/wp\/v2\/posts\/9890\/revisions\/9892"}],"wp:featuredmedia":[{"embeddable":true,"href":"https:\/\/elpregonerodezamora.com\/index.php\/wp-json\/wp\/v2\/media\/9891"}],"wp:attachment":[{"href":"https:\/\/elpregonerodezamora.com\/index.php\/wp-json\/wp\/v2\/media?parent=9890"}],"wp:term":[{"taxonomy":"category","embeddable":true,"href":"https:\/\/elpregonerodezamora.com\/index.php\/wp-json\/wp\/v2\/categories?post=9890"},{"taxonomy":"post_tag","embeddable":true,"href":"https:\/\/elpregonerodezamora.com\/index.php\/wp-json\/wp\/v2\/tags?post=9890"}],"curies":[{"name":"wp","href":"https:\/\/api.w.org\/{rel}","templated":true}]}}