{"id":9878,"date":"2024-10-01T00:52:46","date_gmt":"2024-10-01T00:52:46","guid":{"rendered":"https:\/\/elpregonerodezamora.com\/?p=9878"},"modified":"2024-10-01T00:52:47","modified_gmt":"2024-10-01T00:52:47","slug":"pedir-perdon-no-es-humillarse-es-otra-cosa","status":"publish","type":"post","link":"https:\/\/elpregonerodezamora.com\/index.php\/2024\/10\/01\/pedir-perdon-no-es-humillarse-es-otra-cosa\/","title":{"rendered":"PEDIR PERD\u00d3N NO ES HUMILLARSE, ES OTRA COSA"},"content":{"rendered":"\n<p style=\"font-size:30px\"><strong>LA ECONOM\u00cdA Y USTED&#8230;<\/strong><\/p>\n\n\n\n<p>Eliseo Castillo<\/p>\n\n\n\n<p><\/p>\n\n\n\n<p>                                                                      <strong>  VEN<\/strong><\/p>\n\n\n\n<p><strong><em>&#8220;Sin reclamos o explicaciones no pedidas, \/ sin reproches que s\u00f3lo hacen torpe la vida, \/ mi oraci\u00f3n nocturna se sublima y te nombra, \/ sin decir apenas la expresi\u00f3n, te dice ven&#8230;\/ con el pensamiento m\u00e1s sublime, te dice ven&#8230;\/ con la esperanza de que le escuches y atiendas, \/ cada noche lo repito, mi oraci\u00f3n te nombra&#8230; \/ ven&#8221;&#8230; el\u00edseo<\/em><\/strong><\/p>\n\n\n\n<p><strong>Es mejor pedir perd\u00f3n que pedir permiso&#8230;<\/strong><\/p>\n\n\n\n<p><strong>Reza el viejo lema mediante el que el mexicano se da el derecho a faltar a un compromiso en casa de llegar a determinada hora; o simplemente por faltar a determinado acuerdo.<\/strong><\/p>\n\n\n\n<p><strong>Hoy el escandalo que se vive en la diplomacia mexicana, relacionado con el tema del enojo manifestado por la corona espa\u00f1ola por que &#8220;su&#8221; majestad el rey de Espa\u00f1a no ha sido invitado a la ceremonia de cambio de gobierno de M\u00e9xico.<\/strong><\/p>\n\n\n\n<p><strong>La corona espa\u00f1ola est\u00e1 molesta por que la pr\u00f3xima presidenta de M\u00e9xico s\u00f3lo invit\u00f3 al jefe de gobierno Pedro S\u00e1nchez; mientras que el Rey Felipe ha sido desde\u00f1ado&#8230;<\/strong><\/p>\n\n\n\n<p><strong>La soluci\u00f3n era muy simple y sin problemas; total, el se\u00f1or S\u00e1nchez pudo enviar un representante testimonial, solamente para que hiciera presencia; por ejemplo orden\u00e1ndole a su embajador en M\u00e9xico que se presentara en su representaci\u00f3n&#8230; , \u00a1todo resuelto!<\/strong><\/p>\n\n\n\n<p><strong>Pero no; el problema no queda as\u00ed; se ha agraviado a su majestad Felipe, y su poco recomendable reina consorte Leticia (con su historial en Guadalajara, Jalisco&#8230;, ufff; \u00bfverdad Jorge Zepeda&#8230;, verdad Fer de Man\u00e1&#8230;?).<\/strong><\/p>\n\n\n\n<p><strong>Y todo por culpa de la maldita historia de coloniaje y abuso&#8230;<\/strong><\/p>\n\n\n\n<p><strong>En este siglo, algunos pa\u00edses europeos de larga data colonialista han tenido la grandeza de aceptar sus culpas con al historia de la humanidad; pero no s\u00f3lo eso, han tratado de arreglar su deuda con el pasado; y con la humildad del vencedor arrepentido, han pedido perd\u00f3n p\u00fablicamente.<\/strong><\/p>\n\n\n\n<p><strong>Hasta hoy, se han disculpado p\u00fablicamente el reino de Los Pa\u00edses Bajos (antes Holanda), el reino de B\u00e9lgica, Italia, Portugal, Dinamarca, Alemania e incluso El Vaticano.<\/strong><\/p>\n\n\n\n<p><strong>Ellos han reconocido los abusos que realizaron, sobre todo en el siglo XIX y XX, en que colonizaron, saquearon y abusaron de la poblaci\u00f3n colonizada, sobre todo en \u00c1frica y Asia.<\/strong><\/p>\n\n\n\n<p><strong>Al pedir perd\u00f3n, reconocen que fueron malos con las culturas invadidas y saqueadas; se saben responsables del esclavismo que se extendi\u00f3 por el mundo como uno de los mejores negocios oficialmente administrados por sus gobiernos.<\/strong><\/p>\n\n\n\n<p><strong>Hasta el Papa lo ha reconocido, no olvidemos que el Vaticano ha sido una figura que ha desatado guerras de conquista, que ha bendecido la prostituci\u00f3n y esclavizaci\u00f3n de pueblos; hoy reconoce su falta moral con la humanidad; y lo que queda es un momento de reflexi\u00f3n, enojo, pero igual de reconocimiento a su falta.<\/strong><\/p>\n\n\n\n<p><strong>Con esto, los gobiernos que se han disculpado no quedan peor que como estaban; la historia los ha juzgado; el pedir perd\u00f3n es reconocer que se equivocaron; y no se puede reponer el da\u00f1o, pero se puede generar un clima menos negativo; el agravio del pasado duele menos en el presente.<\/strong><\/p>\n\n\n\n<p><strong>Cuando en 2019, el presidente AMLO envi\u00f3 la carta a la corona espa\u00f1ola pidiendo que se manifestara en una disculpa p\u00fablica por los da\u00f1os causados en contra de la poblaci\u00f3n originaria del actual M\u00e9xico, durante su invasi\u00f3n, conquista y colonizaci\u00f3n, entre 1519 y 1810.<\/strong><\/p>\n\n\n\n<p><strong>Se le solicitaba que se disculpara p\u00fablicamente como forma de cerrar la herida hist\u00f3rica que ya estaban realizando otros gobiernos con vocaci\u00f3n belicista y colonizadora.<\/strong><\/p>\n\n\n\n<p><strong>No se pidi\u00f3 nada raro; nada que otros no estuvieran haciendo; pero, mientras estos lo han venido aceptando; incluso algunos ofreciendo actos para resarcir el destrozo causado; en el caso de la corona espa\u00f1ola se adopt\u00f3 una actitud se soberbia, acompa\u00f1ada por un buen grupo de personajes, evidentemente actuando en su papel de &#8220;s\u00fabditos&#8221; de la corona, se rasgaron las vestiduras en contra de la carta enviada por el presidente AMLO; lo tildaron de aldeano ingenuo; de dictador tropical lun\u00e1tico &#8220;igualado&#8221;, que se atrev\u00eda a pedir a &#8220;su majestad&#8221;, lo que un vasallo jam\u00e1s debe osar siquiera imaginar&#8230;<\/strong><\/p>\n\n\n\n<p><strong>Desde Espa\u00f1a sonaron fuerte las cr\u00edticas contra el presidente &#8220;igualado&#8221; que molestaba a su majestad el rey Felipe, quien seguramente tiene otras actividades m\u00e1s importantes que realizar en su actividad, que adem\u00e1s de ocio, solamente se compone de gastar el dinero que le provee el pueblo espa\u00f1ol.<\/strong><\/p>\n\n\n\n<p><strong>Quiz\u00e1 lo peor del momento fue encontrar que en el mismo pa\u00eds; en M\u00e9xico se form\u00f3 un grupo de comunicadores y medios de una abierta derecha ideol\u00f3gica contraria al gobierno mexicano que incluso llegaron a pedir perd\u00f3n a la corona espa\u00f1ola por haber sido importunada en sus vidas relativamente in\u00fatiles (no trabajan y son mantenidos por el pueblo); con tonter\u00edas de jodidos&#8230; \u00a1pedir perd\u00f3n por haberles invadido, conquistado, colonizado y saqueado!<\/strong><\/p>\n\n\n\n<p><strong><em>\u00bfnada m\u00e1s por eso&#8230;?<\/em><\/strong><\/p>\n\n\n\n<p><strong><em>Pues que nacos, dir\u00e1n, ni aguantan nada.<\/em><\/strong><\/p>\n\n\n\n<p><strong><em>Hoy, como la mu\u00f1eca fea, andan llorando por los rincones&#8230;<\/em><\/strong><\/p>\n\n\n\n<p><strong>La presidenta Claudia Sheinbaum decidi\u00f3 no invitar a la corona espa\u00f1ola por el agravio de haber despreciado responder a la carta enviada por el presidente AMLO en su momento; pero al mismo tiempo, y respondiendo al protocolo y diplomacia, se le ha invitado al jefe de gobierno del reino de Espa\u00f1a. El que el jefe del gobierno espa\u00f1ol se solidarice con su rey, es tema interno; es tema de calidad humana del mismo, es donde se mide el tama\u00f1o de la grandeza o peque\u00f1ez con que se va por la vida.<\/strong><\/p>\n\n\n\n<p><strong>Desde el momento en que Pedro S\u00e1nchez, jefe de gobierno del reino de Espa\u00f1a decide que no viene al evento, ni manda a un representante, es tema interno, y los pinta de cuerpo entero ante el mundo.<\/strong><\/p>\n\n\n\n<p><strong>Esta actitud es un monumento a la soberbia de una corona que honra su pasado invasor, colonialista y saqueador; mientras otros gobiernos aceptan su pasado grosero, y tratan de aminorar su imagen hist\u00f3rica; la corona espa\u00f1ola se alimenta de un pasado de agravios y atropellos.<\/strong><\/p>\n\n\n\n<p><strong>Hoy los reinos son una pandilla de vividores, ociosos, mantenidos con los impuestos del pueblo; pero algunos mantienen la cordura de la dignidad que da la inteligencia y conocimiento del pasado; sin reparar lo irreparable, aceptan que no fueron buenos con millones de pobladores del mundo; reconocen su error y abuso,&#8230;\u00a1y piden perd\u00f3n a la humanidad!<\/strong><\/p>\n\n\n\n<p><strong>\u00bfAlguien se burla ahora de Alemania, Pa\u00edses Bajos, B\u00e9lgica, Portugal, Italia, Dinamarca y El Vaticano, por haber pedido perd\u00f3n a los agraviados y a la humanidad&#8230;?<\/strong><\/p>\n\n\n\n<p><strong>Al contrario, los engrandece, o al menos los hace menos malos&#8230;<\/strong><\/p>\n\n\n\n<p><strong>Hoy, el rey de Espa\u00f1a se porta como el ni\u00f1o mimado que quiere todo aunque no lo merezca, simplemente lo quiere, aunque para ello se abuse del derecho de los dem\u00e1s ni\u00f1os; act\u00faa como el ni\u00f1o abusivo que sigue pensando que los dem\u00e1s est\u00e1n para servirle a sus deseos de persona ociosa&#8230;, lo que distingue a las mal llamadas &#8220;familias reales&#8221;.<\/strong><\/p>\n\n\n\n<p><strong>Por cierto, el p\u00e9simo invento en M\u00e9xico de &#8220;la primera dama&#8221; es una mala copia de esa r\u00e9mora del pasado abusivo&#8230;<\/strong><\/p>\n\n\n\n<p><strong>\u00a1Pobre de la presidenta Claudia&#8230;, debe estar muyyyy preocupada por que &#8220;su majestad&#8221; no la ha acompa\u00f1ado&#8230;!<\/strong><\/p>\n\n\n\n<p><strong>\u00a1pobre humanidad, con estos z\u00e1nganos de mal gusto que aun pululan en el mundo&#8230;; pobre de quien sigue so\u00f1ando con su pr\u00edncipe o princesa de sangre azul&#8230;!<\/strong><\/p>\n\n\n\n<p><strong>\u00a1Da comez\u00f3n&#8230;!<\/strong><\/p>\n\n\n\n<p><strong>Le abrazo.<\/strong><\/p>\n","protected":false},"excerpt":{"rendered":"<p>LA ECONOM\u00cdA Y USTED&#8230; Eliseo Castillo VEN &#8220;Sin reclamos o explicaciones no pedidas, \/ sin reproches que s\u00f3lo hacen torpe la vida, \/ mi oraci\u00f3n nocturna se sublima y te nombra, \/ sin decir apenas la expresi\u00f3n, te dice ven&#8230;\/ con el pensamiento m\u00e1s sublime, te dice ven&#8230;\/ con la esperanza de que le escuches [&hellip;]<\/p>\n","protected":false},"author":2,"featured_media":9879,"comment_status":"open","ping_status":"open","sticky":false,"template":"","format":"standard","meta":{"footnotes":"","_rishi_post_view_count":512},"categories":[1],"tags":[],"class_list":["post-9878","post","type-post","status-publish","format-standard","has-post-thumbnail","hentry","category-opinion"],"comments_count":"0","_links":{"self":[{"href":"https:\/\/elpregonerodezamora.com\/index.php\/wp-json\/wp\/v2\/posts\/9878","targetHints":{"allow":["GET"]}}],"collection":[{"href":"https:\/\/elpregonerodezamora.com\/index.php\/wp-json\/wp\/v2\/posts"}],"about":[{"href":"https:\/\/elpregonerodezamora.com\/index.php\/wp-json\/wp\/v2\/types\/post"}],"author":[{"embeddable":true,"href":"https:\/\/elpregonerodezamora.com\/index.php\/wp-json\/wp\/v2\/users\/2"}],"replies":[{"embeddable":true,"href":"https:\/\/elpregonerodezamora.com\/index.php\/wp-json\/wp\/v2\/comments?post=9878"}],"version-history":[{"count":1,"href":"https:\/\/elpregonerodezamora.com\/index.php\/wp-json\/wp\/v2\/posts\/9878\/revisions"}],"predecessor-version":[{"id":9880,"href":"https:\/\/elpregonerodezamora.com\/index.php\/wp-json\/wp\/v2\/posts\/9878\/revisions\/9880"}],"wp:featuredmedia":[{"embeddable":true,"href":"https:\/\/elpregonerodezamora.com\/index.php\/wp-json\/wp\/v2\/media\/9879"}],"wp:attachment":[{"href":"https:\/\/elpregonerodezamora.com\/index.php\/wp-json\/wp\/v2\/media?parent=9878"}],"wp:term":[{"taxonomy":"category","embeddable":true,"href":"https:\/\/elpregonerodezamora.com\/index.php\/wp-json\/wp\/v2\/categories?post=9878"},{"taxonomy":"post_tag","embeddable":true,"href":"https:\/\/elpregonerodezamora.com\/index.php\/wp-json\/wp\/v2\/tags?post=9878"}],"curies":[{"name":"wp","href":"https:\/\/api.w.org\/{rel}","templated":true}]}}