{"id":9847,"date":"2024-09-26T00:31:19","date_gmt":"2024-09-26T00:31:19","guid":{"rendered":"https:\/\/elpregonerodezamora.com\/?p=9847"},"modified":"2024-09-26T00:31:19","modified_gmt":"2024-09-26T00:31:19","slug":"ofrecen-curso-de-terapia-acuatica-integral-el-ceretef","status":"publish","type":"post","link":"https:\/\/elpregonerodezamora.com\/index.php\/2024\/09\/26\/ofrecen-curso-de-terapia-acuatica-integral-el-ceretef\/","title":{"rendered":"OFRECEN CURSO DE TERAPIA ACU\u00c1TICA INTEGRAL EL CERETEF"},"content":{"rendered":"\n<p><strong>Redacci\u00f3n \/ El Pregonero TV<\/strong><\/p>\n\n\n\n<p><em><strong>Zamora, Michoac\u00e1n a 25 de septiembre de 2024.- Con el objetivo proporcionar herramientas pr\u00e1cticas e innovadoras, adem\u00e1s de ampliar y actualizar conocimientos para ofrecer mejores terapias, el Gobierno local en colaboraci\u00f3n con el Centro de Rehabilitaci\u00f3n y Terapia F\u00edsica (CERETEF), ofreci\u00f3 un curso de Terapia Acu\u00e1tica Integral.<\/strong><\/em><\/p>\n\n\n\n<p><strong><em>Al respecto, Alejandra Garibay Jim\u00e9nez, directora de Deportes, precis\u00f3 que en este taller, que tambi\u00e9n imparti\u00f3 Marcelo Roque, especialista en el tema y proveniente de Brasil, participaron fisioterapeutas del CERETEF, del DIF-Zamora e instructores de la Escuela Municipal de Nataci\u00f3n y Atletismo.<\/em><\/strong><\/p>\n\n\n\n<p><strong><em>Indic\u00f3 que durante el curso, se proporcionaron herramientas pr\u00e1cticas e innovadoras para que los estudiantes, incluyendo aquellos que no tienen experiencia en el apartado de terapia acu\u00e1tica, puedan usar el aprendizaje de manera inmediata en beneficio de los pacientes.<\/em><\/strong><\/p>\n\n\n\n<p><strong><em>Garibay Jim\u00e9nez abund\u00f3 que las sesiones fueron de gran provecho porque los participantes pudieron actualizar y ampliar los conocimientos, a trav\u00e9s de profesionales ya experimentados en el campo, lo que les permitir\u00e1 eficientar y mejorar las habilidades y pr\u00e1cticas cl\u00ednicas.<\/em><\/strong><\/p>\n\n\n\n<p><strong><em>Agreg\u00f3 que al t\u00e9rmino del curso, se entregaron certificados a todos los terapeutas que tomaron parte en el adiestramiento, lo que los avalar\u00e1 para poder seguir ofreciendo las terapias y rehabilitaciones acu\u00e1ticas de forma integral a quienes lo requieran.<\/em><\/strong><\/p>\n\n\n\n<p><a href=\"https:\/\/www.facebook.com\/photo\/?fbid=822346896733811&amp;set=pcb.822347023400465&amp;__cft__[0]=AZW7hiZJaLi3WnBRiUplrL1Fc5F21pwzPz_VuvVhLg5Bw0_JNEeWLSic0e4atAKIiayOhWIMgEMA7hydqt-7PI8DZwTfBeHpTQcwngOZth3VNr61vhznEZn_LW0JtHGRfDvG2Z-0dpF14Fj23n4HXbv-8A0N71vJ2a7Jxue78HIk9g&amp;__tn__=*bH-R\"><\/a><\/p>\n\n\n\n<figure class=\"wp-block-image\"><a href=\"https:\/\/www.facebook.com\/photo\/?fbid=822346896733811&amp;set=pcb.822347023400465&amp;__cft__[0]=AZW7hiZJaLi3WnBRiUplrL1Fc5F21pwzPz_VuvVhLg5Bw0_JNEeWLSic0e4atAKIiayOhWIMgEMA7hydqt-7PI8DZwTfBeHpTQcwngOZth3VNr61vhznEZn_LW0JtHGRfDvG2Z-0dpF14Fj23n4HXbv-8A0N71vJ2a7Jxue78HIk9g&amp;__tn__=*bH-R\"><img decoding=\"async\" src=\"https:\/\/scontent.fzmm2-1.fna.fbcdn.net\/v\/t39.30808-6\/461399734_822346900067144_7508339332993205634_n.jpg?stp=dst-jpg_s600x600&amp;_nc_cat=108&amp;ccb=1-7&amp;_nc_sid=127cfc&amp;_nc_eui2=AeFubh-UNysxKXow3USeBSZQeo9PpuhWSMp6j0-m6FZIysteDs2sqbnB1ridoqFHac2vrUzxXfJpEgb5V7YzFJta&amp;_nc_ohc=IXHL7uB6HjYQ7kNvgEeA89z&amp;_nc_ht=scontent.fzmm2-1.fna&amp;_nc_gid=AStxQfJ_S9dFADE3KbMmQaa&amp;oh=00_AYBa4rrXzJnfoE6r1dDsW_i2FRlEJRfSO2t7x-w_OoXZmQ&amp;oe=66FA62ED\" alt=\"\"\/><\/a><\/figure>\n\n\n\n<p><a href=\"https:\/\/www.facebook.com\/photo\/?fbid=822346973400470&amp;set=pcb.822347023400465&amp;__cft__[0]=AZW7hiZJaLi3WnBRiUplrL1Fc5F21pwzPz_VuvVhLg5Bw0_JNEeWLSic0e4atAKIiayOhWIMgEMA7hydqt-7PI8DZwTfBeHpTQcwngOZth3VNr61vhznEZn_LW0JtHGRfDvG2Z-0dpF14Fj23n4HXbv-8A0N71vJ2a7Jxue78HIk9g&amp;__tn__=*bH-R\"><\/a><\/p>\n","protected":false},"excerpt":{"rendered":"<p>Redacci\u00f3n \/ El Pregonero TV Zamora, Michoac\u00e1n a 25 de septiembre de 2024.- Con el objetivo proporcionar herramientas pr\u00e1cticas e innovadoras, adem\u00e1s de ampliar y actualizar conocimientos para ofrecer mejores terapias, el Gobierno local en colaboraci\u00f3n con el Centro de Rehabilitaci\u00f3n y Terapia F\u00edsica (CERETEF), ofreci\u00f3 un curso de Terapia Acu\u00e1tica Integral. Al respecto, Alejandra [&hellip;]<\/p>\n","protected":false},"author":2,"featured_media":9848,"comment_status":"open","ping_status":"open","sticky":false,"template":"","format":"standard","meta":{"footnotes":"","_rishi_post_view_count":560},"categories":[8],"tags":[],"class_list":["post-9847","post","type-post","status-publish","format-standard","has-post-thumbnail","hentry","category-zamora"],"comments_count":"0","_links":{"self":[{"href":"https:\/\/elpregonerodezamora.com\/index.php\/wp-json\/wp\/v2\/posts\/9847","targetHints":{"allow":["GET"]}}],"collection":[{"href":"https:\/\/elpregonerodezamora.com\/index.php\/wp-json\/wp\/v2\/posts"}],"about":[{"href":"https:\/\/elpregonerodezamora.com\/index.php\/wp-json\/wp\/v2\/types\/post"}],"author":[{"embeddable":true,"href":"https:\/\/elpregonerodezamora.com\/index.php\/wp-json\/wp\/v2\/users\/2"}],"replies":[{"embeddable":true,"href":"https:\/\/elpregonerodezamora.com\/index.php\/wp-json\/wp\/v2\/comments?post=9847"}],"version-history":[{"count":1,"href":"https:\/\/elpregonerodezamora.com\/index.php\/wp-json\/wp\/v2\/posts\/9847\/revisions"}],"predecessor-version":[{"id":9849,"href":"https:\/\/elpregonerodezamora.com\/index.php\/wp-json\/wp\/v2\/posts\/9847\/revisions\/9849"}],"wp:featuredmedia":[{"embeddable":true,"href":"https:\/\/elpregonerodezamora.com\/index.php\/wp-json\/wp\/v2\/media\/9848"}],"wp:attachment":[{"href":"https:\/\/elpregonerodezamora.com\/index.php\/wp-json\/wp\/v2\/media?parent=9847"}],"wp:term":[{"taxonomy":"category","embeddable":true,"href":"https:\/\/elpregonerodezamora.com\/index.php\/wp-json\/wp\/v2\/categories?post=9847"},{"taxonomy":"post_tag","embeddable":true,"href":"https:\/\/elpregonerodezamora.com\/index.php\/wp-json\/wp\/v2\/tags?post=9847"}],"curies":[{"name":"wp","href":"https:\/\/api.w.org\/{rel}","templated":true}]}}