{"id":9822,"date":"2024-09-23T18:36:34","date_gmt":"2024-09-23T18:36:34","guid":{"rendered":"https:\/\/elpregonerodezamora.com\/?p=9822"},"modified":"2024-09-23T18:36:35","modified_gmt":"2024-09-23T18:36:35","slug":"en-quien-se-podra-creer-hoy-y-manana","status":"publish","type":"post","link":"https:\/\/elpregonerodezamora.com\/index.php\/2024\/09\/23\/en-quien-se-podra-creer-hoy-y-manana\/","title":{"rendered":"\u00bfEN QUIEN SE PODR\u00c1 CREER HOY Y MA\u00d1ANA?"},"content":{"rendered":"\n<p style=\"font-size:35px\"><strong>LA ECONOM\u00cdA Y USTED&#8230;<\/strong><\/p>\n\n\n\n<p><strong>Eliseo Castillo<\/strong><\/p>\n\n\n\n<p>                                                    <strong>ORACI\u00d3N DE AMOR<\/strong><\/p>\n\n\n\n<p><strong><em>&#8220;Sin la necesidad insana que somete, \/ que obliga a postrarse de rodillas, \/ cual si fu\u00e9ramos simples insolentes, \/ pensando en ti, imaginando rostro, \/ imagino, murmuro una oraci\u00f3n que te nombra, \/ digo una y mil palabras que te bendicen, \/ sin prisa, y nunca de rodillas, bendigo tu vida, \/ amor, en tu ausencia mi oraci\u00f3n te alcanza, \/ en tu ausencia, sabes a esperanza&#8221;&#8230;el\u00edseo<\/em><\/strong><\/p>\n\n\n\n<p><strong><em>Cuando vemos y escuchamos que ayer y hoy, como si el mundo girara en torno a la imagen del presidente AMLO; los medios de comunicaci\u00f3n comerciales y la gran mayor\u00eda de sus comentaristas siguen manifestando su reproche y rencor a una figura pol\u00edtica con los claroscuros propios de cualquier mandatario p\u00fablico; es abrumadora la cantidad de medios y comentaristas; ya no podemos calificarlos de analistas tan f\u00e1cilmente, a menos de que acorrientemos esta connotaci\u00f3n.<\/em><\/strong><\/p>\n\n\n\n<p><strong><em>Con peque\u00f1as excepciones, se sintoniza un noticiario en las televisoras comerciales y se siente el rechazo a las pol\u00edticas del presidente; se abre un peri\u00f3dico y sucede lo mismo; en las redes sociales mejor ni hablamos, es el vertedero de lo que los ca\u00f1os han ocultado para tranquilidad de la sociedad: nuestra mierda.<\/em><\/strong><\/p>\n\n\n\n<p style=\"font-size:30px\"><strong>El tama\u00f1o del da\u00f1o&#8230;<\/strong><\/p>\n\n\n\n<p><strong><em>Cuando se escucha a estas personas en los medios de comunicaci\u00f3n, no les damos el trato de personas comunes y normales; les asignamos un nivel relativamente superior; asumimos que son los que saben; los mejores, a veces hasta los m\u00e1s sabios.<\/em><\/strong><\/p>\n\n\n\n<p><strong><em>Pero resulta que, desde 2018, con el cambio de gobierno, y ante los argumentos que se les han planteado en relaci\u00f3n a sus comentarios en noticiarios y programas de opini\u00f3n; resulta que han sido desnudadas y desnudados en sus afirmaciones o negaciones; pero lo peor, se ha notado mucho su desprecio por decir la verdad con argumentos, a cambio de lanzar lodo al gobierno del presidente AMLO.<\/em><\/strong><\/p>\n\n\n\n<p><strong><em>Desde luego, todos tienen derecho a manifestar sus aceptaciones y rechazos; es un gesto de libertad de expresi\u00f3n; pero lo que m\u00e1s se ha destacado es su necesidad de decir que lo odian, que no le quieren; que si en este momento muere, les har\u00e1 un gran favor.<\/em><\/strong><\/p>\n\n\n\n<p><strong><em>Algunos le llaman clasismo, otros racismo; otros implemente desprecio por los que no se parecen a ellos; o que se consideran superiores y no se merecen tal tipo de mandatarios; por eso llama la atenci\u00f3n con cu\u00e1nta pasi\u00f3n apoyaron a la candidata perdedora en las pasadas elecciones (la se\u00f1ora X\u00f3chitl G\u00e1lvez); quien con su penosa escasa educaci\u00f3n y cultura, manifiesta su peque\u00f1ez como personaje de la vida p\u00fablica.<\/em><\/strong><\/p>\n\n\n\n<p><strong><em>Cuando se repiti\u00f3 sistem\u00e1ticamente en todos los medios lo que se ten\u00eda que decir en los noticiarios: que el gobierno de AMLO realizaba tres obras in\u00fatiles; que en donde ganara el partido del presidente (Morena) ser\u00eda gracias al narco; que todo lo que hace el gobierno est\u00e1 mal, empezando por los \u00b4programas sociales; que el INE, INAI y los fideicomisos de lujo del Poder Judicial no se tocan; que el &#8220;plan C&#8221; es un abuso del presidente.<\/em><\/strong><\/p>\n\n\n\n<p><strong><em>Lo curioso es que luego de 6 a\u00f1os del triunfo de AMLO, no se le ha presentado un s\u00f3lo plan alterno a estas obras que, con sus criticas y posibles errores; no s\u00f3lo no son tres las obras b\u00e1sicas del gobierno; al parecer de esta columna (del columnista, desde luego) son cuatro: el tren Maya, el AIFA, la refiner\u00eda Dos Bocas, y el Tren Trans\u00edstmico.<\/em><\/strong><\/p>\n\n\n\n<p style=\"font-size:25px\"><strong>Curiosamente las cuatro est\u00e1n en funcionamiento, para el coraje de sus detractores.<\/strong><\/p>\n\n\n\n<p><strong><em>Pero por desgracia, en los medios de comunicaci\u00f3n se sigue repitiendo la consigna de descalificar a partir de lo que digan los ide\u00f3logos de los medios de comunicaci\u00f3n; fundamentalmente de los due\u00f1os de los peri\u00f3dicos, revistas, televisoras y estaciones de radio.<\/em><\/strong><\/p>\n\n\n\n<p><strong><em>Las tres obras que dijeron eran in\u00fatiles est\u00e1n funcionando; hoy, con cifras demostrables, el AIFA es el aeropuerto que mueve m\u00e1s carga en todos los aeropuertos del pa\u00eds; la refiner\u00eda ya produce gasolina, di\u00e9sel y los derivados extras del petr\u00f3leo (turbosinas por ejemplo); el tren maya transporta miles de personas diario a precios adecuados a la necesidad; mientras que el tren que atraviesa el Istmo y une Oaxaca con Veracruz, puede llegar a ser la mejor de todas las obras, dada la posibilidad de movilizaci\u00f3n de mercanc\u00edas y personas; a tal gado que est\u00e1 compitiendo poco a poco con el Canal de Panam\u00e1.<\/em><\/strong><\/p>\n\n\n\n<p style=\"font-size:25px\"><strong>Pero los cr\u00edticos siguen muy molestos&#8230;<\/strong><\/p>\n\n\n\n<p><strong><em>Este es el gran problema de la sociedad, que sin pelos de la burra en la mano, tenemos que tragarnos sistem\u00e1ticamente en cada noticiario o programa de opini\u00f3n de radio, televisor, prensa escrita y redes sociales el desprecio que sienten por un presidente que, consideran no los representa; que no luce como de la alta sociedad; que tiene m\u00e1s porte de medio pelo que les hace sentir que no desean reflejar en \u00e9l sus ambiciones y admiraci\u00f3n en general.<\/em><\/strong><\/p>\n\n\n\n<p style=\"font-size:25px\"><strong>Al final pareciera que rechazan al presidente por su porte poco elitista, m\u00e1s bien populachero.<\/strong><\/p>\n\n\n\n<p><strong><em>En realidad es una lucha de intereses de los grandes empresarios que se resisten a no poder mandar en la vida pol\u00edtica nacional; se resisten a no contar con un gobierno que les organice ceremonias exclusivas para las autollamadas familias superiores, las de mero rango social y econ\u00f3mica.<\/em><\/strong><\/p>\n\n\n\n<p><strong><em>Esto, no ser tratado de manera especial nunca se lo van a perdonar al presidente AMLO; claro lo que hay de fondo es: no pagar impuestos, recibir los mejores contratos; el mejor trato; y al final tener la autoridad para influir en la vida pol\u00edtica nacional.<\/em><\/strong><\/p>\n\n\n\n<p style=\"font-size:25px\"><strong>Si esto es as\u00ed&#8230;<\/strong><\/p>\n\n\n\n<p><strong><em>\u00bfA quien le vamos a creer en los medios de comunicaci\u00f3n, si se est\u00e1 luchando por mantener los derechos de los poderosos, por encima de la opini\u00f3n popular; la de la calle; la de la familia y los compa\u00f1eros de trabajo y convivencia&#8230;?<\/em><\/strong><\/p>\n\n\n\n<p><strong><em>Perd\u00f3n, pero, algunos que en ocasiones pudieron ser referentes de la informaci\u00f3n social en los noticiarios y programas de opini\u00f3n; han pasado a ser meras figuras deplorables, que no s\u00f3lo no han mantenido una imagen seria y cre\u00edble; se han acorrientado a tal grado, que dan pena.<\/em><\/strong><\/p>\n\n\n\n<p style=\"font-size:25px\"><strong>Usted tendr\u00e1 su opini\u00f3n al respecto; la realidad est\u00e1 en los medios en general. Usted decida.<\/strong><\/p>\n\n\n\n<p><strong>Le abrazo&#8230;<\/strong><\/p>\n","protected":false},"excerpt":{"rendered":"<p>LA ECONOM\u00cdA Y USTED&#8230; Eliseo Castillo ORACI\u00d3N DE AMOR &#8220;Sin la necesidad insana que somete, \/ que obliga a postrarse de rodillas, \/ cual si fu\u00e9ramos simples insolentes, \/ pensando en ti, imaginando rostro, \/ imagino, murmuro una oraci\u00f3n que te nombra, \/ digo una y mil palabras que te bendicen, \/ sin prisa, y [&hellip;]<\/p>\n","protected":false},"author":2,"featured_media":9823,"comment_status":"open","ping_status":"open","sticky":false,"template":"","format":"standard","meta":{"footnotes":"","_rishi_post_view_count":506},"categories":[1],"tags":[],"class_list":["post-9822","post","type-post","status-publish","format-standard","has-post-thumbnail","hentry","category-opinion"],"comments_count":"0","_links":{"self":[{"href":"https:\/\/elpregonerodezamora.com\/index.php\/wp-json\/wp\/v2\/posts\/9822","targetHints":{"allow":["GET"]}}],"collection":[{"href":"https:\/\/elpregonerodezamora.com\/index.php\/wp-json\/wp\/v2\/posts"}],"about":[{"href":"https:\/\/elpregonerodezamora.com\/index.php\/wp-json\/wp\/v2\/types\/post"}],"author":[{"embeddable":true,"href":"https:\/\/elpregonerodezamora.com\/index.php\/wp-json\/wp\/v2\/users\/2"}],"replies":[{"embeddable":true,"href":"https:\/\/elpregonerodezamora.com\/index.php\/wp-json\/wp\/v2\/comments?post=9822"}],"version-history":[{"count":1,"href":"https:\/\/elpregonerodezamora.com\/index.php\/wp-json\/wp\/v2\/posts\/9822\/revisions"}],"predecessor-version":[{"id":9824,"href":"https:\/\/elpregonerodezamora.com\/index.php\/wp-json\/wp\/v2\/posts\/9822\/revisions\/9824"}],"wp:featuredmedia":[{"embeddable":true,"href":"https:\/\/elpregonerodezamora.com\/index.php\/wp-json\/wp\/v2\/media\/9823"}],"wp:attachment":[{"href":"https:\/\/elpregonerodezamora.com\/index.php\/wp-json\/wp\/v2\/media?parent=9822"}],"wp:term":[{"taxonomy":"category","embeddable":true,"href":"https:\/\/elpregonerodezamora.com\/index.php\/wp-json\/wp\/v2\/categories?post=9822"},{"taxonomy":"post_tag","embeddable":true,"href":"https:\/\/elpregonerodezamora.com\/index.php\/wp-json\/wp\/v2\/tags?post=9822"}],"curies":[{"name":"wp","href":"https:\/\/api.w.org\/{rel}","templated":true}]}}