{"id":9752,"date":"2024-09-11T19:09:49","date_gmt":"2024-09-11T19:09:49","guid":{"rendered":"https:\/\/elpregonerodezamora.com\/?p=9752"},"modified":"2024-09-11T19:09:49","modified_gmt":"2024-09-11T19:09:49","slug":"harris-se-enfrenta-a-un-trump-colerico-en-un-debate-lleno-de-ataques-personales","status":"publish","type":"post","link":"https:\/\/elpregonerodezamora.com\/index.php\/2024\/09\/11\/harris-se-enfrenta-a-un-trump-colerico-en-un-debate-lleno-de-ataques-personales\/","title":{"rendered":"HARRIS SE ENFRENTA A UN TRUMP COL\u00c9RICO EN UN DEBATE LLENO DE ATAQUES PERSONALES"},"content":{"rendered":"\n<p style=\"font-size:30px\"><strong>DEL OTRO LADO DE LA FRONTERA NORTE&#8230;<\/strong><\/p>\n\n\n\n<p style=\"font-size:35px\"><\/p>\n\n\n\n<p><strong><em>* Los candidatos a la presidencia de Estados Unidos, Kamala Harris y Donald Trump, sostuvieron su primer debate antes de las elecciones de noviembre.<\/em><\/strong><\/p>\n\n\n\n<p><strong>Filadelfia, EUA. 11\/septiembre\/2024 (EFE).- El primer debate presidencial entre la vicepresidenta estadounidense, Kamala Harris, y el exmandatario republicano, Donald Trump (2017-2021), fue tambi\u00e9n la primera vez que ambos se conoc\u00edan en persona.<\/strong><\/p>\n\n\n\n<p><strong>Estos son los momentos m\u00e1s destacados de una noche que puede marcar las elecciones del 5 de noviembre, a las que ambos llegan pr\u00e1cticamente con un empate t\u00e9cnico en las encuestas, especialmente en los siete estados decisivos.<\/strong><\/p>\n\n\n\n<p style=\"font-size:25px\"><strong>\u201cHola, soy Kamala\u201d<\/strong><\/p>\n\n\n\n<p><strong>Una de las grandes inc\u00f3gnitas previas era si Harris y Trump se saludar\u00edan estrech\u00e1ndose la mano.<\/strong><\/p>\n\n\n\n<p><strong><em>Al entrar en la sala, Trump se dirigi\u00f3 directamente a su atril, mientras Harris cruz\u00f3 el escenario y le tendi\u00f3 la mano. \u201cHola, soy Kamala. Tengamos un buen debate\u201d, dijo mientras se estrechaban la mano. \u201cEncantado de verla. Que se divierta\u201d, respondi\u00f3 Trump.<\/em><\/strong><\/p>\n\n\n\n<p style=\"font-size:25px\"><strong>Lenguaje no verbal<\/strong><\/p>\n\n\n\n<p><strong><em>El debate fue especialmente acalorado y los candidatos recurrieron en varias ocasiones al lenguaje no verbal para mostrar su desaprobaci\u00f3n.<\/em><\/strong><\/p>\n\n\n\n<p><strong><em>Harris, consciente de que las televisiones suelen mostrar a los candidatos en pantalla dividida, aprovech\u00f3 para mover la cabeza en se\u00f1al de desacuerdo cuando Trump hablaba, para elevar las cejas en se\u00f1al de sorpresa o para entrecerrar sus ojos, haciendo como que intentaba seguir el hilo de sus argumentos.<\/em><\/strong><\/p>\n\n\n\n<p><strong>Por su parte, Trump esboz\u00f3 sonrisas burlonas y, en algunas ocasiones, no pudo contenerse continuando sus ataques incluso cuando los micr\u00f3fonos hab\u00edan sido silenciados, seg\u00fan pudo comprobar el reducido grupo de reporteros presente en la sala.<\/strong><\/p>\n\n\n\n<p style=\"font-size:25px\"><strong>Venezuela con esteroides<\/strong><\/p>\n\n\n\n<p><strong><em>Para Trump, si Harris se hace con la Presidencia Estados Unidos se convertir\u00e1 en \u201cVenezuela con esteroides\u201d: \u201cEst\u00e1 destrozando el pa\u00eds\u201d, dijo reforzando sus cr\u00edticas a la inmigraci\u00f3n ilegal y a la gesti\u00f3n de la frontera.<\/em><\/strong><\/p>\n\n\n\n<p><strong><em>El exmandatario acusa habitualmente a la Administraci\u00f3n de Joe Biden de abrir la frontera a los inmigrantes ilegales y de permitir que pa\u00edses como Venezuela hayan conseguido reducir su nivel de criminalidad al \u201cdeshacerse\u201d de esas personas.<\/em><\/strong><\/p>\n\n\n\n<p style=\"font-size:25px\"><strong>El color de piel de Harris<\/strong><\/p>\n\n\n\n<p><strong><em>Trump hab\u00eda puesto en duda en el pasado el origen de su rival dem\u00f3crata. \u201c\u00bfEs india o negra?\u201d, se hab\u00eda preguntado. Este martes intent\u00f3 desmarcarse de esa pol\u00e9mica: \u201cNo me puede importar menos lo que sea. Lo que ella quiera ser me parece bien\u201d, dijo justificando sus ataques anteriores en el hecho de haber le\u00eddo que no era negra.<\/em><\/strong><\/p>\n\n\n\n<p><strong>Harris, de madre india y padre jamaicano, calific\u00f3 de \u201ctragedia\u201d que un candidato a la Casa Blanca utilice la raza, en su opini\u00f3n, \u201cpara dividir\u201d a los estadounidenses.<\/strong><\/p>\n\n\n\n<p style=\"font-size:25px\"><strong>Retah\u00edla de bulos de Trump<\/strong><\/p>\n\n\n\n<p><strong><em>El exmandatario no pudo evitar repetir las mentiras a las que suele recurrir para alertar a la poblaci\u00f3n sobre los dem\u00f3cratas y su gesti\u00f3n: desde que permiten el aborto a los nueve meses de gestaci\u00f3n e incluso la ejecuci\u00f3n de beb\u00e9s reci\u00e9n nacidos.<\/em><\/strong><\/p>\n\n\n\n<p><strong><em>Este martes se hizo eco de otra ret\u00f3rica racista expandida por su bando, la que acusa a migrantes de comerse los perros y los gatos de los ciudadanos que viven en las ciudades fronterizas, algo desmentido tambi\u00e9n por las autoridades locales.<\/em><\/strong><\/p>\n\n\n\n<p><strong>La obsesi\u00f3n de Trump por el tama\u00f1o de las multitudes<\/strong><\/p>\n\n\n\n<p><strong><em>Trump presume a menudo de la cantidad de personas que asisten a sus actos. En 2017 se obsesion\u00f3 durante d\u00edas con la cobertura medi\u00e1tica de su investidura, asegurando falsamente que hab\u00eda ido m\u00e1s gente que a la de Barack Obama (2009-2021).<\/em><\/strong><\/p>\n\n\n\n<p><strong><em>Este martes incidi\u00f3 en esa l\u00ednea afirm\u00f3 que sus m\u00edtines son \u201clos mayores y m\u00e1s incre\u00edbles en la historia de la pol\u00edtica\u201d, mientras Harris consigui\u00f3 enfadarlo al decir que los ciudadanos se van de esos encuentros por cansancio y aburrimiento.<\/em><\/strong><\/p>\n\n\n\n<p style=\"font-size:25px\"><strong>Harris, armada<\/strong><\/p>\n\n\n\n<p><strong><em>Harris aprovech\u00f3 para dejar claro que tanto ella como su compa\u00f1ero de f\u00f3rmula, Tim Walz, poseen armas de fuego.<\/em><\/strong><\/p>\n\n\n\n<p><strong><em>Esta declaraci\u00f3n podr\u00eda atraer a votantes independientes que temen que los dem\u00f3cratas restrinjan la posesi\u00f3n de armas, un derecho protegido por la Constituci\u00f3n de EE.UU.<\/em><\/strong><\/p>\n\n\n\n<p><strong><em>Cuando Trump la acus\u00f3 de querer confiscar las armas a los estadounidenses, Harris respondi\u00f3: \u201cTim Walz y yo somos propietarios de armas; no vamos a quitarle las armas a nadie, as\u00ed que basta de mentir continuamente sobre este tema.\u201d<\/em><\/strong><\/p>\n\n\n\n<p><strong><em>En 2019, durante su campa\u00f1a para la nominaci\u00f3n presidencial dem\u00f3crata, Harris ya hab\u00eda mencionado que pose\u00eda un arma para su seguridad personal.<\/em><\/strong><\/p>\n","protected":false},"excerpt":{"rendered":"<p>DEL OTRO LADO DE LA FRONTERA NORTE&#8230; * Los candidatos a la presidencia de Estados Unidos, Kamala Harris y Donald Trump, sostuvieron su primer debate antes de las elecciones de noviembre. Filadelfia, EUA. 11\/septiembre\/2024 (EFE).- El primer debate presidencial entre la vicepresidenta estadounidense, Kamala Harris, y el exmandatario republicano, Donald Trump (2017-2021), fue tambi\u00e9n la [&hellip;]<\/p>\n","protected":false},"author":2,"featured_media":9753,"comment_status":"open","ping_status":"open","sticky":false,"template":"","format":"standard","meta":{"footnotes":"","_rishi_post_view_count":672},"categories":[22],"tags":[],"class_list":["post-9752","post","type-post","status-publish","format-standard","has-post-thumbnail","hentry","category-internacionales"],"comments_count":"0","_links":{"self":[{"href":"https:\/\/elpregonerodezamora.com\/index.php\/wp-json\/wp\/v2\/posts\/9752","targetHints":{"allow":["GET"]}}],"collection":[{"href":"https:\/\/elpregonerodezamora.com\/index.php\/wp-json\/wp\/v2\/posts"}],"about":[{"href":"https:\/\/elpregonerodezamora.com\/index.php\/wp-json\/wp\/v2\/types\/post"}],"author":[{"embeddable":true,"href":"https:\/\/elpregonerodezamora.com\/index.php\/wp-json\/wp\/v2\/users\/2"}],"replies":[{"embeddable":true,"href":"https:\/\/elpregonerodezamora.com\/index.php\/wp-json\/wp\/v2\/comments?post=9752"}],"version-history":[{"count":1,"href":"https:\/\/elpregonerodezamora.com\/index.php\/wp-json\/wp\/v2\/posts\/9752\/revisions"}],"predecessor-version":[{"id":9754,"href":"https:\/\/elpregonerodezamora.com\/index.php\/wp-json\/wp\/v2\/posts\/9752\/revisions\/9754"}],"wp:featuredmedia":[{"embeddable":true,"href":"https:\/\/elpregonerodezamora.com\/index.php\/wp-json\/wp\/v2\/media\/9753"}],"wp:attachment":[{"href":"https:\/\/elpregonerodezamora.com\/index.php\/wp-json\/wp\/v2\/media?parent=9752"}],"wp:term":[{"taxonomy":"category","embeddable":true,"href":"https:\/\/elpregonerodezamora.com\/index.php\/wp-json\/wp\/v2\/categories?post=9752"},{"taxonomy":"post_tag","embeddable":true,"href":"https:\/\/elpregonerodezamora.com\/index.php\/wp-json\/wp\/v2\/tags?post=9752"}],"curies":[{"name":"wp","href":"https:\/\/api.w.org\/{rel}","templated":true}]}}