{"id":9736,"date":"2024-09-10T23:44:36","date_gmt":"2024-09-10T23:44:36","guid":{"rendered":"https:\/\/elpregonerodezamora.com\/?p=9736"},"modified":"2024-09-10T23:44:36","modified_gmt":"2024-09-10T23:44:36","slug":"resolucion-del-teem-que-me-concede-la-razon-llega-tarde-y-tibia-tere-mora","status":"publish","type":"post","link":"https:\/\/elpregonerodezamora.com\/index.php\/2024\/09\/10\/resolucion-del-teem-que-me-concede-la-razon-llega-tarde-y-tibia-tere-mora\/","title":{"rendered":"RESOLUCI\u00d3N DEL TEEM QUE ME CONCEDE LA RAZ\u00d3N LLEGA TARDE Y TIBIA: TERE MORA"},"content":{"rendered":"\n<p><strong>Comunicado.-<\/strong><\/p>\n\n\n\n<p><strong><em>Zamora, Michoac\u00e1n, 10 de septiembre de 2024\u2013 La dirigente distrital del Partido del Trabajo, Teresa Mora Covarrubias, conden\u00f3 que la reciente resoluci\u00f3n emitida por el Tribunal Electoral del Estado de Michoac\u00e1n que fall\u00f3 a su favor en relaci\u00f3n a la violencia pol\u00edtica que sufri\u00f3, halla sido tan tard\u00eda. Mora Covarrubias se\u00f1al\u00f3 que este fallo lleg\u00f3 demasiado tarde y sin la oportunidad de anular la elecci\u00f3n municipal en Zamora, aun cuando el porcentaje del 4.3% permit\u00eda la anulaci\u00f3n; lo que refleja una falta de compromiso con la justicia y la equidad electoral.<\/em><\/strong><\/p>\n\n\n\n<p><strong><em>La ex candidata a la presidencia municipal expres\u00f3 su incredulidad ante el hecho de que los procuradores de justicia hayan identificado, por segunda vez, actos de violencia pol\u00edtica por razones de g\u00e9nero, y, que las \u00fanicas consecuencias han sido meras amonestaciones en redes sociales y medios de comunicaci\u00f3n. \u201cEs inaceptable que se minimicen estos actos graves que afectan la integridad de las mujeres en la pol\u00edtica\u201d, afirm\u00f3.<\/em><\/strong><\/p>\n\n\n\n<p><strong><em>Mora Covarrubias lament\u00f3 la indiferencia mostrada ante los hechos violentos sufridos tanto durante su campa\u00f1a como en el proceso de recuento de votos. Subray\u00f3 que esta situaci\u00f3n demuestra que en Zamora prevalece la protecci\u00f3n e impunidad de los responsables, lo cual genera un entorno de desigualdad y desconfianza en el Poder Judicial, fundamental para el fortalecimiento de la democracia.<\/em><\/strong><\/p>\n\n\n\n<p><strong><em>La dirigente petista manifest\u00f3 que el tiempo le ha dado la raz\u00f3n, condenando que aquellos que ejercen abiertamente la violencia contin\u00faen dirigiendo la administraci\u00f3n p\u00fablica en Zamora. Esta situaci\u00f3n no solo es perjudicial para las mujeres, sino que afecta a toda la sociedad, que merece l\u00edderes comprometidos con la justicia y la equidad.<\/em><\/strong><\/p>\n\n\n\n<p><strong><em>Finalmente, Teresa Mora Covarrubias advirti\u00f3 que, como en cada ocasi\u00f3n, seguir\u00e1 trabajando incansablemente en favor del pueblo michoacano. \u201cEl alto sentido del honor y la dignidad son valores que deben primar sobre cualquier inter\u00e9s personal\u201d, concluy\u00f3, reafirmando su compromiso con la lucha contra la violencia pol\u00edtica y la promoci\u00f3n de un entorno m\u00e1s justo para todos.<\/em><\/strong><\/p>\n","protected":false},"excerpt":{"rendered":"<p>Comunicado.- Zamora, Michoac\u00e1n, 10 de septiembre de 2024\u2013 La dirigente distrital del Partido del Trabajo, Teresa Mora Covarrubias, conden\u00f3 que la reciente resoluci\u00f3n emitida por el Tribunal Electoral del Estado de Michoac\u00e1n que fall\u00f3 a su favor en relaci\u00f3n a la violencia pol\u00edtica que sufri\u00f3, halla sido tan tard\u00eda. Mora Covarrubias se\u00f1al\u00f3 que este fallo [&hellip;]<\/p>\n","protected":false},"author":2,"featured_media":9737,"comment_status":"open","ping_status":"open","sticky":false,"template":"","format":"standard","meta":{"footnotes":"","_rishi_post_view_count":592},"categories":[197],"tags":[],"class_list":["post-9736","post","type-post","status-publish","format-standard","has-post-thumbnail","hentry","category-politica"],"comments_count":"0","_links":{"self":[{"href":"https:\/\/elpregonerodezamora.com\/index.php\/wp-json\/wp\/v2\/posts\/9736","targetHints":{"allow":["GET"]}}],"collection":[{"href":"https:\/\/elpregonerodezamora.com\/index.php\/wp-json\/wp\/v2\/posts"}],"about":[{"href":"https:\/\/elpregonerodezamora.com\/index.php\/wp-json\/wp\/v2\/types\/post"}],"author":[{"embeddable":true,"href":"https:\/\/elpregonerodezamora.com\/index.php\/wp-json\/wp\/v2\/users\/2"}],"replies":[{"embeddable":true,"href":"https:\/\/elpregonerodezamora.com\/index.php\/wp-json\/wp\/v2\/comments?post=9736"}],"version-history":[{"count":1,"href":"https:\/\/elpregonerodezamora.com\/index.php\/wp-json\/wp\/v2\/posts\/9736\/revisions"}],"predecessor-version":[{"id":9738,"href":"https:\/\/elpregonerodezamora.com\/index.php\/wp-json\/wp\/v2\/posts\/9736\/revisions\/9738"}],"wp:featuredmedia":[{"embeddable":true,"href":"https:\/\/elpregonerodezamora.com\/index.php\/wp-json\/wp\/v2\/media\/9737"}],"wp:attachment":[{"href":"https:\/\/elpregonerodezamora.com\/index.php\/wp-json\/wp\/v2\/media?parent=9736"}],"wp:term":[{"taxonomy":"category","embeddable":true,"href":"https:\/\/elpregonerodezamora.com\/index.php\/wp-json\/wp\/v2\/categories?post=9736"},{"taxonomy":"post_tag","embeddable":true,"href":"https:\/\/elpregonerodezamora.com\/index.php\/wp-json\/wp\/v2\/tags?post=9736"}],"curies":[{"name":"wp","href":"https:\/\/api.w.org\/{rel}","templated":true}]}}