{"id":9724,"date":"2024-09-10T18:43:41","date_gmt":"2024-09-10T18:43:41","guid":{"rendered":"https:\/\/elpregonerodezamora.com\/?p=9724"},"modified":"2024-09-10T18:43:42","modified_gmt":"2024-09-10T18:43:42","slug":"la-reforma-judicial-y-el-tpo-de-cambio","status":"publish","type":"post","link":"https:\/\/elpregonerodezamora.com\/index.php\/2024\/09\/10\/la-reforma-judicial-y-el-tpo-de-cambio\/","title":{"rendered":"LA REFORMA JUDICIAL Y EL TPO DE CAMBIO"},"content":{"rendered":"\n<p style=\"font-size:35px\"><strong>LAS PEQUE\u00d1AS COSAS&#8230;<\/strong><\/p>\n\n\n\n<p><strong>Eliseo Castillo<\/strong><\/p>\n\n\n\n<p><\/p>\n\n\n\n<p><strong>                                                           DALIA, AMIGA<\/strong><\/p>\n\n\n\n<p class=\"has-text-align-right\"><strong><em>&#8220;Con la sensatez del tiempo que corrige, \/ viejas estructuras de emociones idas, \/ por todo lo grande que una vez vivimos, \/ busco tu mano, algo de aquella sonrisa, \/ tan s\u00f3lo por peque\u00f1as migas de tu vida; \/ luego de un gran pasado, busco tu mano, \/ de entonces querida, hoy extra\u00f1ada amiga&#8221;&#8230;<\/em>el\u00edseo<\/strong><\/p>\n\n\n\n<p><\/p>\n\n\n\n<p><strong><em>Con la fiesta que confiesa el informe presentado por la propia presidenta del la Suprema Corte de Justicia de la Naci\u00f3n, Norma Pi\u00f1a; queda poco margen para defender el nepotismo con que se opera en al mismo.<\/em><\/strong><\/p>\n\n\n\n<p>Ahora si que, en el idioma de los abogados&#8230;a confesi\u00f3n de parte, relevo de pruebas.<\/p>\n\n\n\n<p><strong><em>El citado informe se\u00f1ala que, efectivamente, casi la mitad de empleados que laboran en poder judicial tiene un pariente en el mismo; de esta forma se acepta que se est\u00e1 violando la ley del servicio p\u00fablico; se practica el nepotismo.<\/em><\/strong><\/p>\n\n\n\n<p><strong><em>Con informaci\u00f3n del propio poder judicial, el reportero Iv\u00e1n Evair Salda\u00f1a, en el peri\u00f3dico La Jornada, del d\u00eda de hoy, martes 10 de septiembre, de 2024; nos ofrece un documento en que reconoce que hasta el a\u00f1o 2022 se registraban 49 630 empleados; de estos, se acepta que al menos 24 546 ten\u00edan un familiar dentro del sistema laboral (nepotismo, recomendados por parentesco, o palancas).<\/em><\/strong><\/p>\n\n\n\n<p><strong><em>Si esto no es un acto de corrupci\u00f3n, busque usted otra calificativo, al final no hay forma de negarlo; es un acto de abuso de palancas, chantaje, moche, como usted lo acomode.<\/em><\/strong><\/p>\n\n\n\n<p><strong><em>La misma fuente nos dice que para 2024; se registran 44 432 empleados ; de estos, la cantidad de familiares y amigos (amantes&#8230;, mujeres y hombres, aunque sonr\u00eda usted; es muy frecuente esto, se acomodan a los amantes, de esta forma no se les tiene que dar dinero, se les mete a la n\u00f3mina) es de 16 639 trabajadores.<\/em><\/strong><\/p>\n\n\n\n<p><strong>Con los datos del propio poder judicial.<\/strong><\/p>\n\n\n\n<p><strong><em>Si esto no justifica una reforma al poder judicial&#8230;; pues mejor cambiemos de tema; sigamos con la pol\u00edtica de los cuates, los moches, los y las amantes gratis, gracias al gasto p\u00fablico, y a las chambas para los suegros, los padres, las cu\u00f1adas&#8230;<\/em><\/strong><\/p>\n\n\n\n<p><strong><em>Despu\u00e9s de ver a los magistrados ir a saludar a los senadores de la oposici\u00f3n acuartelados por el empresario Claudio X. Gonz\u00e1lez para manifestarles su apoyo&#8230; \u00a1D\u00f3nde queda a separaci\u00f3n de poderes&#8230;?<\/em><\/strong><\/p>\n\n\n\n<p><strong><em>Pero creo que no deben temer algo; al final les conviene la reforma a los magistrados; de otra forma la presidenta Claudia incrementar\u00eda su poder, ya que ella es la responsable de designar a los futuros magistrados, al menos tres el a\u00f1o entrante, y no necesita m\u00e1s que proponer a personas de su confianza&#8230;; de hecho la reforma le afecta a la presidenta, y le beneficia a los magistrados de la oposici\u00f3n&#8230;<\/em><\/strong><\/p>\n\n\n\n<p><strong>\u00a1Ah, pero el rencor y la guerra por el poder, en ocasiones nos pierden dem\u00e1s&#8230;!<\/strong><\/p>\n\n\n\n<p style=\"font-size:30px\"><strong>\u00bfY el tipo de cambio ap\u00e1&#8230;?<\/strong><\/p>\n\n\n\n<p><strong><em>El presidente AMLO lo niega como forma de sostener algo absurdo; que el peso se est\u00e1 devaluando por factores externos; ya se parece a la oposici\u00f3n negacionista, que para tumbar al gobierno, se\u00f1alaban que los males del tipo de cambio eran por problemas internos; mientras que la revaluaci\u00f3n del peso era chiripa, o de plano por factores externos.<\/em><\/strong><\/p>\n\n\n\n<p><strong><em>Todo esto es una media verdad, y una tonter\u00eda; claro que las monedas se aprecian y deprecian a partir de factores internos y externos; pero fundamentalmente por factores objetivos y subjetivos.<\/em><\/strong><\/p>\n\n\n\n<p style=\"font-size:25px\"><strong>Factores&#8230;<\/strong><\/p>\n\n\n\n<p><strong><em>Si una econom\u00eda se consolida, normalmente la moneda se aprecia; se ordenan las finanzas p\u00fablicas, mejora la visi\u00f3n que se tiene del pa\u00eds, y los especuladores se tranquilizan.<\/em><\/strong><\/p>\n\n\n\n<p><strong><em>Si la econom\u00eda va mal, regularmente se abre la especulaci\u00f3n, y los factores subjetivos: confianza, tranquilidad, credibilidad, se alteran y la moneda tiende a devaluarse.<\/em><\/strong><\/p>\n\n\n\n<p><strong><em>La guerra contra el gobierno de AMLO est\u00e1 desatada, la propaganda busca generar desconfianza entre los ahorradores y especuladores; se usa la idea de que la reforma al poder judicial es mala, negativa, y va a darle m\u00e1s poder a la presidenta Claudia, cuando es al contrario; le va a restar poder.<\/em><\/strong><\/p>\n\n\n\n<p><strong><em>Por tanto, la evaluaci\u00f3n o revaluaci\u00f3n se relaciona con factores internos y externos; materiales y emocionales; dejemos de decir tantas tonter\u00edas; hasta las que en ocasiones dice el presidente AMLO al respecto.<\/em><\/strong><\/p>\n\n\n\n<p><strong><em>No es cierto lo que dice al afirmar que el peso se esta devaluando por factores externos; es una mentira tan tonta que no se sostiene de ninguna manera; es una reacci\u00f3n l\u00f3gica de la guerra contra su gobierno que se desata desde dentro del pa\u00eds; desde televisa, tv-azteca e Imagen televisi\u00f3n; desde los peri\u00f3dicos y las redes sociales.<\/em><\/strong><\/p>\n\n\n\n<p><strong><em>Digamos que la oposici\u00f3n est\u00e1 emocionada tratando de destruir el pa\u00eds, a cambio de desacreditar a AMLO; ese es su tama\u00f1o del rencor por este personaje.<\/em><\/strong><\/p>\n\n\n\n<p><strong><em>Los tama\u00f1os del rencor de la oposici\u00f3n se est\u00e1n manifestando de manera clara; son capaces de destruir el pa\u00eds, con tal de conseguir sus metas&#8230;; s\u00f3lo v\u00e9alos y esc\u00fachelos como anhelan que el peso se vaya a los 25, a los 30 pesos por d\u00f3lar&#8230;<\/em><\/strong><\/p>\n\n\n\n<p style=\"font-size:25px\"><strong>Ese es su tama\u00f1o de rencor&#8230;<\/strong><\/p>\n\n\n\n<p><strong>Le abrazo.<\/strong><\/p>\n\n\n\n<figure class=\"wp-block-embed\"><div class=\"wp-block-embed__wrapper\">\nhttps:\/\/elpregonerodezamora.com\n<\/div><\/figure>\n\n\n\n<p><a href=\"https:\/\/www.facebook.com\/photo\/?fbid=811889644446203&amp;set=a.370963018538870&amp;__cft__[0]=AZXsxZNKWhn_OVXheSoZPO5Qi6N42QtvjShvO5SS7306xe_EST2gU1S3DDLfhU4JrSrgUNbnPeNCW66eSHm3hDd_ORe62D-qUfpTdwQK9NOxvm-5XL1GHCmXLh3vPNx-waMxNrsSq6_AEQqr9rn89sYo3BTPHbATq4td4kRGwYPEHmpdqmB6kUYEbScabo6ONlzOG0j7TScuT7ajgNcb-be4&amp;__tn__=EH-R\"><\/a><\/p>\n\n\n\n<figure class=\"wp-block-image\"><a href=\"https:\/\/www.facebook.com\/photo\/?fbid=811889644446203&amp;set=a.370963018538870&amp;__cft__[0]=AZXsxZNKWhn_OVXheSoZPO5Qi6N42QtvjShvO5SS7306xe_EST2gU1S3DDLfhU4JrSrgUNbnPeNCW66eSHm3hDd_ORe62D-qUfpTdwQK9NOxvm-5XL1GHCmXLh3vPNx-waMxNrsSq6_AEQqr9rn89sYo3BTPHbATq4td4kRGwYPEHmpdqmB6kUYEbScabo6ONlzOG0j7TScuT7ajgNcb-be4&amp;__tn__=EH-R\"><img decoding=\"async\" src=\"https:\/\/scontent.fzmm2-1.fna.fbcdn.net\/v\/t39.30808-6\/459091264_811889647779536_4517031044190552093_n.jpg?stp=dst-jpg_p843x403&amp;_nc_cat=100&amp;ccb=1-7&amp;_nc_sid=127cfc&amp;_nc_eui2=AeHvS3SIByNyKdQVpv1xftBmAh-G2dDTLWwCH4bZ0NMtbDk9aF1fUnV0TsmxQ1usADrbYv_u-ugP-0BreIgb6dgA&amp;_nc_ohc=FoRKIFjeF5QQ7kNvgHB58dR&amp;_nc_ht=scontent.fzmm2-1.fna&amp;_nc_gid=AShEoOC50raYSKV_WCqL219&amp;oh=00_AYCbo8EovNF_DJ_Uf8XaqyQC4tXbS0Z2iHNVtuGs-FZPBA&amp;oe=66E653D9\" alt=\"Puede ser una imagen de dinero y texto\"\/><\/a><\/figure>\n\n\n\n<p>Eliseo Castillo<\/p>\n\n\n\n<p>LA <a><\/a>REFORMA JUDICIAL Y EL TPO DE CAMBIO<\/p>\n\n\n\n<p>DALIA, AMIGA<\/p>\n\n\n\n<p>&#8220;Con la sensatez del tiempo que corrige, \/ viejas estructuras de emociones idas, \/ por todo lo grande que una vez vivimos, \/ busco tu mano, algo de aquella sonrisa, \/ tan s\u00f3lo por peque\u00f1as migas de tu vida; \/ luego de un gran pasado, busco tu mano, \/ de entonces querida, hoy extra\u00f1ada amiga&#8221;&#8230;el\u00edseo<\/p>\n\n\n\n<p>Con la fiesta que confiesa el informe presentado por la propia presidenta del la Suprema Corte de Justicia de la Naci\u00f3n, Norma Pi\u00f1a; queda poco margen para defender el nepotismo con que se opera en al mismo.<\/p>\n\n\n\n<p>Ahora si que, en el idioma de los abogados&#8230;a confesi\u00f3n de parte, relevo de pruebas.<\/p>\n\n\n\n<p>El citado informe se\u00f1ala que, efectivamente, casi la mitad de empleados que laboran en poder judicial tiene un pariente en el mismo; de esta forma se acepta que se est\u00e1 violando la ley del servicio p\u00fablico; se practica el nepotismo.<\/p>\n\n\n\n<p>Con informaci\u00f3n del propio poder judicial, el reportero Iv\u00e1n Evair Salda\u00f1a, en el peri\u00f3dico La Jornada, del d\u00eda de hoy, martes 10 de septiembre, de 2024; nos ofrece un documento en que reconoce que hasta el a\u00f1o 2022 se registraban 49 630 empleados; de estos, se acepta que al menos 24 546 ten\u00edan un familiar dentro del sistema laboral (nepotismo, recomendados por parentesco, o palancas).<\/p>\n\n\n\n<p>Si esto no es un acto de corrupci\u00f3n, busque usted otra calificativo, al final no hay forma de negarlo; es un acto de abuso de palancas, chantaje, moche, como usted lo acomode.<\/p>\n\n\n\n<p>La misma fuente nos dice que para 2024; se registran 44 432 empleados ; de estos, la cantidad de familiares y amigos (amantes&#8230;, mujeres y hombres, aunque sonr\u00eda usted; es muy frecuente esto, se acomodan a los amantes, de esta forma no se les tiene que dar dinero, se les mete a la n\u00f3mina) es de 16 639 trabajadores.<\/p>\n\n\n\n<p>Con los datos del propio poder judicial.<\/p>\n\n\n\n<p>Si esto no justifica una reforma al poder judicial&#8230;; pues mejor cambiemos de tema; sigamos con la pol\u00edtica de los cuates, los moches, los y las amantes gratis, gracias al gasto p\u00fablico, y a las chambas para los suegros, los padres, las cu\u00f1adas&#8230;<\/p>\n\n\n\n<p>Despu\u00e9s de ver a los magistrados ir a saludar a los senadores de la oposici\u00f3n acuartelados por el empresario Claudio X. Gonz\u00e1lez para manifestarles su apoyo&#8230; \u00a1D\u00f3nde queda a separaci\u00f3n de poderes&#8230;?<\/p>\n\n\n\n<p>Pero creo que no deben temer algo; al final les conviene la reforma a los magistrados; de otra forma la presidenta Claudia incrementar\u00eda su poder, ya que ella es la responsable de designar a los futuros magistrados, al menos tres el a\u00f1o entrante, y no necesita m\u00e1s que proponer a personas de su confianza&#8230;; de hecho la reforma le afecta a la presidenta, y le beneficia a los magistrados de la oposici\u00f3n&#8230;<\/p>\n\n\n\n<p>\u00a1Ah, pero el rencor y la guerra por el poder, en ocasiones nos pierden dem\u00e1s&#8230;!<\/p>\n\n\n\n<p>\u00bfY el tipo de cambio ap\u00e1&#8230;?<\/p>\n\n\n\n<p>El presidente AMLO lo niega como forma de sostener algo absurdo; que el peso se est\u00e1 devaluando por factores externos; ya se parece a la oposici\u00f3n negacionista, que para tumbar al gobierno, se\u00f1alaban que los males del tipo de cambio eran por problemas internos; mientras que la revaluaci\u00f3n del peso era chiripa, o de plano por factores externos.<\/p>\n\n\n\n<p>Todo esto es una media verdad, y una tonter\u00eda; claro que las monedas se aprecian y deprecian a partir de factores internos y externos; pero fundamentalmente por factores objetivos y subjetivos.<\/p>\n\n\n\n<p>Factores&#8230;<\/p>\n\n\n\n<p>Si una econom\u00eda se consolida, normalmente la moneda se aprecia; se ordenan las finanzas p\u00fablicas, mejora la visi\u00f3n que se tiene del pa\u00eds, y los especuladores se tranquilizan.<\/p>\n\n\n\n<p>Si la econom\u00eda va mal, regularmente se abre la especulaci\u00f3n, y los factores subjetivos: confianza, tranquilidad, credibilidad, se alteran y la moneda tiende a devaluarse.<\/p>\n\n\n\n<p>La guerra contra el gobierno de AMLO est\u00e1 desatada, la propaganda busca generar desconfianza entre los ahorradores y especuladores; se usa la idea de que la reforma al poder judicial es mala, negativa, y va a darle m\u00e1s poder a la presidenta Claudia, cuando es al contrario; le va a restar poder.<\/p>\n\n\n\n<p>Por tanto, la evaluaci\u00f3n o revaluaci\u00f3n se relaciona con factores internos y externos; materiales y emocionales; dejemos de decir tantas tonter\u00edas; hasta las que en ocasiones dice el presidente AMLO al respecto.<\/p>\n\n\n\n<p>No es cierto lo que dice al afirmar que el peso se esta devaluando por factores externos; es una mentira tan tonta que no se sostiene de ninguna manera; es una reacci\u00f3n l\u00f3gica de la guerra contra su gobierno que se desata desde dentro del pa\u00eds; desde televisa, tv-azteca e Imagen televisi\u00f3n; desde los peri\u00f3dicos y las redes sociales.<\/p>\n\n\n\n<p>Digamos que la oposici\u00f3n est\u00e1 emocionada tratando de destruir el pa\u00eds, a cambio de desacreditar a AMLO; ese es su tama\u00f1o del rencor por este personaje.<\/p>\n\n\n\n<p>Los tama\u00f1os del rencor de la oposici\u00f3n se est\u00e1n manifestando de manera clara; son capaces de destruir el pa\u00eds, con tal de conseguir sus metas&#8230;; s\u00f3lo v\u00e9alos y esc\u00fachelos como anhelan que el peso se vaya a los 25, a los 30 pesos por d\u00f3lar&#8230;<\/p>\n\n\n\n<p>Ese es su tama\u00f1o de rencor&#8230;<\/p>\n\n\n\n<p>Le abrazo.<\/p>\n\n\n\n<figure class=\"wp-block-embed\"><div class=\"wp-block-embed__wrapper\">\nhttps:\/\/elpregonerodezamora.com\n<\/div><\/figure>\n\n\n\n<p><a href=\"https:\/\/www.facebook.com\/photo\/?fbid=811889644446203&amp;set=a.370963018538870&amp;__cft__[0]=AZXsxZNKWhn_OVXheSoZPO5Qi6N42QtvjShvO5SS7306xe_EST2gU1S3DDLfhU4JrSrgUNbnPeNCW66eSHm3hDd_ORe62D-qUfpTdwQK9NOxvm-5XL1GHCmXLh3vPNx-waMxNrsSq6_AEQqr9rn89sYo3BTPHbATq4td4kRGwYPEHmpdqmB6kUYEbScabo6ONlzOG0j7TScuT7ajgNcb-be4&amp;__tn__=EH-R\"><\/a><\/p>\n\n\n\n<figure class=\"wp-block-image\"><a href=\"https:\/\/www.facebook.com\/photo\/?fbid=811889644446203&amp;set=a.370963018538870&amp;__cft__[0]=AZXsxZNKWhn_OVXheSoZPO5Qi6N42QtvjShvO5SS7306xe_EST2gU1S3DDLfhU4JrSrgUNbnPeNCW66eSHm3hDd_ORe62D-qUfpTdwQK9NOxvm-5XL1GHCmXLh3vPNx-waMxNrsSq6_AEQqr9rn89sYo3BTPHbATq4td4kRGwYPEHmpdqmB6kUYEbScabo6ONlzOG0j7TScuT7ajgNcb-be4&amp;__tn__=EH-R\"><img decoding=\"async\" src=\"https:\/\/scontent.fzmm2-1.fna.fbcdn.net\/v\/t39.30808-6\/459091264_811889647779536_4517031044190552093_n.jpg?stp=dst-jpg_p843x403&amp;_nc_cat=100&amp;ccb=1-7&amp;_nc_sid=127cfc&amp;_nc_eui2=AeHvS3SIByNyKdQVpv1xftBmAh-G2dDTLWwCH4bZ0NMtbDk9aF1fUnV0TsmxQ1usADrbYv_u-ugP-0BreIgb6dgA&amp;_nc_ohc=FoRKIFjeF5QQ7kNvgHB58dR&amp;_nc_ht=scontent.fzmm2-1.fna&amp;_nc_gid=AShEoOC50raYSKV_WCqL219&amp;oh=00_AYCbo8EovNF_DJ_Uf8XaqyQC4tXbS0Z2iHNVtuGs-FZPBA&amp;oe=66E653D9\" alt=\"Puede ser una imagen de dinero y texto\"\/><\/a><\/figure>\n","protected":false},"excerpt":{"rendered":"<p>LAS PEQUE\u00d1AS COSAS&#8230; Eliseo Castillo DALIA, AMIGA &#8220;Con la sensatez del tiempo que corrige, \/ viejas estructuras de emociones idas, \/ por todo lo grande que una vez vivimos, \/ busco tu mano, algo de aquella sonrisa, \/ tan s\u00f3lo por peque\u00f1as migas de tu vida; \/ luego de un gran pasado, busco tu mano, [&hellip;]<\/p>\n","protected":false},"author":2,"featured_media":9725,"comment_status":"open","ping_status":"open","sticky":false,"template":"","format":"standard","meta":{"footnotes":"","_rishi_post_view_count":490},"categories":[1],"tags":[],"class_list":["post-9724","post","type-post","status-publish","format-standard","has-post-thumbnail","hentry","category-opinion"],"comments_count":"0","_links":{"self":[{"href":"https:\/\/elpregonerodezamora.com\/index.php\/wp-json\/wp\/v2\/posts\/9724","targetHints":{"allow":["GET"]}}],"collection":[{"href":"https:\/\/elpregonerodezamora.com\/index.php\/wp-json\/wp\/v2\/posts"}],"about":[{"href":"https:\/\/elpregonerodezamora.com\/index.php\/wp-json\/wp\/v2\/types\/post"}],"author":[{"embeddable":true,"href":"https:\/\/elpregonerodezamora.com\/index.php\/wp-json\/wp\/v2\/users\/2"}],"replies":[{"embeddable":true,"href":"https:\/\/elpregonerodezamora.com\/index.php\/wp-json\/wp\/v2\/comments?post=9724"}],"version-history":[{"count":1,"href":"https:\/\/elpregonerodezamora.com\/index.php\/wp-json\/wp\/v2\/posts\/9724\/revisions"}],"predecessor-version":[{"id":9726,"href":"https:\/\/elpregonerodezamora.com\/index.php\/wp-json\/wp\/v2\/posts\/9724\/revisions\/9726"}],"wp:featuredmedia":[{"embeddable":true,"href":"https:\/\/elpregonerodezamora.com\/index.php\/wp-json\/wp\/v2\/media\/9725"}],"wp:attachment":[{"href":"https:\/\/elpregonerodezamora.com\/index.php\/wp-json\/wp\/v2\/media?parent=9724"}],"wp:term":[{"taxonomy":"category","embeddable":true,"href":"https:\/\/elpregonerodezamora.com\/index.php\/wp-json\/wp\/v2\/categories?post=9724"},{"taxonomy":"post_tag","embeddable":true,"href":"https:\/\/elpregonerodezamora.com\/index.php\/wp-json\/wp\/v2\/tags?post=9724"}],"curies":[{"name":"wp","href":"https:\/\/api.w.org\/{rel}","templated":true}]}}