{"id":9706,"date":"2024-09-09T18:16:34","date_gmt":"2024-09-09T18:16:34","guid":{"rendered":"https:\/\/elpregonerodezamora.com\/?p=9706"},"modified":"2024-09-09T18:16:35","modified_gmt":"2024-09-09T18:16:35","slug":"poder-judicial-entre-el-engano-y-la-corrupcion","status":"publish","type":"post","link":"https:\/\/elpregonerodezamora.com\/index.php\/2024\/09\/09\/poder-judicial-entre-el-engano-y-la-corrupcion\/","title":{"rendered":"PODER JUDICIAL, ENTRE EL ENGA\u00d1O Y LA CORRUPCI\u00d3N"},"content":{"rendered":"\n<p style=\"font-size:35px\"><strong>LA ECONOM\u00cdA Y USTED&#8230;<\/strong><\/p>\n\n\n\n<p><strong>Eliseo Castillo<\/strong><\/p>\n\n\n\n<p><\/p>\n\n\n\n<p><strong>ECOS DE TU VOZ<\/strong><\/p>\n\n\n\n<p class=\"has-text-align-right\"><strong><em>&#8220;Suena an\u00e1rquica, y sin recato o prejuicio, \/ palabras de diario, del uso de la gente, \/ tu voz las modula, las taladra, \/ nostalgia de o\u00edrte me asalta, me despierta, \/ nostalgia de verte, es la verdad oculta&#8221;&#8230; el\u00edseo<\/em><\/strong><\/p>\n\n\n\n<p><\/p>\n\n\n\n<p><strong><em>&#8220;De tiempo atr\u00e1s se conoci\u00f3 que Norma Pi\u00f1a ocup\u00f3 &#8220;el \u00faltimo lugar en desempe\u00f1o&#8221; en la terna propuesta por el presidente Enrique Pe\u00f1a Nieto para suceder en el cargo a la ministra Olga S\u00e1nchez Cordero en la Suprema Corte de Justicia de la naci\u00f3n (SCJN). Lo intent\u00f3 dos veces, hasta que en 2015, por medio de un oscuro acuerdo entre PRI y PAN para imponerla, fue seleccionada para ocupar tal posici\u00f3n.<\/em><\/strong><\/p>\n\n\n\n<p><strong><em>M\u00e1s adelante (2023) quiso ser presidenta del &#8220;m\u00e1ximo tribunal&#8221; del pa\u00eds (de pasadita del Consejo de la Judicatura Federal) y a duras penas lo logr\u00f3 luego de tres rondas de votaci\u00f3n, de tal suerte que no lleg\u00f3 por capacidad, sino por influencia, pr\u00e1ctica por dem\u00e1s usual en la nepotista mafia del Poder Judicial&#8221;.<\/em><\/strong><\/p>\n\n\n\n<p><strong>Fuente: Carlos Fern\u00e1ndez-Vega; peri\u00f3dico La Jornada, viernes 6 de septiembre de 2024, pag.22<\/strong><\/p>\n\n\n\n<p><strong><em>Este es el personaje que dice defender la ley, la legalidad en relaci\u00f3n a los poderes de la Suprema Corte de Justicia de la Naci\u00f3n; desde su lenguaje corporal se ve lo que es realmente esta se\u00f1ora; ya cuando abre la boca, es de pena ajena pensar que es la presidenta de la instituci\u00f3n encargada de impartir justicia en la naci\u00f3n.<\/em><\/strong><\/p>\n\n\n\n<p><strong><em>No es m\u00e1s que un personaje impuesto por los intereses del expresidente Pe\u00f1a Nieto, quien desde su poca inteligencia, sus prendas intelectuales no dan para m\u00e1s; se limit\u00f3 a acomodar a personas a modo para que la justicia siguiera siendo lo que ha sido&#8230;, un lugar de colocaci\u00f3n de familiares con altos salarios; confesado por la propia Norma Pi\u00f1a, quien acept\u00f3 como ver\u00eddico el estudio que revela que miles de empleados son parientes de ministros y jueces; la parentela va desde colocar a hermanos, padres, hijos, sobrinos, t\u00edos, abuelos, esposas, suegras y amantes.<\/em><\/strong><\/p>\n\n\n\n<p><strong><em>Toda esta gente pagada por el pueblo que aporta impuestos; lo queramos o no, los niveles de corrupci\u00f3n son muy altos; la propia presidenta ha aceptado que al menos el 40 por ciento del personal son parientes de los altos funcionarios.<\/em><\/strong><\/p>\n\n\n\n<p style=\"font-size:25px\"><strong>Este es el nivel de cinismo que cargan los que est\u00e1n defendiendo al poder judicial; son en buena parte parientes, y deben el favor del puesto.<\/strong><\/p>\n\n\n\n<p style=\"font-size:25px\"><strong>La ignorancia como bandera de los defensores&#8230;<\/strong><\/p>\n\n\n\n<p><strong><em>Salen a la calle con pancartas, cartulinas, en ellas se dice defender lo que se ignora; ninguno, de quienes son entrevistados saben realmente lo que defienden&#8230;; bueno si lo saben: defienden el favor recibido al ser acomodados por alg\u00fan pariente, o por la venta del puesto que ocupan, vaya usted a saber&#8230;<\/em><\/strong><\/p>\n\n\n\n<p style=\"font-size:25px\"><strong>La verdad es muy simple&#8230;<\/strong><\/p>\n\n\n\n<p><strong><em>&#8220;Los candidatos deber\u00e1n tener t\u00edtulo en derecho, con cinco a\u00f1os de antig\u00fcedad para ministros de la SCJN y magistrados del TEPFJ y tres a\u00f1os para jueces de distrito y magistrados de circuito, as\u00ed como promedio de 9 en la materia en la que van a desempe\u00f1arse, no haber sido funcionarios federales y tener una \u00e9tica intachable.<\/em><\/strong><\/p>\n\n\n\n<p><strong><em>Ser\u00e1n los tres poderes de la Uni\u00f3n los que propongan a los aspirantes. El Senado de la Rep\u00fablica validar\u00e1 que cumplan con los requisitos de la ley y seleccionar\u00e1n a los mejores perfiles y, mediante insaculaci\u00f3n, se elegir\u00e1n tres candidatos por cargo.<\/em><\/strong><\/p>\n\n\n\n<p style=\"font-size:25px\"><strong>Los procesos judiciales se transparentar\u00e1n y los juzgadores dejar\u00e1n de atender los intereses de unos cuantos&#8230;<\/strong><\/p>\n\n\n\n<p><strong><em>Se reduce el periodo de encargo de ministras y ministros de 15 a 12 a\u00f1os; se eliminan las pensiones vitalicias para actuales y futuros ministros; las remuneraciones se ajustan al tope establecido para la Presidencia de la Rep\u00fablica&#8230;&#8221;<\/em><\/strong><\/p>\n\n\n\n<p><strong>Fuente: Antonio Gershenson; en peri\u00f3dico La Jornada, domingo 8 de septiembre, 2024, pag.15<\/strong><\/p>\n\n\n\n<p style=\"font-size:25px\"><strong>As\u00ed de simple&#8230;<\/strong><\/p>\n\n\n\n<p><strong><em>Lo que hemos visto hasta este momento es una mezcla de ignorancia y desinformaci\u00f3n mediante la cual los inconformes cargan con una penosa actitud; ignoran las razones medulares por las que est\u00e1n protestando; lo \u00fanico claro, parecer es la defensa de su chamba; con la ignorancia de lo que se propone en la reforma.<\/em><\/strong><\/p>\n\n\n\n<p><strong><em>Desde que se ve y escucha a la ministra Norma Pi\u00f1a, adem\u00e1s de pena ajena, provoca una mala impresi\u00f3n&#8230; \u00a1no es posible que el pa\u00eds tenga a este tipo de representantes de impartici\u00f3n de justicia! imposible generar sensaciones de confianza en su conocimiento y don de persona justa.<\/em><\/strong><\/p>\n\n\n\n<p><strong><em>La reforma al poder judicial no es un pasaporte a la mejor\u00eda indudable; esa es una mentira por adelantado; nada garantiza que se mejore sustancialmente en la impartici\u00f3n de la justicia; es una posibilidad solamente; pero nada lo garantiza.<\/em><\/strong><\/p>\n\n\n\n<p><strong>No enga\u00f1emos; no necesariamente los cambios mejoran, es una posibilidad solamente; la propuesta va, pero s\u00f3lo eso.<\/strong><\/p>\n\n\n\n<p><strong>Adem\u00e1s, mientras los Senadores del PRI; PAN; MC lo rechacen, la reforma no va a pasar; as\u00ed de simple; as\u00ed de complicado.<\/strong><\/p>\n\n\n\n<p style=\"font-size:25px\"><strong>Le abrazo.<\/strong><\/p>\n","protected":false},"excerpt":{"rendered":"<p>LA ECONOM\u00cdA Y USTED&#8230; Eliseo Castillo ECOS DE TU VOZ &#8220;Suena an\u00e1rquica, y sin recato o prejuicio, \/ palabras de diario, del uso de la gente, \/ tu voz las modula, las taladra, \/ nostalgia de o\u00edrte me asalta, me despierta, \/ nostalgia de verte, es la verdad oculta&#8221;&#8230; el\u00edseo &#8220;De tiempo atr\u00e1s se conoci\u00f3 [&hellip;]<\/p>\n","protected":false},"author":2,"featured_media":9707,"comment_status":"open","ping_status":"open","sticky":false,"template":"","format":"standard","meta":{"footnotes":"","_rishi_post_view_count":485},"categories":[1],"tags":[],"class_list":["post-9706","post","type-post","status-publish","format-standard","has-post-thumbnail","hentry","category-opinion"],"comments_count":"0","_links":{"self":[{"href":"https:\/\/elpregonerodezamora.com\/index.php\/wp-json\/wp\/v2\/posts\/9706","targetHints":{"allow":["GET"]}}],"collection":[{"href":"https:\/\/elpregonerodezamora.com\/index.php\/wp-json\/wp\/v2\/posts"}],"about":[{"href":"https:\/\/elpregonerodezamora.com\/index.php\/wp-json\/wp\/v2\/types\/post"}],"author":[{"embeddable":true,"href":"https:\/\/elpregonerodezamora.com\/index.php\/wp-json\/wp\/v2\/users\/2"}],"replies":[{"embeddable":true,"href":"https:\/\/elpregonerodezamora.com\/index.php\/wp-json\/wp\/v2\/comments?post=9706"}],"version-history":[{"count":1,"href":"https:\/\/elpregonerodezamora.com\/index.php\/wp-json\/wp\/v2\/posts\/9706\/revisions"}],"predecessor-version":[{"id":9708,"href":"https:\/\/elpregonerodezamora.com\/index.php\/wp-json\/wp\/v2\/posts\/9706\/revisions\/9708"}],"wp:featuredmedia":[{"embeddable":true,"href":"https:\/\/elpregonerodezamora.com\/index.php\/wp-json\/wp\/v2\/media\/9707"}],"wp:attachment":[{"href":"https:\/\/elpregonerodezamora.com\/index.php\/wp-json\/wp\/v2\/media?parent=9706"}],"wp:term":[{"taxonomy":"category","embeddable":true,"href":"https:\/\/elpregonerodezamora.com\/index.php\/wp-json\/wp\/v2\/categories?post=9706"},{"taxonomy":"post_tag","embeddable":true,"href":"https:\/\/elpregonerodezamora.com\/index.php\/wp-json\/wp\/v2\/tags?post=9706"}],"curies":[{"name":"wp","href":"https:\/\/api.w.org\/{rel}","templated":true}]}}