{"id":9670,"date":"2024-09-04T01:01:58","date_gmt":"2024-09-04T01:01:58","guid":{"rendered":"https:\/\/elpregonerodezamora.com\/?p=9670"},"modified":"2024-09-04T01:01:59","modified_gmt":"2024-09-04T01:01:59","slug":"de-la-solidaridad-y-la-pena","status":"publish","type":"post","link":"https:\/\/elpregonerodezamora.com\/index.php\/2024\/09\/04\/de-la-solidaridad-y-la-pena\/","title":{"rendered":"DE LA SOLIDARIDAD Y LA PENA"},"content":{"rendered":"\n<p style=\"font-size:25px\"><strong>LAS PEQUE\u00d1AS COSAS&#8230;<\/strong><\/p>\n\n\n\n<p><strong>Eliseo Castillo<\/strong><\/p>\n\n\n\n<p>                                                <strong>MANOS AMIGAS<\/strong><\/p>\n\n\n\n<p><strong><em>&#8220;Con la luz del sol que se prodiga, \/ amplio y amoroso manto que cobija, \/ con el sentimiento del aroma amiga, \/ tus manos me atrapan, me consumen, \/ en ellas vivo y muero con amor que espero, \/ en ellas son mis mejores d\u00edas. \/ Amor de ayer, de hoy amiga&#8221;&#8230;el\u00edseo<\/em><\/strong><\/p>\n\n\n\n<p><\/p>\n\n\n\n<p style=\"font-size:25px\"><strong>Paral\u00edmpicos; de la solidaridad y prohibido criticar&#8230;<\/strong><\/p>\n\n\n\n<p><strong><em>Como usted ya se habr\u00e1 dado cuenta, las medallas ol\u00edmpicas, que cuestan, como dice la &#8220;maledicencia&#8221;, &#8220;uno y la mitad de otro&#8221; obtener; donde una medalla de bronce se festeja como la gran obra de su vida; en el caso de los juegos para personas discapacitadas, se obtiene con relativo menos esfuerzo. No le extra\u00f1e que los deportistas paral\u00edmpicos regresen con unas 20 medallas; que desde luego en el ambiente del deporte saben a poco, por m\u00e1s que en las Olimpiadas, llamadas &#8220;normales se festeje la cosecha que va de 5 a 7 en cada ciclo ol\u00edmpico.<\/em><\/strong><\/p>\n\n\n\n<p><strong>La explicaci\u00f3n es muy simple:<\/strong><\/p>\n\n\n\n<p><strong><em>Las olimpiadas &#8220;normales&#8221; son la expresi\u00f3n m\u00e1xima de los mejores atletas del mundo; los m\u00e1s altos, fuertes y capaces de los 8000 mil millones de habitantes de la tierra; en ella confluyen las m\u00e1ximas expresiones f\u00edsicas, habilidosas, resistentes, la belleza y perfecci\u00f3n humana en pleno.<\/em><\/strong><\/p>\n\n\n\n<p><strong><em>En los paral\u00edmpicos confluye un esfuerzo por incluir a personas con alguna o varias discapacidades f\u00edsicas y mentales; lo que se busca en estas competencias no es premiar a los mejores; se busca incluir a personas con problemas reales, para que la humanidad se sienta menos culpable de vivir con estas discapacidades.<\/em><\/strong><\/p>\n\n\n\n<p><strong><em>Las medallas se otorgan de manera m\u00e1s generosa; con ello se intenta mostrar, que adem\u00e1s de hacer la guerra como le gran negocio de las potencias; al mismo tiempo se promueve el deporte y se les entrega medallas&#8230;<\/em><\/strong><\/p>\n\n\n\n<p><strong><em>\u00bfSe imagina cu\u00e1ntas personas querr\u00edan adquirir boletos para entrar a presencia un deporte donde corren atletas sin una pierna; ciegos, atados al brazo de un corredor &#8220;normal&#8221; que se encarga de llevarlo por su carril; o en la alberca, ver y aplaudir a nadadores sin un brazo, sin una pierna; incluso sin los dos brazos.<\/em><\/strong><\/p>\n\n\n\n<p><strong><em>No, no son un buen &#8220;producto&#8221; para las marcas promotoras; son una obligaci\u00f3n que se le impone al pa\u00eds al que se le entregan los juegos ol\u00edmpicos normales; como condici\u00f3n y pago, tiene que cargar con la organizaci\u00f3n de los juegos que dif\u00edcilmente alguien desea ver.<\/em><\/strong><\/p>\n\n\n\n<p><strong><em>Pasa lo mismo que cuando en una familia nace un nuevo ser con las llamadas deformaciones o con Down&#8230;: nadie lo espera o desea, pero est\u00e1 prohibido decirlo en voz alta.<\/em><\/strong><\/p>\n\n\n\n<p style=\"font-size:25px\"><strong>Del cinismo a la falta de respeto a los dem\u00e1s&#8230;<\/strong><\/p>\n\n\n\n<p><strong><em>La presidenta de la Suprema Corte de Justicia Norma Pi\u00f1a, ha manifestado a la entrevistadora Adela Micha que los sueldos que perciben, no son altos, son necesarios para realizar su trabajo&#8230;<\/em><\/strong><\/p>\n\n\n\n<p><strong><em>No es la primera persona que defiende los excesos en los ingresos de funcionarios p\u00fablicos; de hecho, este dato se remonta a la formaci\u00f3n del IFE, hoy INE, cuando el supuesto universitario progresista Jos\u00e9 Woldenberg propuso y consigui\u00f3 que, los sueldos de los funcionarios tuvieran un nivel equiparable al de los ministros del poder judicial; as\u00ed es como el citado supuesto luchador social, recibi\u00f3 un sueldo millonario con el argumento de que con eso, no los corromper\u00edan los malos mexicanos que quisieran hacerlo.<\/em><\/strong><\/p>\n\n\n\n<p><strong><em>As\u00ed es como se han hecho millonarios los muy c\u00ednicos funcionarios del IFE y hoy INE; con el argumento, de que, para que no los compraran quienes quisieran manipular las elecciones; mejor que el Estado les diera salarios de millonarios&#8230;<\/em><\/strong><\/p>\n\n\n\n<p><strong><em>Es decir se parti\u00f3 de una afirmaci\u00f3n no dicha&#8230; \u00a1los funcionarios son corrompibles y tenemos precio; para que no nos compren otros; mejor que le Estado nos de el dinero que nos van a ofrecer estas malas personas&#8230;!<\/em><\/strong><\/p>\n\n\n\n<p><strong>\u00a1Y pensar que esta se\u00f1ora es la presidenta que representa, o debiera representar la justicia de este pa\u00eds!<\/strong><\/p>\n\n\n\n<p><strong>Los que dicen respetar la ley y la justicia&#8230;, de su bolsillo<\/strong><\/p>\n\n\n\n<p><strong><em>Hace unos a\u00f1os, dos o tres, en el municipio de Col\u00f3n, Guanajuato el presidente municipal, de afiliaci\u00f3n panista, tuvo el valor de cobrarle los impuestos a uno de sus habitantes que ten\u00eda a\u00f1os sin pagar&#8230;; el resultado fue muy simple; termin\u00f3 en la c\u00e1rcel el presidente municipal, y el moroso se dio el lujo de apenas dar un abono menor que el 10 por ciento de su deuda&#8230;<\/em><\/strong><\/p>\n\n\n\n<p style=\"font-size:25px\"><strong>El Moroso&#8230;<\/strong><\/p>\n\n\n\n<p><strong><em>Diego Fern\u00e1ndez de Cevallos, l\u00edder hist\u00f3rico del PAN; al que se le cobraron m\u00e1s de 940 millones de pesos, y apenas acept\u00f3 entregar, al parecer unos 50 millones&#8230;<\/em><\/strong><\/p>\n\n\n\n<p><strong><em>El presidente municipal, en una candidez de compa\u00f1eros de partido, declar\u00f3 que le cobrar\u00eda a Diego, deseando que no se enojara, y esperando sacarle aunque fuera un abono&#8230;<\/em><\/strong><\/p>\n\n\n\n<p><strong><em>\u00a1Esto es lo que se sigue peleando hoy! no son los grandes sueldo de los funcionarios los que los har\u00e1n mejores; es el respeto al servicio que juraron prestar.<\/em><\/strong><\/p>\n\n\n\n<p><strong><em>Norma Pi\u00f1a se agarra del dinero y sus beneficios laborales como cualquier mortal de poca monta \u00e9tica y moral; de pena ajena.<\/em><\/strong><\/p>\n\n\n\n<p style=\"font-size:25px\"><strong>Le abrazo<\/strong><\/p>\n\n\n\n<p><a href=\"https:\/\/www.facebook.com\/photo\/?fbid=807659314869236&amp;set=a.370963018538870&amp;__cft__[0]=AZVhCejiRrGX8VTforLpxRZNVN4OJQvcPqz0y5Mg5UVOqkk7DyaNO2b0DMoEp-8UEsGsHxv_3TF5R8vqbL_XlrhlPkeTWzoScTdZntf2P5IpornZw0c_T7WFRadlVDihVLy3M8xOIyGwZk3uJxv-nDBQomnlObUNu_rqngqKwZiExHZT8EnSxrUsjqnX1_r1VpXi4ouo6D-MlL8B_JUmVNAM&amp;__tn__=EH-R\"><\/a><\/p>\n\n\n\n<figure class=\"wp-block-image\"><a href=\"https:\/\/www.facebook.com\/photo\/?fbid=807659314869236&amp;set=a.370963018538870&amp;__cft__[0]=AZVhCejiRrGX8VTforLpxRZNVN4OJQvcPqz0y5Mg5UVOqkk7DyaNO2b0DMoEp-8UEsGsHxv_3TF5R8vqbL_XlrhlPkeTWzoScTdZntf2P5IpornZw0c_T7WFRadlVDihVLy3M8xOIyGwZk3uJxv-nDBQomnlObUNu_rqngqKwZiExHZT8EnSxrUsjqnX1_r1VpXi4ouo6D-MlL8B_JUmVNAM&amp;__tn__=EH-R\"><img decoding=\"async\" src=\"https:\/\/scontent.fzmm2-1.fna.fbcdn.net\/v\/t39.30808-6\/458437200_807659318202569_5101175161981859207_n.jpg?stp=dst-jpg_p843x403&amp;_nc_cat=101&amp;ccb=1-7&amp;_nc_sid=127cfc&amp;_nc_eui2=AeFMZ045gKxmasV8mGKwWPxx7uGNQmxPN0vu4Y1CbE83S1mWxeoNUsPGfMd7vBk_MqlODZ4L4p_ZON2B18cRkdGZ&amp;_nc_ohc=WTn48RNm89EQ7kNvgHlQEi5&amp;_nc_ht=scontent.fzmm2-1.fna&amp;_nc_gid=AgmEpL1Voev3HoVlkUpRWOL&amp;oh=00_AYDi1y3YBiYAF7EnIePKnLK2NbcF1phxTxDfZEQ3mEaCYQ&amp;oe=66DD88AC\" alt=\"Puede ser una imagen de 2 personas, bicicleta y texto\"\/><\/a><\/figure>\n","protected":false},"excerpt":{"rendered":"<p>LAS PEQUE\u00d1AS COSAS&#8230; Eliseo Castillo MANOS AMIGAS &#8220;Con la luz del sol que se prodiga, \/ amplio y amoroso manto que cobija, \/ con el sentimiento del aroma amiga, \/ tus manos me atrapan, me consumen, \/ en ellas vivo y muero con amor que espero, \/ en ellas son mis mejores d\u00edas. \/ Amor [&hellip;]<\/p>\n","protected":false},"author":2,"featured_media":9671,"comment_status":"open","ping_status":"open","sticky":false,"template":"","format":"standard","meta":{"footnotes":"","_rishi_post_view_count":520},"categories":[1],"tags":[],"class_list":["post-9670","post","type-post","status-publish","format-standard","has-post-thumbnail","hentry","category-opinion"],"comments_count":"0","_links":{"self":[{"href":"https:\/\/elpregonerodezamora.com\/index.php\/wp-json\/wp\/v2\/posts\/9670","targetHints":{"allow":["GET"]}}],"collection":[{"href":"https:\/\/elpregonerodezamora.com\/index.php\/wp-json\/wp\/v2\/posts"}],"about":[{"href":"https:\/\/elpregonerodezamora.com\/index.php\/wp-json\/wp\/v2\/types\/post"}],"author":[{"embeddable":true,"href":"https:\/\/elpregonerodezamora.com\/index.php\/wp-json\/wp\/v2\/users\/2"}],"replies":[{"embeddable":true,"href":"https:\/\/elpregonerodezamora.com\/index.php\/wp-json\/wp\/v2\/comments?post=9670"}],"version-history":[{"count":1,"href":"https:\/\/elpregonerodezamora.com\/index.php\/wp-json\/wp\/v2\/posts\/9670\/revisions"}],"predecessor-version":[{"id":9672,"href":"https:\/\/elpregonerodezamora.com\/index.php\/wp-json\/wp\/v2\/posts\/9670\/revisions\/9672"}],"wp:featuredmedia":[{"embeddable":true,"href":"https:\/\/elpregonerodezamora.com\/index.php\/wp-json\/wp\/v2\/media\/9671"}],"wp:attachment":[{"href":"https:\/\/elpregonerodezamora.com\/index.php\/wp-json\/wp\/v2\/media?parent=9670"}],"wp:term":[{"taxonomy":"category","embeddable":true,"href":"https:\/\/elpregonerodezamora.com\/index.php\/wp-json\/wp\/v2\/categories?post=9670"},{"taxonomy":"post_tag","embeddable":true,"href":"https:\/\/elpregonerodezamora.com\/index.php\/wp-json\/wp\/v2\/tags?post=9670"}],"curies":[{"name":"wp","href":"https:\/\/api.w.org\/{rel}","templated":true}]}}