{"id":9667,"date":"2024-09-03T22:47:21","date_gmt":"2024-09-03T22:47:21","guid":{"rendered":"https:\/\/elpregonerodezamora.com\/?p=9667"},"modified":"2024-09-03T22:47:22","modified_gmt":"2024-09-03T22:47:22","slug":"son-nueve-las-aspirantes-para-el-certamen-de-reina-de-fiestas-patrias-jacona-2024","status":"publish","type":"post","link":"https:\/\/elpregonerodezamora.com\/index.php\/2024\/09\/03\/son-nueve-las-aspirantes-para-el-certamen-de-reina-de-fiestas-patrias-jacona-2024\/","title":{"rendered":"SON NUEVE LAS ASPIRANTES PARA EL CERTAMEN DE REINA DE FIESTAS PATRIAS JACONA 2024"},"content":{"rendered":"\n<p><strong>Redacci\u00f3n \/ El Pregonero TV<\/strong><\/p>\n\n\n\n<p><strong><em>Jacona, Mich., 3\/septiembre\/2024.- Un total de 9 j\u00f3venes se registraron para participar en el Certamen Reina de las Fiestas Patrias Jacona 2024, evento que se llevar\u00e1 a cabo este viernes 6 de septiembre, en punto de las 6 de la tarde, en el Auditorio Municipal. Las concursantes son: Dulce Ang\u00e9lica Alvarado Renter\u00eda, Diana Guerrero Gonz\u00e1lez, Mar\u00eda Fernanda Garibay Alejandre, Luz Esperanza Flores Garibay, Mayra Jazm\u00edn Su\u00e1rez Aguirre, Claudia Iveth Mart\u00ednez Guerra, Alejandra Yosel\u00edn Isidro Rodr\u00edguez, Kimberly Ahide\u00e9 Hern\u00e1ndez Granados y Dulce Mar\u00eda Cervantes Ram\u00edrez.<\/em><\/strong><\/p>\n","protected":false},"excerpt":{"rendered":"<p>Redacci\u00f3n \/ El Pregonero TV Jacona, Mich., 3\/septiembre\/2024.- Un total de 9 j\u00f3venes se registraron para participar en el Certamen Reina de las Fiestas Patrias Jacona 2024, evento que se llevar\u00e1 a cabo este viernes 6 de septiembre, en punto de las 6 de la tarde, en el Auditorio Municipal. Las concursantes son: Dulce Ang\u00e9lica [&hellip;]<\/p>\n","protected":false},"author":2,"featured_media":9668,"comment_status":"open","ping_status":"open","sticky":false,"template":"","format":"standard","meta":{"footnotes":"","_rishi_post_view_count":475},"categories":[12],"tags":[],"class_list":["post-9667","post","type-post","status-publish","format-standard","has-post-thumbnail","hentry","category-jacona"],"comments_count":"0","_links":{"self":[{"href":"https:\/\/elpregonerodezamora.com\/index.php\/wp-json\/wp\/v2\/posts\/9667","targetHints":{"allow":["GET"]}}],"collection":[{"href":"https:\/\/elpregonerodezamora.com\/index.php\/wp-json\/wp\/v2\/posts"}],"about":[{"href":"https:\/\/elpregonerodezamora.com\/index.php\/wp-json\/wp\/v2\/types\/post"}],"author":[{"embeddable":true,"href":"https:\/\/elpregonerodezamora.com\/index.php\/wp-json\/wp\/v2\/users\/2"}],"replies":[{"embeddable":true,"href":"https:\/\/elpregonerodezamora.com\/index.php\/wp-json\/wp\/v2\/comments?post=9667"}],"version-history":[{"count":1,"href":"https:\/\/elpregonerodezamora.com\/index.php\/wp-json\/wp\/v2\/posts\/9667\/revisions"}],"predecessor-version":[{"id":9669,"href":"https:\/\/elpregonerodezamora.com\/index.php\/wp-json\/wp\/v2\/posts\/9667\/revisions\/9669"}],"wp:featuredmedia":[{"embeddable":true,"href":"https:\/\/elpregonerodezamora.com\/index.php\/wp-json\/wp\/v2\/media\/9668"}],"wp:attachment":[{"href":"https:\/\/elpregonerodezamora.com\/index.php\/wp-json\/wp\/v2\/media?parent=9667"}],"wp:term":[{"taxonomy":"category","embeddable":true,"href":"https:\/\/elpregonerodezamora.com\/index.php\/wp-json\/wp\/v2\/categories?post=9667"},{"taxonomy":"post_tag","embeddable":true,"href":"https:\/\/elpregonerodezamora.com\/index.php\/wp-json\/wp\/v2\/tags?post=9667"}],"curies":[{"name":"wp","href":"https:\/\/api.w.org\/{rel}","templated":true}]}}