{"id":9641,"date":"2024-09-02T17:43:12","date_gmt":"2024-09-02T17:43:12","guid":{"rendered":"https:\/\/elpregonerodezamora.com\/?p=9641"},"modified":"2024-09-02T17:43:12","modified_gmt":"2024-09-02T17:43:12","slug":"contradicciones-y-ambiciones-politicas","status":"publish","type":"post","link":"https:\/\/elpregonerodezamora.com\/index.php\/2024\/09\/02\/contradicciones-y-ambiciones-politicas\/","title":{"rendered":"CONTRADICCIONES Y AMBICIONES POL\u00cdTICAS&#8230;"},"content":{"rendered":"\n<p style=\"font-size:35px\"><strong>LA ECONOM\u00cdA Y USTED&#8230;<\/strong><\/p>\n\n\n\n<p><strong>Eliseo Castillo<\/strong><\/p>\n\n\n\n<p><\/p>\n\n\n\n<p><strong>SER CAMINO<\/strong><\/p>\n\n\n\n<p><strong><em>&#8220;Sin reproches por el tiempo ido, vivido, \/ guardo sin recelo, sin secreto prohibido, \/ cada instante, cada momento ido, \/ guardo en mi bolsillo lo que ya no vuelve, \/ sin pena ni reclamo, me repito en ti, \/ te vuelvo a andar, luego desando mis pasos&#8221;&#8230;el\u00edseo<\/em><\/strong><\/p>\n\n\n\n<p><\/p>\n\n\n\n<p><strong>Si estos que se autonombran l\u00edderes de opini\u00f3n tienen este comportamiento&#8230; \u00a1qu\u00e9 se espera de la actitud de las nuevas generaciones&#8230;!<\/strong><\/p>\n\n\n\n<p><strong>Educar con enga\u00f1o y mentiras, genera sociedades enga\u00f1adas, as\u00ed de simple.<\/strong><\/p>\n\n\n\n<p><strong>Ante los resultados electorales; la fuerza, ni siquiera bruta&#8230;, est\u00fapida&#8230;<\/strong><\/p>\n\n\n\n<p><strong><em>La escritora Sabina Bergman pone las cosas en su lugar en un art\u00edculo para el peri\u00f3dico El Universal; se\u00f1ala que. los que cre\u00edamos l\u00edderes de opini\u00f3n, que inundan los medios de comunicaci\u00f3n (no necesariamente de informaci\u00f3n), han mostrado su real valor; se manifiestan como simples analistas resentidos, que rechazan usar su intelecto para ofrecer informaci\u00f3n, y reaccionan con el h\u00edgado, con las v\u00edsceras; negando todo lo que no les conviene.<\/em><\/strong><\/p>\n\n\n\n<p><strong><em>El pueblo habl\u00f3 con su voto; los rechaz\u00f3, rechaz\u00f3 su candidata (X\u00f3chitl), auto-confesa corrupta, tanto al plagiar su tesis de ingeniera; como aceptando que ha usado sus puestos p\u00fablicos para beneficiarse en sus empresas con contratos.<\/em><\/strong><\/p>\n\n\n\n<p><strong><em>Televisa, Tv-azteca, Imagen televisi\u00f3n se han degradado al nivel de revista de Alarma; con la diferencia de que la revista fue siempre un pasqu\u00edn dise\u00f1ado para lectores semianalfabetas o de plano analfabetas; millones de sus lectores eran simples observadores de las fotograf\u00edas con sangre que llenaban sus p\u00e1ginas; no necesitaban leer el contenido; regularmente terminaba en alg\u00fan albur de mal gusto.<\/em><\/strong><\/p>\n\n\n\n<p><strong><em>Hoy los que se piensan analistas de prestigio; por sus altos sueldos, se han reducido a ese nivel; con el agravante de que ni siquiera son aut\u00e9nticos; sus noticiarios son penosamente pruebas de su amargura y desprecio por los que no piensan como ellos; o algo peor&#8230;; contra los que ahora piensan por s\u00ed mismos.<\/em><\/strong><\/p>\n\n\n\n<p><strong>L\u00f3pez D\u00f3riga lo dijo de manera clara y despectiva&#8230; \u00a1disfruten lo votado!<\/strong><\/p>\n\n\n\n<p style=\"font-size:18px\"><strong>Para que agregar m\u00e1s&#8230;<\/strong><\/p>\n\n\n\n<p style=\"font-size:25px\"><strong>USA, &#8220;su&#8221; prensa&#8230;, sus intereses&#8230;, nunca su amistad&#8230;<\/strong><\/p>\n\n\n\n<p><strong><em>Desde el Wall Street Journal, la analista Mary Anastasia O\u00b4Grady, propone atacar a M\u00e9xico por medio del terrorismo financiero hasta devaluar el peso y quebrar la econom\u00eda.<\/em><\/strong><\/p>\n\n\n\n<p><strong><em>Al no poder hacer el fraude constitucional por medio de la absurda propuesta de &#8220;interpretar la constituci\u00f3n&#8221;, que no es otra cosa que violarla; sugiere atacar al gobierno por medio del tipo de cambio; generar un clima social en que se diga y se repita en los medios, que todo est\u00e1 tan mal, que el peso se va a devaluar a niveles muy altos; al final lo que se busca es quitarle credibilidad al gobierno, hasta voltearle el apoyo social.<\/em><\/strong><\/p>\n\n\n\n<p><strong><em>Con esto se desprecia nuevamente a la voluntad popular, que apenas cuenta con su credencial para votar, y que se le manipula de manera indiscriminada por medio de transmisiones permanentes en radio, televisi\u00f3n, peri\u00f3dicos y redes sociales.<\/em><\/strong><\/p>\n\n\n\n<p><strong><em>Se repite la consigna de otro de los analistas venido a menos Jorge Casta\u00f1eda; &#8220;al peje hay que detenerlo por las buenas o por las malas&#8221;; o lo que areng\u00f3 otro, quiz\u00e1 peor que este; Carlos Alasraki&#8230;: de Morena hay que mentir, y repetir la mentira hasta que se convierta en verdad&#8230;<\/em><\/strong><\/p>\n\n\n\n<p style=\"font-size:25px\"><strong>\u00bfNo que el voto es sagrado y se debe respetar&#8230;?<\/strong><\/p>\n\n\n\n<p style=\"font-size:25px\"><strong>\u00bfNo que estas personas son cultas y honestas&#8230;?<\/strong><\/p>\n\n\n\n<p><strong><em>Con su desprecio, efectivamente; hoy m\u00e1s del 70 por ciento de los mexicanos (con sus propios datos citados en el Universal) lo est\u00e1n haciendo&#8230;<\/em><\/strong><\/p>\n\n\n\n<p style=\"font-size:25px\"><strong>\u00bfQu\u00e9 defienden los muchachos que protestan contra la reforma al poder judicial&#8230;?<\/strong><\/p>\n\n\n\n<p><strong><em>\u00bfDe qu\u00e9 tama\u00f1o es el nivel de ignorancia o idiotez de quienes se est\u00e1n manifestando en las calles como universitarios contra la reforma judicial.<\/em><\/strong><\/p>\n\n\n\n<p><strong><em>Si son abogados y quieren serlo, deber\u00edan saber que el sistema de justicia de la naci\u00f3n es de los m\u00e1s corruptos del mundo; que protege y fomenta el nepotismo que les cierra las puertas a ellos como futuros abogados; que al salir a protestar piden que se siga apoyando una incongruencia y un camino a m\u00e1s corrupci\u00f3n&#8230;<\/em><\/strong><\/p>\n\n\n\n<p><strong><em>Los bueyes a veces lamen la coyunta; pero por que est\u00e1n atados a la misma; estos analistas, en voz de una de sus intelectuales, dijo lo que piensa de los mexicanos que votaron por la izquierda&#8230;; en sus palabras&#8230; los mexicanos que votaron por Morena se volvieron a poner las cadenas que les hab\u00edamos quitado&#8230;<\/em><\/strong><\/p>\n\n\n\n<p><strong><em>Do\u00f1a Josefa, Gertrudis Bocanegra; Do\u00f1a Leona reencarnaron en la supuesta analista de televisa y que tiene su espacio estelar con Carmen Aristegui&#8230;<\/em><\/strong><\/p>\n\n\n\n<p><strong>Disfrute la ridiculez&#8230;, que es verdad&#8230;<\/strong><\/p>\n\n\n\n<p style=\"font-size:25px\"><strong>Quien sepa de ambiciones que calle y comprenda&#8230;<\/strong><\/p>\n\n\n\n<p><strong><em>Rub\u00e9n Torres Garc\u00eda, candidato a la presidencia de Charapan Michoac\u00e1n, luego de que se ajustaron los n\u00fameros de mujeres y hombres que deben participar en la campa\u00f1a por partido de su partido (PRD); para no ser removido de su candidatura; luego de que se registr\u00f3 como hombre, realiz\u00f3 un &#8220;peque\u00f1o&#8221; ajuste, y present\u00f3 un escrito donde se asume como mujer&#8230;<\/em><\/strong><\/p>\n\n\n\n<p><strong>\u00a1Qu\u00e9 carajo, con tal de que no le quitaran la candidatura&#8230;!<\/strong><\/p>\n\n\n\n<p><strong>L\u00e1stima que el Tribunal Electoral del Poder Judicial lo pesc\u00f3 y lo descalific\u00f3&#8230;<\/strong><\/p>\n\n\n\n<p><strong>\u00a1parece que est\u00e1 de moda ser sexualmente universales&#8230;!<\/strong><\/p>\n\n\n\n<p style=\"font-size:25px\"><strong>Por cierto&#8230;<\/strong><\/p>\n\n\n\n<p><strong><em>En Tanhuato Michoac\u00e1n pas\u00f3 algo muy parecido, la presidenta en su ambici\u00f3n por reelegirse, y ante el temor a perder; como pas\u00f3 al final, en la parte final de su campa\u00f1a, decidi\u00f3 presentarse como lesbiana&#8230;; no le funcion\u00f3.<\/em><\/strong><\/p>\n\n\n\n<p><strong>En fin, la ambici\u00f3n, la pasi\u00f3n y la manipulaci\u00f3n, a veces no tiene l\u00edmites.<\/strong><\/p>\n\n\n\n<p style=\"font-size:25px\"><strong>Le abrazo&#8230;<\/strong><\/p>\n","protected":false},"excerpt":{"rendered":"<p>LA ECONOM\u00cdA Y USTED&#8230; Eliseo Castillo SER CAMINO &#8220;Sin reproches por el tiempo ido, vivido, \/ guardo sin recelo, sin secreto prohibido, \/ cada instante, cada momento ido, \/ guardo en mi bolsillo lo que ya no vuelve, \/ sin pena ni reclamo, me repito en ti, \/ te vuelvo a andar, luego desando mis [&hellip;]<\/p>\n","protected":false},"author":2,"featured_media":9642,"comment_status":"open","ping_status":"open","sticky":false,"template":"","format":"standard","meta":{"footnotes":"","_rishi_post_view_count":520},"categories":[1],"tags":[],"class_list":["post-9641","post","type-post","status-publish","format-standard","has-post-thumbnail","hentry","category-opinion"],"comments_count":"0","_links":{"self":[{"href":"https:\/\/elpregonerodezamora.com\/index.php\/wp-json\/wp\/v2\/posts\/9641","targetHints":{"allow":["GET"]}}],"collection":[{"href":"https:\/\/elpregonerodezamora.com\/index.php\/wp-json\/wp\/v2\/posts"}],"about":[{"href":"https:\/\/elpregonerodezamora.com\/index.php\/wp-json\/wp\/v2\/types\/post"}],"author":[{"embeddable":true,"href":"https:\/\/elpregonerodezamora.com\/index.php\/wp-json\/wp\/v2\/users\/2"}],"replies":[{"embeddable":true,"href":"https:\/\/elpregonerodezamora.com\/index.php\/wp-json\/wp\/v2\/comments?post=9641"}],"version-history":[{"count":1,"href":"https:\/\/elpregonerodezamora.com\/index.php\/wp-json\/wp\/v2\/posts\/9641\/revisions"}],"predecessor-version":[{"id":9643,"href":"https:\/\/elpregonerodezamora.com\/index.php\/wp-json\/wp\/v2\/posts\/9641\/revisions\/9643"}],"wp:featuredmedia":[{"embeddable":true,"href":"https:\/\/elpregonerodezamora.com\/index.php\/wp-json\/wp\/v2\/media\/9642"}],"wp:attachment":[{"href":"https:\/\/elpregonerodezamora.com\/index.php\/wp-json\/wp\/v2\/media?parent=9641"}],"wp:term":[{"taxonomy":"category","embeddable":true,"href":"https:\/\/elpregonerodezamora.com\/index.php\/wp-json\/wp\/v2\/categories?post=9641"},{"taxonomy":"post_tag","embeddable":true,"href":"https:\/\/elpregonerodezamora.com\/index.php\/wp-json\/wp\/v2\/tags?post=9641"}],"curies":[{"name":"wp","href":"https:\/\/api.w.org\/{rel}","templated":true}]}}