{"id":9566,"date":"2024-08-24T00:59:11","date_gmt":"2024-08-24T00:59:11","guid":{"rendered":"https:\/\/elpregonerodezamora.com\/?p=9566"},"modified":"2024-08-24T00:59:12","modified_gmt":"2024-08-24T00:59:12","slug":"fueron-encontradas-con-vida-los-6-elementos-de-la-kuaricha-de-la-cantera-y-a-su-comandante","status":"publish","type":"post","link":"https:\/\/elpregonerodezamora.com\/index.php\/2024\/08\/24\/fueron-encontradas-con-vida-los-6-elementos-de-la-kuaricha-de-la-cantera-y-a-su-comandante\/","title":{"rendered":"Fueron encontradas con vida los 6 elementos de la Kuaricha de La Cantera y a su comandante."},"content":{"rendered":"\n<p>* En acciones de b\u00fasqueda, realizadas en operativo interinstitucional, fueron encontrados, maniatados y cerca de la carretera libre Zamora-Ecuandureo<\/p>\n\n\n\n<p>Zamora, Michoac\u00e1n. La Fiscal\u00eda General del Estado de Michoac\u00e1n (FGE) inform\u00f3 que al momento de la localizaci\u00f3n de los 7 elementos de la Polic\u00eda Comunal de La Cantera, municipio de Tangamandapio, estaban maniatados.<\/p>\n\n\n\n<p>La <a><\/a>instituci\u00f3n inform\u00f3 que, resultado de acciones de b\u00fasqueda realizadas en coordinaci\u00f3n con la Secretar\u00eda de Seguridad P\u00fablica (SSP), Secretar\u00eda de la Defensa Nacional (SEDENA), Guardia Nacional (GN) y la Comisi\u00f3n Estatal de B\u00fasqueda, fueron encontradas con vida las siete personas integrantes de la polic\u00eda comunal de La Cantera, municipio de Santiago Tangamandapio.<\/p>\n\n\n\n<p>A trav\u00e9s de un comunicado, la FGE detall\u00f3 que durante las primeras horas de este viernes, mientras llevaban a cabo labores de b\u00fasqueda, en las inmediaciones de la carretera libre Zamora-Ecuandureo, se localiz\u00f3 a Marco Antonio Reyes Amezcua, Director de la Polic\u00eda Comunal, as\u00ed como a la y los polic\u00edas Patricia Mateo Victoriano, Israel Maravilla Juan, Luis Fernando Lucas Maravilla, \u00d3scar Mart\u00ednez Cuellar, Brayan Javier Hern\u00e1ndez Pablo y Ricardo \u00c1ngel Ascencio Bravo.<\/p>\n\n\n\n<p>\u201cLas personas servidoras P\u00fablicas que fueron privadas de la libertad el pasado martes en Tangamandapio, se encontraban maniatadas, por lo que en apego al protocolo se solicit\u00f3 la presencia de servicios m\u00e9dicos para su valoraci\u00f3n y atenci\u00f3n m\u00e9dica\u201d.<\/p>\n\n\n\n<p>La Fiscal\u00eda recalc\u00f3 que continuar\u00e1 con los actos de investigaci\u00f3n a efecto de esclarecer los hechos.<\/p>\n\n\n\n<p>La tarde del pasado 20 de agosto se report\u00f3 la desaparici\u00f3n de los elementos de la Kuaricha, cuando seis de ellos fueron en auxilio del comandante Antonio Reyes Amezcua, a quien se le descompuso la camioneta en la que viajaba hacia la cabecera municipal; posteriormente no se supo m\u00e1s de los 7.<\/p>\n\n\n\n<p>D\u00edas despu\u00e9s, la Fiscal\u00eda estatal inform\u00f3 que los siete polic\u00edas comunales habr\u00edan sido plagiados por presuntos integrantes del crimen organizado&#8230;<\/p>\n\n\n\n<figure class=\"wp-block-embed\"><div class=\"wp-block-embed__wrapper\">\nhttps:\/\/elpregonerodezamora.com\n<\/div><\/figure>\n\n\n\n<p><a href=\"https:\/\/www.facebook.com\/photo\/?fbid=800562812245553&amp;set=a.370963018538870&amp;__cft__[0]=AZVhiUWTIvR9vQFym3trGiWWByfsMz2ICMZNuY2J_ZmdMJIvleEY_DEW01fpnVS6Va80qQEuuZ4tMrkU1EAcwzs_PI703IAyoYPwTQluGTxe3COa8MQkAHYdjWXlXKUZrxt76Qs_V_1WFW-N24g67UNortTNuJr3QnLE2SGIgrOlZuRyMCMBtOr4maV-t0BHDy6vG0tSK9Fbw7PHUNAUG5gV&amp;__tn__=EH-R\"><\/a><\/p>\n\n\n\n<figure class=\"wp-block-image\"><a href=\"https:\/\/www.facebook.com\/photo\/?fbid=800562812245553&amp;set=a.370963018538870&amp;__cft__[0]=AZVhiUWTIvR9vQFym3trGiWWByfsMz2ICMZNuY2J_ZmdMJIvleEY_DEW01fpnVS6Va80qQEuuZ4tMrkU1EAcwzs_PI703IAyoYPwTQluGTxe3COa8MQkAHYdjWXlXKUZrxt76Qs_V_1WFW-N24g67UNortTNuJr3QnLE2SGIgrOlZuRyMCMBtOr4maV-t0BHDy6vG0tSK9Fbw7PHUNAUG5gV&amp;__tn__=EH-R\"><img decoding=\"async\" src=\"https:\/\/scontent.fzmm2-1.fna.fbcdn.net\/v\/t39.30808-6\/456868281_800562808912220_3927183942333430347_n.jpg?_nc_cat=103&amp;ccb=1-7&amp;_nc_sid=127cfc&amp;_nc_eui2=AeGY7ZsTz9iHNUNW9CDumN7A6-PNJq2TyCLr480mrZPIIraag_LF_XDAsrIlgo1OYXmMPfrlxXM_15X97fLa4YNj&amp;_nc_ohc=aCUcez7lMl4Q7kNvgEwB6mA&amp;_nc_ht=scontent.fzmm2-1.fna&amp;oh=00_AYAZ4o1_SYS-6X966spQfnwX04Szmj_8Fwp81q882Nto_w&amp;oe=66CEE5D5\" alt=\"Puede ser una imagen de 5 personas y ambulancia\"\/><\/a><\/figure>\n","protected":false},"excerpt":{"rendered":"<p>* En acciones de b\u00fasqueda, realizadas en operativo interinstitucional, fueron encontrados, maniatados y cerca de la carretera libre Zamora-Ecuandureo Zamora, Michoac\u00e1n. La Fiscal\u00eda General del Estado de Michoac\u00e1n (FGE) inform\u00f3 que al momento de la localizaci\u00f3n de los 7 elementos de la Polic\u00eda Comunal de La Cantera, municipio de Tangamandapio, estaban maniatados. La instituci\u00f3n inform\u00f3 [&hellip;]<\/p>\n","protected":false},"author":2,"featured_media":9567,"comment_status":"open","ping_status":"open","sticky":false,"template":"","format":"standard","meta":{"footnotes":"","_rishi_post_view_count":1180},"categories":[29],"tags":[],"class_list":["post-9566","post","type-post","status-publish","format-standard","has-post-thumbnail","hentry","category-policiaca"],"comments_count":"0","_links":{"self":[{"href":"https:\/\/elpregonerodezamora.com\/index.php\/wp-json\/wp\/v2\/posts\/9566","targetHints":{"allow":["GET"]}}],"collection":[{"href":"https:\/\/elpregonerodezamora.com\/index.php\/wp-json\/wp\/v2\/posts"}],"about":[{"href":"https:\/\/elpregonerodezamora.com\/index.php\/wp-json\/wp\/v2\/types\/post"}],"author":[{"embeddable":true,"href":"https:\/\/elpregonerodezamora.com\/index.php\/wp-json\/wp\/v2\/users\/2"}],"replies":[{"embeddable":true,"href":"https:\/\/elpregonerodezamora.com\/index.php\/wp-json\/wp\/v2\/comments?post=9566"}],"version-history":[{"count":1,"href":"https:\/\/elpregonerodezamora.com\/index.php\/wp-json\/wp\/v2\/posts\/9566\/revisions"}],"predecessor-version":[{"id":9568,"href":"https:\/\/elpregonerodezamora.com\/index.php\/wp-json\/wp\/v2\/posts\/9566\/revisions\/9568"}],"wp:featuredmedia":[{"embeddable":true,"href":"https:\/\/elpregonerodezamora.com\/index.php\/wp-json\/wp\/v2\/media\/9567"}],"wp:attachment":[{"href":"https:\/\/elpregonerodezamora.com\/index.php\/wp-json\/wp\/v2\/media?parent=9566"}],"wp:term":[{"taxonomy":"category","embeddable":true,"href":"https:\/\/elpregonerodezamora.com\/index.php\/wp-json\/wp\/v2\/categories?post=9566"},{"taxonomy":"post_tag","embeddable":true,"href":"https:\/\/elpregonerodezamora.com\/index.php\/wp-json\/wp\/v2\/tags?post=9566"}],"curies":[{"name":"wp","href":"https:\/\/api.w.org\/{rel}","templated":true}]}}