{"id":9523,"date":"2024-08-21T00:49:19","date_gmt":"2024-08-21T00:49:19","guid":{"rendered":"https:\/\/elpregonerodezamora.com\/?p=9523"},"modified":"2024-08-21T00:49:20","modified_gmt":"2024-08-21T00:49:20","slug":"momentos-del-mexico-de-hoy","status":"publish","type":"post","link":"https:\/\/elpregonerodezamora.com\/index.php\/2024\/08\/21\/momentos-del-mexico-de-hoy\/","title":{"rendered":"MOMENTOS DEL M\u00c9XICO DE HOY&#8230;"},"content":{"rendered":"\n<p style=\"font-size:35px\"><strong>LAS PEQUE\u00d1AS COSAS&#8230;<\/strong><\/p>\n\n\n\n<p><strong>Eliseo Castillo<\/strong><\/p>\n\n\n\n<p><\/p>\n\n\n\n<p><strong>MANOS ETERNAS<\/strong><\/p>\n\n\n\n<p class=\"has-text-align-right\"><strong><em>&#8220;Con la ternura que da el tiempo al los recuerdos, \/ pasado que redime, que enaltece, que sublima, \/ de ti recojo, presumo y gasto noche a noche, \/ breves momentos, suaves pasajes, \/ en que tus manos las m\u00edas tomaron; \/ cuando tus labios, sonriendo un poco, \/ un&#8230; -hoy te quiero- me pronunciaron. \/ De noche a noche, vuelvo a gozarlo&#8230;el\u00edseo<\/em><\/strong><\/p>\n\n\n\n<p><\/p>\n\n\n\n<p><strong><em>Con frases muy al estilo &#8220;libertario&#8221;, muy de moda entre los conservadores de derecha ideol\u00f3gica, los trabajadores del Poder Judicial de la Naci\u00f3n se han declarado en paro laboral en protesta contra la propuesta de modificar la pol\u00edtica para designar a los jueces y magistrados del mismo.<\/em><\/strong><\/p>\n\n\n\n<p><strong><em>Con cartulinas que dicen, entre otras cosas&#8230;:<\/em><\/strong><\/p>\n\n\n\n<p><strong>&#8220;No somos corruptos durante todo el a\u00f1o hay rendici\u00f3n de cuentas&#8221;.<\/strong><\/p>\n\n\n\n<p><strong>&#8220;Nos defendemos para poder defenderte&#8221;<\/strong><\/p>\n\n\n\n<p><strong>&#8220;Poder Judicial de la Federaci\u00f3n, la \u00faltima defensa contra la dictadura&#8221;<\/strong><\/p>\n\n\n\n<p><strong><em>Este juego de palabras genera la sensaci\u00f3n de que efectivamente tenemos ante nosotros a aut\u00e9nticos luchadores por la libertad y la justicia.<\/em><\/strong><\/p>\n\n\n\n<p><strong><em>La realidad es otra; cualquier estudiante de derecho que inicia sus pr\u00e1cticas con las visitas &#8220;normales&#8221; a los tribunales, puede atestiguar que en los juzgados, para que se mueva un expediente que desean revisar; si no se le da &#8220;para su refresco&#8221; a la secretaria o el ayudante; simplemente el expediente no se mueve de su lugar.<\/em><\/strong><\/p>\n\n\n\n<p><strong>Esto dicho por un abogado, Edgar M\u00fajica Aguilar en sus d\u00edas de estudiante.<\/strong><\/p>\n\n\n\n<p><strong><em>Hoy, en la prensa (La Jornada, 19 y 20 de agosto, 2024) se nos cuenta lo que en el Poder Judicial hay una red mafiosa de palancas o relaciones familiares que son usadas para acomodar a familiares y amigos en puestos laborales muy codiciados del propio Poder Judicial.<\/em><\/strong><\/p>\n\n\n\n<p><strong>Con sueldos de entre 30 000 a 200 000 pesos mensuales son lo que est\u00e1 en juego; el platillo luce bien; sabe de maravilla.<\/strong><\/p>\n\n\n\n<p style=\"font-size:25px\"><strong>&#8220;Las &#8220;redes familiares&#8221; detectadas hasta agosto de 2022 iban desde dos hasta 79 parientes con cargos dentro de la judicatura.<\/strong><\/p>\n\n\n\n<p><strong><em>Hasta agosto de 2022, &#8220;en t\u00e9rminos generales, 56 por ciento de las relaciones familiares se dan entre servidores p\u00fablicos que laboran en el mismo circuito judicial&#8221;.<\/em><\/strong><\/p>\n\n\n\n<p><strong>Fuente: Gustavo Castillo Garc\u00eda, peri\u00f3dico La Jornada, lunes 19 de agosto, 2024, pag,4<\/strong><\/p>\n\n\n\n<p><strong><em>Parece que su protesta no es por la defensa de los mexicanos&#8230;; parece que sus intereses son muy grandes&#8230;; si puede ver y o\u00edr; v\u00e9alo y esc\u00fachelo.<\/em><\/strong><\/p>\n\n\n\n<p style=\"font-size:25px\"><strong>\u00a1C\u00f3mo puede cambiar la vida a alguien en determinado momento&#8230;!<\/strong><\/p>\n\n\n\n<p><strong>En su gira por Nuevo Le\u00f3n, el presidente AMLO recibi\u00f3 una imploraci\u00f3n casi orden de un ni\u00f1o&#8230;<\/strong><\/p>\n\n\n\n<p style=\"font-size:25px\"><strong>&#8220;&#8221;\u00a1F\u00edrmeme el libro, por favor!&#8221;, el clamor de un ni\u00f1o de 7 a\u00f1os.<\/strong><\/p>\n\n\n\n<p><strong><em>Fernando Miguel Ch\u00e1vez , un peque\u00f1o de siete a\u00f1os gritaba con desesperaci\u00f3n al ver muy de cerca a Andr\u00e9s Manuel L\u00f3pez Obrador: &#8220;Presidente, presidenteeeeeee! \u00a1F\u00edrmeme el libro por favor!&#8221;<\/em><\/strong><\/p>\n\n\n\n<p><strong><em>Con el ni\u00f1o sobre los hombros, su padre se abri\u00f3 paso entre la ca\u00f3tica muchedumbre para tratar de acercarlo hasta donde el mandatario federal saludaba a cientos de simpatizantes.<\/em><\/strong><\/p>\n\n\n\n<p><strong>&#8220;\u00a1AMLO, AMLO!&#8221;, vociferaba el ni\u00f1o. Ten\u00eda en sus manos un ejemplar de \u00a1Gracias!, el m\u00e1s reciente libro el jefe del Ejecutivo.<\/strong><\/p>\n\n\n\n<p><strong>El peque\u00f1o y su familia viajaron el s\u00e1bado desde el municipio de Garc\u00eda a m\u00e1s de 36 kil\u00f3metros&#8230;<\/strong><\/p>\n\n\n\n<p><strong>Al conseguir su objetivo, el ni\u00f1o levant\u00f3 su pu\u00f1o izquierdo en se\u00f1al de victoria y su rostro pas\u00f3 de la decepci\u00f3n a la emoci\u00f3n.<\/strong><\/p>\n\n\n\n<p><strong>-\u00bfC\u00f3mo te sientes?-le preguntaron varios. Las l\u00e1grimas y la impresi\u00f3n apenas le permit\u00edan articular palabras?<\/strong><\/p>\n\n\n\n<p><strong>-Muy dichoso&#8230; emoci\u00f3n&#8230;-respondi\u00f3<\/strong><\/p>\n\n\n\n<p><strong>&#8220;Despu\u00e9s de esto, ya no puedes pedir nada, ni juguetes&#8221;, le dijo su padre en todo de broma cuando se retiraban. Fernando, que no atinaba a re\u00edr o llorar, lo tom\u00f3 muy en serio: &#8220;nada, lo juro&#8221;&#8221;.<\/strong><\/p>\n\n\n\n<p><strong><em>Fuente: Emir Olivares Alonso; peri\u00f3dico La Jornada, lunes 19 de agosto de 2024; pag. 7<\/em><\/strong><\/p>\n\n\n\n<p><strong><em>En los dos casos aqu\u00ed descritos de manera general, hay una esperanza y promesa; en los primeros desean contar con el apoyo de la sociedad para defender a los jueces y magistrados de la Suprema Corte de Justicia; con los argumentos m\u00e1s superficiales posibles; sabemos que la opini\u00f3n p\u00fablica tiene reprobado al poder judicial en su opini\u00f3n, dada la experiencia que de \u00e9l se tiene. Los niveles de corrupci\u00f3n en los juzgados los hunden.<\/em><\/strong><\/p>\n\n\n\n<p><strong><em>Pareciera que lo \u00fanico que les importa es mantener los altos salarios y altos niveles de chantaje mediante los que obtienen dinero extra, por un servicio p\u00fablico al que han defraudado y traicionado.<\/em><\/strong><\/p>\n\n\n\n<p><strong><em>El poder judicial es de los m\u00e1s corruptos, y que m\u00e1s lastiman a los ciudadanos comunes que no pueden darse el lujo de contar con grandes bufetes de abogados y mucho dinero para comprar desde el propio juez, hasta al ayudante b\u00e1sico y la secretaria; quienes no hacen su trabajo regularmente si no se les da&#8230; &#8220;para el refresco&#8221;.<\/em><\/strong><\/p>\n\n\n\n<p><strong><em>Es el mundo de las palancas y el cinismo en pleno; est\u00e1n solos, la sociedad dif\u00edcilmente los defiende, por desgracia el nepotismo, las palancas y la prepotencia y chantaje no les ayuda. Est\u00e1n solos.<\/em><\/strong><\/p>\n\n\n\n<p style=\"font-size:25px\"><strong>En el caso de Fernando Miguel Ch\u00e1vez, ni\u00f1o de 7 a\u00f1os&#8230;<\/strong><\/p>\n\n\n\n<p><strong>\u00bfQu\u00e9 podemos agregar&#8230;?<\/strong><\/p>\n\n\n\n<p><strong><em>Para la derecha ideol\u00f3gica dir\u00e1n que es un simple caso armado para la propaganda del presidente; \u00a1como si lo necesitara&#8230;!<\/em><\/strong><\/p>\n\n\n\n<p><strong><em>Para el ni\u00f1o y su familia les vienes tiempos nuevos, a\u00f1os de vida casi raros, en que este acto a sus 7 a\u00f1os, puede modificarle significativamente el resto de su vida; para bien o para mal; ese momento le ha marcado y le va acompa\u00f1ar.<\/em><\/strong><\/p>\n\n\n\n<p><strong><em>Hoy es un ni\u00f1o y la emoci\u00f3n propia&#8230;<\/em><\/strong><\/p>\n\n\n\n<p><strong><em>\u00a1Cosas de la vida! choque de opiniones&#8230;, dice la canci\u00f3n entonada por mi admirado Roberto Carlos.<\/em><\/strong><\/p>\n\n\n\n<p><strong><em>Cosas de la vida amable lectora, lector&#8230; cosas de la vida, choque de opiniones diremos nosotros hoy.<\/em><\/strong><\/p>\n\n\n\n<p style=\"font-size:25px\"><strong>Le abrazo.<\/strong>..<\/p>\n","protected":false},"excerpt":{"rendered":"<p>LAS PEQUE\u00d1AS COSAS&#8230; Eliseo Castillo MANOS ETERNAS &#8220;Con la ternura que da el tiempo al los recuerdos, \/ pasado que redime, que enaltece, que sublima, \/ de ti recojo, presumo y gasto noche a noche, \/ breves momentos, suaves pasajes, \/ en que tus manos las m\u00edas tomaron; \/ cuando tus labios, sonriendo un poco, [&hellip;]<\/p>\n","protected":false},"author":2,"featured_media":9524,"comment_status":"open","ping_status":"open","sticky":false,"template":"","format":"standard","meta":{"footnotes":"","_rishi_post_view_count":541},"categories":[1],"tags":[],"class_list":["post-9523","post","type-post","status-publish","format-standard","has-post-thumbnail","hentry","category-opinion"],"comments_count":"0","_links":{"self":[{"href":"https:\/\/elpregonerodezamora.com\/index.php\/wp-json\/wp\/v2\/posts\/9523","targetHints":{"allow":["GET"]}}],"collection":[{"href":"https:\/\/elpregonerodezamora.com\/index.php\/wp-json\/wp\/v2\/posts"}],"about":[{"href":"https:\/\/elpregonerodezamora.com\/index.php\/wp-json\/wp\/v2\/types\/post"}],"author":[{"embeddable":true,"href":"https:\/\/elpregonerodezamora.com\/index.php\/wp-json\/wp\/v2\/users\/2"}],"replies":[{"embeddable":true,"href":"https:\/\/elpregonerodezamora.com\/index.php\/wp-json\/wp\/v2\/comments?post=9523"}],"version-history":[{"count":1,"href":"https:\/\/elpregonerodezamora.com\/index.php\/wp-json\/wp\/v2\/posts\/9523\/revisions"}],"predecessor-version":[{"id":9525,"href":"https:\/\/elpregonerodezamora.com\/index.php\/wp-json\/wp\/v2\/posts\/9523\/revisions\/9525"}],"wp:featuredmedia":[{"embeddable":true,"href":"https:\/\/elpregonerodezamora.com\/index.php\/wp-json\/wp\/v2\/media\/9524"}],"wp:attachment":[{"href":"https:\/\/elpregonerodezamora.com\/index.php\/wp-json\/wp\/v2\/media?parent=9523"}],"wp:term":[{"taxonomy":"category","embeddable":true,"href":"https:\/\/elpregonerodezamora.com\/index.php\/wp-json\/wp\/v2\/categories?post=9523"},{"taxonomy":"post_tag","embeddable":true,"href":"https:\/\/elpregonerodezamora.com\/index.php\/wp-json\/wp\/v2\/tags?post=9523"}],"curies":[{"name":"wp","href":"https:\/\/api.w.org\/{rel}","templated":true}]}}