{"id":9517,"date":"2024-08-19T18:47:39","date_gmt":"2024-08-19T18:47:39","guid":{"rendered":"https:\/\/elpregonerodezamora.com\/?p=9517"},"modified":"2024-08-19T18:47:39","modified_gmt":"2024-08-19T18:47:39","slug":"el-estado-y-la-manipulacion-de-la-verdad","status":"publish","type":"post","link":"https:\/\/elpregonerodezamora.com\/index.php\/2024\/08\/19\/el-estado-y-la-manipulacion-de-la-verdad\/","title":{"rendered":"EL ESTADO Y LA MANIPULACI\u00d3N DE LA VERDAD&#8230;"},"content":{"rendered":"\n<p style=\"font-size:35px\"><strong>LA ECONOM\u00cdA Y USTED&#8230;<\/strong><\/p>\n\n\n\n<p><strong>Eliseo Castillo<\/strong><\/p>\n\n\n\n<p><\/p>\n\n\n\n<p>                                                                  <strong>AMIGA<\/strong><\/p>\n\n\n\n<p class=\"has-text-align-right\"><strong><em>&#8220;Lac\u00f3nica expresi\u00f3n se manifiesta en el silencio, \/ nada falta agregar, suenan las horas indudables, \/ se hace presente la nostalgia del recuerdo, \/ amiga de ayer, manos que me agarran fuerte, \/ sin nombrarte te llamo, sin necesitarte, te tengo, \/ amiga de ayer, de hoy, amiga de siempre&#8221;..<\/em>.el\u00edseo<\/strong><\/p>\n\n\n\n<p><\/p>\n\n\n\n<p><strong><em>Por seis a\u00f1os, lo que lleva este gobierno de AMLO hemos sido testigos de una guerra de comunicaci\u00f3n, que no necesariamente informaci\u00f3n, que intenta modificar la forma en que se hab\u00eda tratado a la sociedad en materia de la misma (la comunicaci\u00f3n).<\/em><\/strong><\/p>\n\n\n\n<p><strong><em>El mecanismo con que cuenta el Estado para establecer su pol\u00edtica de comunicaci\u00f3n y establecimiento de su filosof\u00eda de la vida p\u00fablica se realiza por medio de las diferentes formas de comunicaci\u00f3n masiva. Lo que importa es dejar claro el modelo ideol\u00f3gico de quien gobierna.<\/em><\/strong><\/p>\n\n\n\n<p><strong><em>En 1988, luego del fraude electoral grotesco con que se instal\u00f3 a Carlos Salinas en la presidencia, se dio una gran guerra contra los ide\u00f3logos que pensaran de manera diferente; para conseguir establecer este patr\u00f3n de conducta, se dio una guerra de opiniones en los diversos medios con opinadores aleccionados, y generosamente pagados (confesado por el propio Salinas, al reconocer que la mayor\u00eda de los conductores y analistas, los ten\u00eda domesticados con dinero y favores).<\/em><\/strong><\/p>\n\n\n\n<p style=\"font-size:25px\"><strong>Quien no apoye al gobierno de Salinas ser\u00e1 calificado en todos los medios de &#8220;populista&#8221;.<\/strong><\/p>\n\n\n\n<p><strong><em>As\u00ed se ech\u00f3 a andar la guerra de desprestigio para todo aquel que no fuera af\u00edn con su gobierno; por todos los medios se les atac\u00f3, y se les cerraron los canales de informaci\u00f3n, neg\u00e1ndoles entrevistas en televisi\u00f3n, radio y peri\u00f3dicos (no hab\u00eda internet ni redes sociales por fortuna).<\/em><\/strong><\/p>\n\n\n\n<p><strong><em>As\u00ed se mantuvo la guerra contra todos los cr\u00edticos, hasta 2018; la gran tarea de privatizar las empresas p\u00fablicas lo requer\u00eda; de esta forma fueron entregadas a particulares, los bancos; las autopistas de cobro; la telefon\u00eda; los ferrocarriles; acereras; fertilizantes; se fueron cerrando las refiner\u00edas para comprar la gasolina para negocio de particulares; etc\u00e9tera.<\/em><\/strong><\/p>\n\n\n\n<p><strong><em>El pa\u00eds pas\u00f3 a ser una simpe propuesta de negocios privados; y para que todo quedara bien establecido, en la educaci\u00f3n se desmantel\u00f3 la idea de materias humanistas, y se consolid\u00f3 el modelo de &#8220;educar por competencias&#8221;.<\/em><\/strong><\/p>\n\n\n\n<p><strong>Carlos Fern\u00e1ndez-Vega lo describe muy bien en su columna M\u00c9XICO SA del s\u00e1bado 17 de agosto de 2024&#8230;<\/strong><\/p>\n\n\n\n<p><strong><em>&#8220;Para justificar la descarada entrega de los bienes de la naci\u00f3n al gran capital, el r\u00e9gimen neoliberal cre\u00f3 su Diccionario de Eufemismos Tecn\u00f3cratas (DET) para evitar utilizar el t\u00e9rmino real de su acci\u00f3n: privatizaci\u00f3n. As\u00ed, cada vez que una paraestatal causaba baja por medio de ese mecanismo, el gobierno en turno dec\u00eda que la entidad p\u00fablica que pasaba a manos particulares &#8220;no se privatiza&#8221; , sino que en realidad se &#8220;moderniza&#8221;, se &#8220;desincorpora&#8221;, se &#8220;democratiza&#8221;, se &#8220;liberaliza&#8221;,&#8230;<\/em><\/strong><\/p>\n\n\n\n<p><strong><em>Aunque nadie les crey\u00f3, en estos menesteres muy creativos fueron los seis gerentes neoliberales en Los Pinos en su intento por disfrazar la entrega de los bienes de la naci\u00f3n a la oligarqu\u00eda aut\u00f3ctona y a una que otra trasnacional&#8230;&#8221;<\/em><\/strong><\/p>\n\n\n\n<p><strong>Fuente: Carlos Fern\u00e1ndez-Vega; peri\u00f3dico La Jornada, s\u00e1bado 17 de agosto de 2024; p\u00e1gina20.<\/strong><\/p>\n\n\n\n<p><strong><em>Hoy las cosas se intentan de otra forma; en algunas se podr\u00e1 en otras no; pero se intenta de diferente manera; lejos de las grandes propagandas en los medios, se intenta que la vida nacional se retome como algo que es de cada d\u00eda, con personas como usted, como nosotros viviendo de manera promedio, intentando salvarnos de la inseguridad, y tratando de conservar el empleo y los ingresos.<\/em><\/strong><\/p>\n\n\n\n<p><strong><em>Lejos de aplaudir a los grandes empresarios que acumulan riqueza, y los pol\u00edticos que abusan de su poder para tomar los recursos de la naci\u00f3n; ahora se est\u00e1 intentando un modelo en que se le regrese un poco de poder a la sociedad en general. Desde luego, una cosa es el querer hacer, y otra el poder hacer.<\/em><\/strong><\/p>\n\n\n\n<p><strong><em>Cuando vemos la colusi\u00f3n de los medios contra el actual gobierno, s\u00f3lo queda la sospecha de que se repite la sentencia penosa por el mal gusto de la misma con que el impresentable &#8220;Alito&#8221;, presidente del PRI dijo respecto a los periodistas&#8230; &#8220;A los periodistas no hay que matarlos a balazos, hay que matarlos de hambre&#8230;; a vergazos&#8230;&#8221;<\/em><\/strong><\/p>\n\n\n\n<p><strong>Este es el estilo que se intenta hacer a un lado con el actual gobierno; ya los resultados, cada quien los valorar\u00e1, seg\u00fan su percepci\u00f3n.<\/strong><\/p>\n\n\n\n<p><strong>No se crea todo lo que le dicen y le imponen en los medios de comunicaci\u00f3n; a veces hay m\u00e1s basura en ellos que en los rincones de las rec\u00e1maras.<\/strong><\/p>\n\n\n\n<p style=\"font-size:25px\"><strong>Cuidado, usted es la raz\u00f3n de la lucha por el control de las mentes; los medios son eso, un medio; usted es la raz\u00f3n de esta guerra de desinformaci\u00f3n.<\/strong><\/p>\n\n\n\n<p><strong>Le abrazo.<\/strong><\/p>\n","protected":false},"excerpt":{"rendered":"<p>LA ECONOM\u00cdA Y USTED&#8230; Eliseo Castillo AMIGA &#8220;Lac\u00f3nica expresi\u00f3n se manifiesta en el silencio, \/ nada falta agregar, suenan las horas indudables, \/ se hace presente la nostalgia del recuerdo, \/ amiga de ayer, manos que me agarran fuerte, \/ sin nombrarte te llamo, sin necesitarte, te tengo, \/ amiga de ayer, de hoy, amiga [&hellip;]<\/p>\n","protected":false},"author":2,"featured_media":9518,"comment_status":"open","ping_status":"open","sticky":false,"template":"","format":"standard","meta":{"footnotes":"","_rishi_post_view_count":560},"categories":[1],"tags":[],"class_list":["post-9517","post","type-post","status-publish","format-standard","has-post-thumbnail","hentry","category-opinion"],"comments_count":"0","_links":{"self":[{"href":"https:\/\/elpregonerodezamora.com\/index.php\/wp-json\/wp\/v2\/posts\/9517","targetHints":{"allow":["GET"]}}],"collection":[{"href":"https:\/\/elpregonerodezamora.com\/index.php\/wp-json\/wp\/v2\/posts"}],"about":[{"href":"https:\/\/elpregonerodezamora.com\/index.php\/wp-json\/wp\/v2\/types\/post"}],"author":[{"embeddable":true,"href":"https:\/\/elpregonerodezamora.com\/index.php\/wp-json\/wp\/v2\/users\/2"}],"replies":[{"embeddable":true,"href":"https:\/\/elpregonerodezamora.com\/index.php\/wp-json\/wp\/v2\/comments?post=9517"}],"version-history":[{"count":1,"href":"https:\/\/elpregonerodezamora.com\/index.php\/wp-json\/wp\/v2\/posts\/9517\/revisions"}],"predecessor-version":[{"id":9519,"href":"https:\/\/elpregonerodezamora.com\/index.php\/wp-json\/wp\/v2\/posts\/9517\/revisions\/9519"}],"wp:featuredmedia":[{"embeddable":true,"href":"https:\/\/elpregonerodezamora.com\/index.php\/wp-json\/wp\/v2\/media\/9518"}],"wp:attachment":[{"href":"https:\/\/elpregonerodezamora.com\/index.php\/wp-json\/wp\/v2\/media?parent=9517"}],"wp:term":[{"taxonomy":"category","embeddable":true,"href":"https:\/\/elpregonerodezamora.com\/index.php\/wp-json\/wp\/v2\/categories?post=9517"},{"taxonomy":"post_tag","embeddable":true,"href":"https:\/\/elpregonerodezamora.com\/index.php\/wp-json\/wp\/v2\/tags?post=9517"}],"curies":[{"name":"wp","href":"https:\/\/api.w.org\/{rel}","templated":true}]}}