{"id":9511,"date":"2024-08-17T20:19:28","date_gmt":"2024-08-17T20:19:28","guid":{"rendered":"https:\/\/elpregonerodezamora.com\/?p=9511"},"modified":"2024-08-17T20:19:29","modified_gmt":"2024-08-17T20:19:29","slug":"reconocen-sheinbaum-y-amlo-avances-de-seguridad-en-michoacan-porque-con-bedolla-baja-el-homicidio-gobierno-estatal","status":"publish","type":"post","link":"https:\/\/elpregonerodezamora.com\/index.php\/2024\/08\/17\/reconocen-sheinbaum-y-amlo-avances-de-seguridad-en-michoacan-porque-con-bedolla-baja-el-homicidio-gobierno-estatal\/","title":{"rendered":"Reconocen Sheinbaum y AMLO avances de seguridad en Michoac\u00e1n, porque con Bedolla baja el homicidio: gobierno estatal"},"content":{"rendered":"\n<p><strong><em>* En la reuni\u00f3n privada que sostuvieron ayer en Morelia, se ratific\u00f3 la coordinaci\u00f3n entre los gobiernos federal y estatal, de manera que la presidenta electa seguir\u00e1 coadyuvando en el blindaje de Michoac\u00e1n.<\/em><\/strong><\/p>\n\n\n\n<p><strong>Morelia, Mich., 17\/agosto\/2024.- El presidente Andr\u00e9s Manuel L\u00f3pez Obrador y su eventual sucesora, Claudia Sheinbaum Pardo, sostuvieron una reuni\u00f3n privada con el gobernador Alfredo Ram\u00edrez Bedolla, a quien le reconocieron avances en seguridad y el haber impulsado la Ley Antiextorsi\u00f3n, modelo que se pretende replicar a nivel nacional, tomando a la entidad como ejemplo.<\/strong><\/p>\n\n\n\n<p><strong>En la reuni\u00f3n, que se realiz\u00f3 de forma privada en la XXI Zona Militar de Morelia, L\u00f3pez Obrador y Sheinbaum destacaron avances significativos en materia de seguridad para Michoac\u00e1n, sobre todo en lo referente a la baja de homicidios dolosos que reporta el estado.<\/strong><\/p>\n\n\n\n<p><strong>El reconocimiento a Bedolla responde a que, durante su gesti\u00f3n, el delito de homicidio doloso disminuy\u00f3 en un 50 por ciento, de acuerdo con cifras del Secretariado Ejecutivo del Sistema Nacional de Seguridad P\u00fablica, a trav\u00e9s del cual se pudo conocer que Michoac\u00e1n pas\u00f3 de registrar un promedio mensual de 259 asesinatos a 130.<\/strong><\/p>\n\n\n\n<p><strong>La tendencia que aqu\u00ed se expone coloc\u00f3 a Michoac\u00e1n en el s\u00e9ptimo lugar por incidencia de homicidios dolosos, algo que no se ve\u00eda desde hace por lo menos dos d\u00e9cadas. El estado ocupaba casi siempre los primeros tres lugares.<\/strong><\/p>\n\n\n\n<p><strong>Se supo tambi\u00e9n que se ratific\u00f3 la coordinaci\u00f3n entre los gobiernos federal y estatal, de manera que la doctora Claudia Sheinbaum seguir\u00e1 coadyuvando en el blindaje de Michoac\u00e1n. De esta forma fue como se desarroll\u00f3 la primera gira de Claudia Sheinbaum como presidenta electa, justamente en Michoac\u00e1n, un hist\u00f3rico basti\u00f3n de la izquierda en el escenario pol\u00edtico nacional.(La Voz de Michoac\u00e1n)<\/strong><\/p>\n","protected":false},"excerpt":{"rendered":"<p>* En la reuni\u00f3n privada que sostuvieron ayer en Morelia, se ratific\u00f3 la coordinaci\u00f3n entre los gobiernos federal y estatal, de manera que la presidenta electa seguir\u00e1 coadyuvando en el blindaje de Michoac\u00e1n. Morelia, Mich., 17\/agosto\/2024.- El presidente Andr\u00e9s Manuel L\u00f3pez Obrador y su eventual sucesora, Claudia Sheinbaum Pardo, sostuvieron una reuni\u00f3n privada con el [&hellip;]<\/p>\n","protected":false},"author":2,"featured_media":9512,"comment_status":"open","ping_status":"open","sticky":false,"template":"","format":"standard","meta":{"footnotes":"","_rishi_post_view_count":843},"categories":[6],"tags":[],"class_list":["post-9511","post","type-post","status-publish","format-standard","has-post-thumbnail","hentry","category-michoacan"],"comments_count":"0","_links":{"self":[{"href":"https:\/\/elpregonerodezamora.com\/index.php\/wp-json\/wp\/v2\/posts\/9511","targetHints":{"allow":["GET"]}}],"collection":[{"href":"https:\/\/elpregonerodezamora.com\/index.php\/wp-json\/wp\/v2\/posts"}],"about":[{"href":"https:\/\/elpregonerodezamora.com\/index.php\/wp-json\/wp\/v2\/types\/post"}],"author":[{"embeddable":true,"href":"https:\/\/elpregonerodezamora.com\/index.php\/wp-json\/wp\/v2\/users\/2"}],"replies":[{"embeddable":true,"href":"https:\/\/elpregonerodezamora.com\/index.php\/wp-json\/wp\/v2\/comments?post=9511"}],"version-history":[{"count":1,"href":"https:\/\/elpregonerodezamora.com\/index.php\/wp-json\/wp\/v2\/posts\/9511\/revisions"}],"predecessor-version":[{"id":9513,"href":"https:\/\/elpregonerodezamora.com\/index.php\/wp-json\/wp\/v2\/posts\/9511\/revisions\/9513"}],"wp:featuredmedia":[{"embeddable":true,"href":"https:\/\/elpregonerodezamora.com\/index.php\/wp-json\/wp\/v2\/media\/9512"}],"wp:attachment":[{"href":"https:\/\/elpregonerodezamora.com\/index.php\/wp-json\/wp\/v2\/media?parent=9511"}],"wp:term":[{"taxonomy":"category","embeddable":true,"href":"https:\/\/elpregonerodezamora.com\/index.php\/wp-json\/wp\/v2\/categories?post=9511"},{"taxonomy":"post_tag","embeddable":true,"href":"https:\/\/elpregonerodezamora.com\/index.php\/wp-json\/wp\/v2\/tags?post=9511"}],"curies":[{"name":"wp","href":"https:\/\/api.w.org\/{rel}","templated":true}]}}