{"id":9508,"date":"2024-08-17T20:16:37","date_gmt":"2024-08-17T20:16:37","guid":{"rendered":"https:\/\/elpregonerodezamora.com\/?p=9508"},"modified":"2024-08-17T20:16:37","modified_gmt":"2024-08-17T20:16:37","slug":"primer-k-fest-de-zamora","status":"publish","type":"post","link":"https:\/\/elpregonerodezamora.com\/index.php\/2024\/08\/17\/primer-k-fest-de-zamora\/","title":{"rendered":"Primer K-Fest de Zamora"},"content":{"rendered":"\n<p style=\"font-size:30px\"><strong>* Si eres amante del Kpop este fin de semana no te puedes perder del primer evento sobre la cultura coreana<\/strong><\/p>\n\n\n\n<p><strong>Zamora, Mich., 17\/agosto\/2024.- Este domingo se realizar\u00e1 en Centro Regional de las Artes de Michoac\u00e1n (CRAM) el K-Fest de emprendedores con productos desde Ramen, dulces hasta dulces y mech de los idols.<\/strong><\/p>\n\n\n\n<p><strong>Este es el primer festival que se realizar\u00e1 en la regi\u00f3n de Zamora &#8211; Jacona, en donde se unir\u00e1 la m\u00fasica y culturas de la comida del K-Pop.<\/strong><\/p>\n\n\n\n<p><strong>Si acudes a este primer festival del K-Pop en Zamora encontrar\u00e1s merch original y fanmade, as\u00ed como ropa, accesorios, postres y bebidas.<\/strong><\/p>\n\n\n\n<p><strong>Este encuentro se realizar\u00e1 en un horario de 11:00 a 19:00 horas, a lo largo de esta jornada podr\u00e1s disfrutar del Dance Cover, din\u00e1micas, random dance, as\u00ed como regalos y varias sorpresas. (El Sol de Zamora)<\/strong><\/p>\n","protected":false},"excerpt":{"rendered":"<p>* Si eres amante del Kpop este fin de semana no te puedes perder del primer evento sobre la cultura coreana Zamora, Mich., 17\/agosto\/2024.- Este domingo se realizar\u00e1 en Centro Regional de las Artes de Michoac\u00e1n (CRAM) el K-Fest de emprendedores con productos desde Ramen, dulces hasta dulces y mech de los idols. Este es [&hellip;]<\/p>\n","protected":false},"author":2,"featured_media":9509,"comment_status":"open","ping_status":"open","sticky":false,"template":"","format":"standard","meta":{"footnotes":"","_rishi_post_view_count":553},"categories":[77],"tags":[],"class_list":["post-9508","post","type-post","status-publish","format-standard","has-post-thumbnail","hentry","category-arte-y-cultura"],"comments_count":"0","_links":{"self":[{"href":"https:\/\/elpregonerodezamora.com\/index.php\/wp-json\/wp\/v2\/posts\/9508","targetHints":{"allow":["GET"]}}],"collection":[{"href":"https:\/\/elpregonerodezamora.com\/index.php\/wp-json\/wp\/v2\/posts"}],"about":[{"href":"https:\/\/elpregonerodezamora.com\/index.php\/wp-json\/wp\/v2\/types\/post"}],"author":[{"embeddable":true,"href":"https:\/\/elpregonerodezamora.com\/index.php\/wp-json\/wp\/v2\/users\/2"}],"replies":[{"embeddable":true,"href":"https:\/\/elpregonerodezamora.com\/index.php\/wp-json\/wp\/v2\/comments?post=9508"}],"version-history":[{"count":1,"href":"https:\/\/elpregonerodezamora.com\/index.php\/wp-json\/wp\/v2\/posts\/9508\/revisions"}],"predecessor-version":[{"id":9510,"href":"https:\/\/elpregonerodezamora.com\/index.php\/wp-json\/wp\/v2\/posts\/9508\/revisions\/9510"}],"wp:featuredmedia":[{"embeddable":true,"href":"https:\/\/elpregonerodezamora.com\/index.php\/wp-json\/wp\/v2\/media\/9509"}],"wp:attachment":[{"href":"https:\/\/elpregonerodezamora.com\/index.php\/wp-json\/wp\/v2\/media?parent=9508"}],"wp:term":[{"taxonomy":"category","embeddable":true,"href":"https:\/\/elpregonerodezamora.com\/index.php\/wp-json\/wp\/v2\/categories?post=9508"},{"taxonomy":"post_tag","embeddable":true,"href":"https:\/\/elpregonerodezamora.com\/index.php\/wp-json\/wp\/v2\/tags?post=9508"}],"curies":[{"name":"wp","href":"https:\/\/api.w.org\/{rel}","templated":true}]}}