{"id":9499,"date":"2024-08-17T00:21:35","date_gmt":"2024-08-17T00:21:35","guid":{"rendered":"https:\/\/elpregonerodezamora.com\/?p=9499"},"modified":"2024-08-17T00:21:35","modified_gmt":"2024-08-17T00:21:35","slug":"teleferico-de-uruapan-mejorara-la-movilidad-de-estudiantes-y-familias-gladyz-butanda","status":"publish","type":"post","link":"https:\/\/elpregonerodezamora.com\/index.php\/2024\/08\/17\/teleferico-de-uruapan-mejorara-la-movilidad-de-estudiantes-y-familias-gladyz-butanda\/","title":{"rendered":"Telef\u00e9rico de Uruapan mejorar\u00e1 la movilidad de estudiantes y familias: Gladyz Butanda"},"content":{"rendered":"\n<p style=\"font-size:25px\"><strong>\u2022 Cruzar\u00e1 por escuelas primarias, secundarias y preparatorias<\/strong><\/p>\n\n\n\n<p><strong>Uruapan, Michoac\u00e1n, 16 de agosto de 2024.- El telef\u00e9rico de Uruapan brindar\u00e1 beneficios significativos a estudiantes y madres y padres de familia al ofrecer una opci\u00f3n de transporte segura, eficiente y conveniente para cruzar por diversas instituciones educativas durante su ruta, destac\u00f3 la secretaria de Desarrollo Urbano y Movilidad, Gladyz Butanda Mac\u00edas.<\/strong><\/p>\n\n\n\n<p><strong>Expuso que este innovador sistema de transporte se implementar\u00e1 con el prop\u00f3sito de mejorar la movilidad urbana, especialmente en zonas de alta concentraci\u00f3n escolar. \u201cLas estaciones del telef\u00e9rico est\u00e1n estrat\u00e9gicamente ubicadas cerca de escuelas primarias, secundarias y preparatorias, facilitando el acceso r\u00e1pido y seguro a las aulas para cientos de estudiantes diariamente\u201d, dijo.<\/strong><\/p>\n\n\n\n<p><strong>Madres y padres de familia tambi\u00e9n se ver\u00e1n beneficiados, resalt\u00f3 Butanda Mac\u00edas, al poder acompa\u00f1ar a sus hijas e hijos durante el trayecto escolar de manera m\u00e1s eficiente, reduciendo el tiempo de viaje y evitando congestiones vehiculares.<\/strong><\/p>\n\n\n\n<p><strong>\u201cEsta nueva infraestructura no solo representa una mejora en la calidad de vida de las familias uruapenses, sino tambi\u00e9n una contribuci\u00f3n al medio ambiente, al fomentar un medio de transporte sustentable y reducir el uso del autom\u00f3vil\u201d, apunt\u00f3.<\/strong><\/p>\n\n\n\n<p><strong>El telef\u00e9rico de Uruapan es parte del compromiso de la administraci\u00f3n estatal con el desarrollo urbano y la inclusi\u00f3n social, asegurando que todos los sectores de la poblaci\u00f3n tengan acceso a un transporte digno y de calidad.<\/strong><\/p>\n\n\n\n<p><strong>Esta gran obra contin\u00faa avanzando conforme a lo previsto y se espera que est\u00e9 en funcionamiento para 2025, brindando a Uruapan una soluci\u00f3n de movilidad moderna y accesible.<\/strong><\/p>\n","protected":false},"excerpt":{"rendered":"<p>\u2022 Cruzar\u00e1 por escuelas primarias, secundarias y preparatorias Uruapan, Michoac\u00e1n, 16 de agosto de 2024.- El telef\u00e9rico de Uruapan brindar\u00e1 beneficios significativos a estudiantes y madres y padres de familia al ofrecer una opci\u00f3n de transporte segura, eficiente y conveniente para cruzar por diversas instituciones educativas durante su ruta, destac\u00f3 la secretaria de Desarrollo Urbano [&hellip;]<\/p>\n","protected":false},"author":2,"featured_media":9500,"comment_status":"open","ping_status":"open","sticky":false,"template":"","format":"standard","meta":{"footnotes":"","_rishi_post_view_count":853},"categories":[6],"tags":[],"class_list":["post-9499","post","type-post","status-publish","format-standard","has-post-thumbnail","hentry","category-michoacan"],"comments_count":"0","_links":{"self":[{"href":"https:\/\/elpregonerodezamora.com\/index.php\/wp-json\/wp\/v2\/posts\/9499","targetHints":{"allow":["GET"]}}],"collection":[{"href":"https:\/\/elpregonerodezamora.com\/index.php\/wp-json\/wp\/v2\/posts"}],"about":[{"href":"https:\/\/elpregonerodezamora.com\/index.php\/wp-json\/wp\/v2\/types\/post"}],"author":[{"embeddable":true,"href":"https:\/\/elpregonerodezamora.com\/index.php\/wp-json\/wp\/v2\/users\/2"}],"replies":[{"embeddable":true,"href":"https:\/\/elpregonerodezamora.com\/index.php\/wp-json\/wp\/v2\/comments?post=9499"}],"version-history":[{"count":1,"href":"https:\/\/elpregonerodezamora.com\/index.php\/wp-json\/wp\/v2\/posts\/9499\/revisions"}],"predecessor-version":[{"id":9501,"href":"https:\/\/elpregonerodezamora.com\/index.php\/wp-json\/wp\/v2\/posts\/9499\/revisions\/9501"}],"wp:featuredmedia":[{"embeddable":true,"href":"https:\/\/elpregonerodezamora.com\/index.php\/wp-json\/wp\/v2\/media\/9500"}],"wp:attachment":[{"href":"https:\/\/elpregonerodezamora.com\/index.php\/wp-json\/wp\/v2\/media?parent=9499"}],"wp:term":[{"taxonomy":"category","embeddable":true,"href":"https:\/\/elpregonerodezamora.com\/index.php\/wp-json\/wp\/v2\/categories?post=9499"},{"taxonomy":"post_tag","embeddable":true,"href":"https:\/\/elpregonerodezamora.com\/index.php\/wp-json\/wp\/v2\/tags?post=9499"}],"curies":[{"name":"wp","href":"https:\/\/api.w.org\/{rel}","templated":true}]}}