{"id":9492,"date":"2024-08-16T23:56:34","date_gmt":"2024-08-16T23:56:34","guid":{"rendered":"https:\/\/elpregonerodezamora.com\/?p=9492"},"modified":"2024-08-16T23:56:34","modified_gmt":"2024-08-16T23:56:34","slug":"realiza-colmich-taller-de-verano-edicion-de-aniversario-45","status":"publish","type":"post","link":"https:\/\/elpregonerodezamora.com\/index.php\/2024\/08\/16\/realiza-colmich-taller-de-verano-edicion-de-aniversario-45\/","title":{"rendered":"REALIZA COLMICH TALLER DE VERANO, EDICI\u00d3N DE ANIVERSARIO 45"},"content":{"rendered":"\n<p><strong><em>* J\u00f3venes de diversas partes del pa\u00eds se dieron cita en El Colegio de Michoac\u00e1n para vivir la experiencia de ser estudiantes de uno de los centros p\u00fablicos de investigaci\u00f3n m\u00e1s prestigiosos a nivel nacional e internacional<\/em><\/strong><\/p>\n\n\n\n<p><strong>Redacci\u00f3n \/ El Pregonero TV<\/strong><\/p>\n\n\n\n<p><strong>Zamora Michoac\u00e1n a 16 de agosto de 2024.- El Taller de Verano Colmich 2024, se llev\u00f3 a cabo por tercer a\u00f1o consecutivo y en una edici\u00f3n especial de aniversario por los 45 a\u00f1os de la fundaci\u00f3n de El Colegio de Michoac\u00e1n; 20 j\u00f3venes de nivel licenciatura, provenientes de distintas partes del pa\u00eds se dieron cita por tres d\u00edas para vivir la experiencia inmersa de las ciencias sociales desde un Centro P\u00fablico de Investigaci\u00f3n.<\/strong><\/p>\n\n\n\n<p><strong>El Dr. Luis Alberto Arrioja D\u00edaz Viruell, presidente de El Colegio de Michoac\u00e1n fue el encargado de dar la bienvenida a los j\u00f3venes que formar\u00edan parte de este taller que el Colmich prepar\u00f3 con el objetivo de que vivieran m\u00e1s a fondo la experiencia de formar parte de un Centro P\u00fablico de Investigaci\u00f3n en Ciencias Sociales y Humanidades.<\/strong><\/p>\n\n\n\n<p><strong>Resalt\u00f3 lo afortunados que fueron al ser seleccionados mediante la convocatoria p\u00fablica emitida el pasado mes de febrero, a la que estudiantes de todos los campos de conocimiento en el pa\u00eds de nivel licenciatura buscaron formar parte de esta tercera edici\u00f3n con actividades acad\u00e9mico\/cient\u00edficas con el prop\u00f3sito de acercar a j\u00f3venes en el \u00e1mbito de la investigaci\u00f3n, brindando as\u00ed una visi\u00f3n m\u00e1s amplia de oportunidades en la cuesti\u00f3n de la formaci\u00f3n profesional.<\/strong><\/p>\n\n\n\n<p><strong>Estos 20 j\u00f3venes fueron seleccionados de distintas regiones de todo el territorio nacional, como lo es el estado de Yucat\u00e1n, Ciudad de M\u00e9xico, Aguascalientes, Baja California, Zacatecas, Chihuahua, Guanajuato, Campeche, Jalisco y el propio estado de Michoac\u00e1n; a cada uno de ellos se les otorg\u00f3 una beca de hospedaje y alimentaci\u00f3n durante el curso adem\u00e1s de un vale para canjearlo en la Librer\u00eda Colmich y un kit de souvenirs conmemorativos por los 45 a\u00f1os de la fundaci\u00f3n de la instituci\u00f3n.<\/strong><\/p>\n\n\n\n<p><strong>Arrioja D\u00edaz Viruell, destac\u00f3 que, durante la estancia, los j\u00f3venes tuvieron la oportunidad de vivir la experiencia de conocer y aprender de investigadores e investigadoras de prestigio nacional e internacional en el estudio de las Ciencias Sociales y Humanidades. En esta edici\u00f3n los temas de los cursos fueron: Sexualidad y g\u00e9nero, Sistemas de alimentaci\u00f3n, Etnograf\u00eda y migraci\u00f3n, Patrimonio, entre otros.<\/strong><\/p>\n\n\n\n<p><strong>Adem\u00e1s, realizaron trabajo de campo, visitaron manantiales cercanos y adem\u00e1s recorrieron el centro hist\u00f3rico de Zamora, as\u00ed como tambi\u00e9n conocieron los quehaceres del Laboratorio de An\u00e1lisis y Diagn\u00f3sticos del Patrimonio (LADIPA), donde observaron la relaci\u00f3n entre las ciencias f\u00edsico-experimentales y las ciencias sociales y humanidades y su relaci\u00f3n con el entorno.<\/strong><\/p>\n\n\n\n<p><strong>Los cursos se realizaron en la sede principal de El Colegio de Michoac\u00e1n, en Zamora, como en su Extensi\u00f3n en la ciudad de La Piedad.<\/strong><\/p>\n\n\n\n<p><strong>Todo esto fue posible debido a la coordinaci\u00f3n entre la regidur\u00eda de Educaci\u00f3n, Cultura y Turismo del municipio de Zamora, el Centro Regional de las Artes de Michoac\u00e1n y del Consejo Nacional de Humanidades, Ciencia y Tecnolog\u00eda (CONAHCYT), que contribuyeron a que la realizaci\u00f3n fuera todo un \u00e9xito y los j\u00f3venes tuvieran una estancia agradable de principio a fin.<\/strong><\/p>\n\n\n\n<p><strong>En la opini\u00f3n de los j\u00f3venes, el taller fue gratificante y manifestaron estar maravillados por toda la experiencia la cual super\u00f3 las expectativas, ya que esta actividad logr\u00f3 abrir su panorama acerca del estudio de las Ciencias Sociales y Humanidades e invitaron a otros estudiantes de licenciatura a postularse a las pr\u00f3ximas ediciones y formar parte del taller de verano.<\/strong><\/p>\n\n\n\n<p><strong>Por \u00faltimo en la ceremonia de clausura los alumnos pudieron apreciar estampas folcl\u00f3ricas para convivir y pasar su ultimo d\u00eda en la ciudad; en palabras del presidente de El Colegio de Michoac\u00e1n, Luis Alberto Arrioja Diaz Viruell, invit\u00f3 a los j\u00f3venes a compartir esta experiencia hasta su lugar de origen y a estar pendiente de siguientes convocatorias y actividades a trav\u00e9s del p\u00e1gina oficial del colegio: <a href=\"https:\/\/l.facebook.com\/l.php?u=http%3A%2F%2Fwww.colmich.edu.mx%2F%3Ffbclid%3DIwZXh0bgNhZW0CMTAAAR1i_tSC_TRNU6cJjQXDIp6sgwG0D9DqokNvJttaITmO4ErdVRyHNiig7Uo_aem_-t-BL8d4iZotA97n1KRxgA&amp;h=AT3vLrU2ZyZf6EJi4URqZapeU7NBHN0PtquIbB1pFJbgdCjxDIWN6EkStz1rDtqFGwig7HmAxb-_1xsmx2Y12IAscu69FQI_Yg-CErdK8fOkKvOguVyXGHj2-8YzH12s3d2K&amp;__tn__=-UK-R&amp;c[0]=AT0dtCGCrSHZcp0oPabJWHsObMxb_ajfkIU_F8wz1wJPM2IHrApbhdfow03P37kuilyY_VadmKByX-7MkpLjssQNsMKggENKP-sUueeif8HM0yaRBLJh3YTJ1JLFPICLdoJAPb1Mbu-tVZlbxamF8XkKLdnKiwRA_GIA0e7f0XOFY-l1K72GtX_Rie_KanvIBKw0h1GH0X2qpEBV_cnyVMeOnZ8fTd1-hx3K\" target=\"_blank\" rel=\"noreferrer noopener\">www.colmich.edu.mx<\/a> y de las redes sociales, que el Colmich es una instituci\u00f3n p\u00fablica y abierta para todos.<\/strong><\/p>\n","protected":false},"excerpt":{"rendered":"<p>* J\u00f3venes de diversas partes del pa\u00eds se dieron cita en El Colegio de Michoac\u00e1n para vivir la experiencia de ser estudiantes de uno de los centros p\u00fablicos de investigaci\u00f3n m\u00e1s prestigiosos a nivel nacional e internacional Redacci\u00f3n \/ El Pregonero TV Zamora Michoac\u00e1n a 16 de agosto de 2024.- El Taller de Verano Colmich [&hellip;]<\/p>\n","protected":false},"author":2,"featured_media":9493,"comment_status":"open","ping_status":"open","sticky":false,"template":"","format":"standard","meta":{"footnotes":"","_rishi_post_view_count":561},"categories":[77],"tags":[443],"class_list":["post-9492","post","type-post","status-publish","format-standard","has-post-thumbnail","hentry","category-arte-y-cultura","tag-realiza-colmich-taller-de-verano"],"comments_count":"0","_links":{"self":[{"href":"https:\/\/elpregonerodezamora.com\/index.php\/wp-json\/wp\/v2\/posts\/9492","targetHints":{"allow":["GET"]}}],"collection":[{"href":"https:\/\/elpregonerodezamora.com\/index.php\/wp-json\/wp\/v2\/posts"}],"about":[{"href":"https:\/\/elpregonerodezamora.com\/index.php\/wp-json\/wp\/v2\/types\/post"}],"author":[{"embeddable":true,"href":"https:\/\/elpregonerodezamora.com\/index.php\/wp-json\/wp\/v2\/users\/2"}],"replies":[{"embeddable":true,"href":"https:\/\/elpregonerodezamora.com\/index.php\/wp-json\/wp\/v2\/comments?post=9492"}],"version-history":[{"count":1,"href":"https:\/\/elpregonerodezamora.com\/index.php\/wp-json\/wp\/v2\/posts\/9492\/revisions"}],"predecessor-version":[{"id":9494,"href":"https:\/\/elpregonerodezamora.com\/index.php\/wp-json\/wp\/v2\/posts\/9492\/revisions\/9494"}],"wp:featuredmedia":[{"embeddable":true,"href":"https:\/\/elpregonerodezamora.com\/index.php\/wp-json\/wp\/v2\/media\/9493"}],"wp:attachment":[{"href":"https:\/\/elpregonerodezamora.com\/index.php\/wp-json\/wp\/v2\/media?parent=9492"}],"wp:term":[{"taxonomy":"category","embeddable":true,"href":"https:\/\/elpregonerodezamora.com\/index.php\/wp-json\/wp\/v2\/categories?post=9492"},{"taxonomy":"post_tag","embeddable":true,"href":"https:\/\/elpregonerodezamora.com\/index.php\/wp-json\/wp\/v2\/tags?post=9492"}],"curies":[{"name":"wp","href":"https:\/\/api.w.org\/{rel}","templated":true}]}}