{"id":9478,"date":"2024-08-16T01:21:20","date_gmt":"2024-08-16T01:21:20","guid":{"rendered":"https:\/\/elpregonerodezamora.com\/?p=9478"},"modified":"2024-08-16T01:21:21","modified_gmt":"2024-08-16T01:21:21","slug":"se-proyecta-en-michoacan-nuevo-polo-de-desarrollo-del-pais-bedolla","status":"publish","type":"post","link":"https:\/\/elpregonerodezamora.com\/index.php\/2024\/08\/16\/se-proyecta-en-michoacan-nuevo-polo-de-desarrollo-del-pais-bedolla\/","title":{"rendered":"Se proyecta en Michoac\u00e1n nuevo polo de desarrollo del pa\u00eds: Bedolla"},"content":{"rendered":"\n<p style=\"font-size:25px\"><strong>* El gobernador present\u00f3 la propuesta a la presidenta electa Claudia Sheinbaum<\/strong><\/p>\n\n\n\n<p><strong>Morelia, Michoac\u00e1n, 15 de agosto de 2024.- La conectividad efectiva en log\u00edstica entre los puertos de Manzanillo y L\u00e1zaro C\u00e1rdenas se proyecta que detone un nuevo polo de desarrollo econ\u00f3mico y comercial para M\u00e9xico en la regi\u00f3n Pac\u00edfico, sumando nueva infraestructura en el puerto michoacano, as\u00ed es la propuesta planteada por el gobernador Alfredo Ram\u00edrez Bedolla a la presidenta electa, Claudia Sheinbaum Pardo.<\/strong><\/p>\n\n\n\n<p><strong>El proyecto impactar\u00eda de manera positiva a la econom\u00eda de todo el pa\u00eds con un mayor \u00e9nfasis a los estados de Colima, Guerrero, Jalisco y Michoac\u00e1n, este \u00faltimo encabezando como centro neur\u00e1lgico ante su conexi\u00f3n con los mercados T-MEC y APEC.<\/strong><\/p>\n\n\n\n<p><strong>La nueva infraestructura que contempla el proyecto incluye la modernizaci\u00f3n carretera a cuatro carriles entre La Uni\u00f3n-L\u00e1zaro C\u00e1rdenas-Manzanillo, para lo cual se estima una inversi\u00f3n de 13 mil 228 millones de pesos, lo que establecer\u00eda una conexi\u00f3n eficaz entre Colima, Michoac\u00e1n y Guerrero.<\/strong><\/p>\n\n\n\n<p><strong>Adem\u00e1s, se plante\u00f3 la edificaci\u00f3n de un nuevo aeropuerto en L\u00e1zaro C\u00e1rdenas, el cual tendr\u00eda capacidad de manejo de aeronaves para movilidad de carga, con una inversi\u00f3n estimada de 2 mil 700 millones de pesos.<\/strong><\/p>\n\n\n\n<p><strong>Para el proyecto integral se contempla la continuaci\u00f3n de la ampliaci\u00f3n de la autopista Siglo XXI en el tramo Cuatro Caminos-L\u00e1zaro C\u00e1rdenas, adem\u00e1s una nueva conexi\u00f3n que entrelace las l\u00edneas de Canadian Pacific Kansas City (CPKC) y Ferromex, para fortalecer el cabotaje.<\/strong><\/p>\n\n\n\n<p><strong>Dichas propuestas permitir\u00edan la eficiencia log\u00edstica, reducci\u00f3n de costos operativos y hacer m\u00e1s atractivo al estado para la llegada de inversiones.<\/strong><\/p>\n","protected":false},"excerpt":{"rendered":"<p>* El gobernador present\u00f3 la propuesta a la presidenta electa Claudia Sheinbaum Morelia, Michoac\u00e1n, 15 de agosto de 2024.- La conectividad efectiva en log\u00edstica entre los puertos de Manzanillo y L\u00e1zaro C\u00e1rdenas se proyecta que detone un nuevo polo de desarrollo econ\u00f3mico y comercial para M\u00e9xico en la regi\u00f3n Pac\u00edfico, sumando nueva infraestructura en el [&hellip;]<\/p>\n","protected":false},"author":2,"featured_media":9479,"comment_status":"open","ping_status":"open","sticky":false,"template":"","format":"standard","meta":{"footnotes":"","_rishi_post_view_count":760},"categories":[6],"tags":[],"class_list":["post-9478","post","type-post","status-publish","format-standard","has-post-thumbnail","hentry","category-michoacan"],"comments_count":"0","_links":{"self":[{"href":"https:\/\/elpregonerodezamora.com\/index.php\/wp-json\/wp\/v2\/posts\/9478","targetHints":{"allow":["GET"]}}],"collection":[{"href":"https:\/\/elpregonerodezamora.com\/index.php\/wp-json\/wp\/v2\/posts"}],"about":[{"href":"https:\/\/elpregonerodezamora.com\/index.php\/wp-json\/wp\/v2\/types\/post"}],"author":[{"embeddable":true,"href":"https:\/\/elpregonerodezamora.com\/index.php\/wp-json\/wp\/v2\/users\/2"}],"replies":[{"embeddable":true,"href":"https:\/\/elpregonerodezamora.com\/index.php\/wp-json\/wp\/v2\/comments?post=9478"}],"version-history":[{"count":1,"href":"https:\/\/elpregonerodezamora.com\/index.php\/wp-json\/wp\/v2\/posts\/9478\/revisions"}],"predecessor-version":[{"id":9480,"href":"https:\/\/elpregonerodezamora.com\/index.php\/wp-json\/wp\/v2\/posts\/9478\/revisions\/9480"}],"wp:featuredmedia":[{"embeddable":true,"href":"https:\/\/elpregonerodezamora.com\/index.php\/wp-json\/wp\/v2\/media\/9479"}],"wp:attachment":[{"href":"https:\/\/elpregonerodezamora.com\/index.php\/wp-json\/wp\/v2\/media?parent=9478"}],"wp:term":[{"taxonomy":"category","embeddable":true,"href":"https:\/\/elpregonerodezamora.com\/index.php\/wp-json\/wp\/v2\/categories?post=9478"},{"taxonomy":"post_tag","embeddable":true,"href":"https:\/\/elpregonerodezamora.com\/index.php\/wp-json\/wp\/v2\/tags?post=9478"}],"curies":[{"name":"wp","href":"https:\/\/api.w.org\/{rel}","templated":true}]}}