{"id":9456,"date":"2024-08-15T00:39:04","date_gmt":"2024-08-15T00:39:04","guid":{"rendered":"https:\/\/elpregonerodezamora.com\/?p=9456"},"modified":"2024-08-15T00:39:05","modified_gmt":"2024-08-15T00:39:05","slug":"celebraran-el-dia-nacional-del-cine-mexicano-este-15-de-agosto","status":"publish","type":"post","link":"https:\/\/elpregonerodezamora.com\/index.php\/2024\/08\/15\/celebraran-el-dia-nacional-del-cine-mexicano-este-15-de-agosto\/","title":{"rendered":"Celebrar\u00e1n el D\u00eda Nacional del Cine Mexicano este 15 de agosto"},"content":{"rendered":"\n<p style=\"font-size:35px\"><strong>* Con 47 pel\u00edculas gratuitas en 54 cines del pa\u00eds<\/strong><\/p>\n\n\n\n<p><strong>Redacci\u00f3n \/ El Pregonero TV<\/strong><\/p>\n\n\n\n<p><strong>Las proyecciones tambi\u00e9n se har\u00e1n a trav\u00e9s del canal MX Nuestro Cine (se\u00f1al 22.2) y la plataforma en l\u00ednea del Imcine, <a href=\"https:\/\/l.facebook.com\/l.php?u=http%3A%2F%2Fnuestrocine.mx%2F%3Ffbclid%3DIwZXh0bgNhZW0CMTAAAR1TFyFJF8Yweb5ouE1T-tQYQO9vtpvaV4j59smdaiEQ1HryFbiUkLiDJl8_aem_xXNP77r8hdo0AWyc9vkyEA&amp;h=AT3aBjd5RAlNTYYrHQdH4GB4Ah5wpND0D3GXzZvj38BbuvMlg7adi3_j0-APRgbD1pZ_SJGUl9lFEfDcfsFnzxCDZ2pDEamrQqcxTSZjq2CgeYDbv5yVvWH-Zv4Hp7NnXP1B&amp;__tn__=-UK-R&amp;c[0]=AT2r28mHoKHoExbMFEunvDRtoRzEz2AeAcJr_1mbt29UkrCEWSmJdqQTW3KZXAksElylBhLRJcXRXflIdz8PgtScy5hJ77Y6_6Ymr-pHRxKUD9Q83FWcg7JQnsa9fjwTzEq0w1XNtKYtOD4pMz2lPEhlja1k89IEPNUv7wolrwG1_ZSjv-ze-Q\" target=\"_blank\" rel=\"noreferrer noopener\">nuestrocine.mx.<\/a><\/strong><\/p>\n\n\n\n<p><strong>Ciudad de M\u00e9xico, 14\/agosto\/2024.-. En marco del D\u00eda Nacional del Cine Mexicano, que se conmemora cada 15 de agosto, la Secretar\u00eda de Cultura del Gobierno de M\u00e9xico, a trav\u00e9s del Instituto Mexicano de Cinematograf\u00eda (Imcine) ofrecer\u00e1 una programaci\u00f3n especial en 54 cines a lo largo del pa\u00eds.<\/strong><\/p>\n\n\n\n<p><strong>La edici\u00f3n de este a\u00f1o comenzar\u00e1 sus festejos desde el 15 hasta el 31 de agosto. El p\u00fablico podr\u00e1 disfrutar de 47 producciones: 23 largometrajes y 24 cortometrajes (distribuidos en 4 programas), cuyas historias reflejan la diversidad de voces y talentos creativos de la industria cinematogr\u00e1fica en M\u00e9xico.<\/strong><\/p>\n\n\n\n<p><strong>Adem\u00e1s de estos t\u00edtulos, otros dos programas rendir\u00e1n homenaje a las carreras de dos mujeres clave en la cinematograf\u00eda mexicana: la productora Bertha Navarro \u2013quien en 2020 fue galardonada con el Premio Nacional de Artes y Literatura\u2013 y la directora Busi Cort\u00e9s \u2013incansable promotora para la formaci\u00f3n de nuevas generaciones cineastas y apertura de espacios para mujeres en la industria\u2013.<\/strong><\/p>\n\n\n\n<p><strong>La programaci\u00f3n estar\u00e1 disponible en 54 cines de 23 estados del pa\u00eds, incluyendo algunos espacios de exhibici\u00f3n que han recibido apoyo del Programa Fomento al Cine Mexicano (Focine) por su convocatoria para Espacios de Exhibici\u00f3n: Aguascalientes, Baja California, Baja California Sur, Campeche, Chiapas, Chihuahua, Ciudad de M\u00e9xico, Coahuila, Colima, Durango, Estado de M\u00e9xico, Guanajuato, Guerrero, Hidalgo, Jalisco, Michoac\u00e1n, Morelos, Oaxaca, Puebla, Quintana Roo, San Luis Potos\u00ed, Veracruz y Yucat\u00e1n.<\/strong><\/p>\n\n\n\n<p><strong>En el caso de la Cineteca Nacional de las Artes la programaci\u00f3n estar\u00e1 disponible del 16 al 22 de agosto, con funciones gratuitas para tambi\u00e9n celebrar su primer aniversario. As\u00ed mismo las proyecciones se har\u00e1n a trav\u00e9s del canal MX Nuestro Cine (se\u00f1al 22.2) y la plataforma en l\u00ednea del Imcine, <a href=\"https:\/\/l.facebook.com\/l.php?u=http%3A%2F%2Fnuestrocine.mx%2F%3Ffbclid%3DIwZXh0bgNhZW0CMTAAAR2-fqjJ5feJWi8h6TA_msLa_lE-Jebqr7eMPRrG9BgLCL86H2YCxe5tiRU_aem_Ba77r2o2GQeub5taU8OR0A&amp;h=AT3aBjd5RAlNTYYrHQdH4GB4Ah5wpND0D3GXzZvj38BbuvMlg7adi3_j0-APRgbD1pZ_SJGUl9lFEfDcfsFnzxCDZ2pDEamrQqcxTSZjq2CgeYDbv5yVvWH-Zv4Hp7NnXP1B&amp;__tn__=-UK-R&amp;c[0]=AT2r28mHoKHoExbMFEunvDRtoRzEz2AeAcJr_1mbt29UkrCEWSmJdqQTW3KZXAksElylBhLRJcXRXflIdz8PgtScy5hJ77Y6_6Ymr-pHRxKUD9Q83FWcg7JQnsa9fjwTzEq0w1XNtKYtOD4pMz2lPEhlja1k89IEPNUv7wolrwG1_ZSjv-ze-Q\" target=\"_blank\" rel=\"noreferrer noopener\">nuestrocine.mx.<\/a><\/strong><\/p>\n\n\n\n<p class=\"has-small-font-size\">Programaci\u00f3n para el D\u00eda Nacional del Cine Mexicano 2024:<\/p>\n\n\n\n<p style=\"font-size:25px\"><strong>LARGOMETRAJES<\/strong><\/p>\n\n\n\n<p><strong>Centenario, varias directoras y directores<\/strong><\/p>\n\n\n\n<p><strong><em>Donde duermen los p\u00e1jaros, de Alejandro Alatorre<\/em><\/strong><\/p>\n\n\n\n<p><strong><em>El carret\u00f3n del desierto, de Jorge Prior<\/em><\/strong><\/p>\n\n\n\n<p><strong>El halc\u00f3n, de Eduardo Valenzuela<\/strong><\/p>\n\n\n\n<p><strong><em>Fifaliana, de Lorenzo Hagerman<\/em><\/strong><\/p>\n\n\n\n<p><strong><em>Iluminados, de Jorge Curioca (versi\u00f3n con audiodescripci\u00f3n)<\/em><\/strong><\/p>\n\n\n\n<p><strong><em>La frontera invisible, de Mariana Flores Villalba<\/em><\/strong><\/p>\n\n\n\n<p><strong><em>La poeta del ring, de Mariana Tames<\/em><\/strong><\/p>\n\n\n\n<p><strong><em>Los herederos, de Eugenio Polgovsky<\/em><\/strong><\/p>\n\n\n\n<p><strong><em>M\u00edrame, de Pavel Cant\u00fa<\/em><\/strong><\/p>\n\n\n\n<p><strong><em>Mostro, de Jos\u00e9 Pablo Escamilla<\/em><\/strong><\/p>\n\n\n\n<p><strong><em>Todos los incendios, de Mauricio Calder\u00f3n<\/em><\/strong><\/p>\n\n\n\n<p><strong><em>T\u00f3tem, de la Unidad de Montaje Dial\u00e9ctico<\/em><\/strong><\/p>\n\n\n\n<p><strong><em>Yib, de Ozan Mermer<\/em><\/strong><\/p>\n\n\n\n<p><strong><em>Yo no soy guapo, de Joyce Garc\u00eda (versi\u00f3n con audiodescripci\u00f3n)<\/em><\/strong><\/p>\n\n\n\n<p><strong><em>Yurei (Fantasmas), de Sumie Garc\u00eda<\/em><\/strong><\/p>\n\n\n\n<p style=\"font-size:25px\"><strong>CORTOMETRAJES<\/strong><\/p>\n\n\n\n<p><strong>Programa 1<\/strong><\/p>\n\n\n\n<p><strong>Cenizo, de Gustavo Hern\u00e1ndez de Anda<\/strong><\/p>\n\n\n\n<p><strong>Carne de Dios, de Patricio Plaza<\/strong><\/p>\n\n\n\n<p><strong>Nisei (Segunda generaci\u00f3n), de Jos\u00e9 Miguel Lino<\/strong><\/p>\n\n\n\n<p><strong>I can&#8217;t go on like this, de Aria Covamonas<\/strong><\/p>\n\n\n\n<p><strong>Yo soy la reyna, de Roberto Salvador<\/strong><\/p>\n\n\n\n<p><strong>Programa 2<\/strong><\/p>\n\n\n\n<p><strong>El h\u00e9roe, de Carlos Carrera (digitalizado)<\/strong><\/p>\n\n\n\n<p><strong>Coronas negras, de Andr\u00e9 L\u00f4 S\u00e1nchez<\/strong><\/p>\n\n\n\n<p><strong>Amor Ice, de Katy Araiza<\/strong><\/p>\n\n\n\n<p><strong>Descenso, de Alejandro Aguirre Tan\u00fas<\/strong><\/p>\n\n\n\n<p><strong>Tere, de Gilberto Gonz\u00e1lez Penilla<\/strong><\/p>\n\n\n\n<p>Y<strong>o mat\u00e9 a Lucca, de Ana Moreno<\/strong><\/p>\n\n\n\n<p style=\"font-size:25px\">PTOGRAMA DEL CENTRO DE PRODUCCI\u00d3N DE CORTOMETRAJES (CPC)<\/p>\n\n\n\n<p><strong>D\u00eda de M\u00e9xico, de Rub\u00e9n G\u00e1mez<\/strong><\/p>\n\n\n\n<p><strong>La obra oculta, de Carlos Prieto<\/strong><\/p>\n\n\n\n<p><strong>Erosi\u00f3n, de Alfredo Joskowicz<\/strong><\/p>\n\n\n\n<p><strong>Nutrici\u00f3n, de Eduardo Carrasco<\/strong><\/p>\n\n\n\n<p><strong>Huamantla: los caminos de la luna, de Jos\u00e9 Manuel Osorio<\/strong><\/p>\n\n\n\n<p style=\"font-size:25px\"><strong>PROGRAMA PARA NI\u00d1XS<\/strong><\/p>\n\n\n\n<p><strong>Aguacuario, de Jos\u00e9 Eduardo Castillo<\/strong><\/p>\n\n\n\n<p><strong>Bajo un mismo cielo, de Ana Laura Calder\u00f3n<\/strong><\/p>\n\n\n\n<p><strong>Somos pajaritos, de Gabriela Badillo<\/strong><\/p>\n\n\n\n<p style=\"font-size:25px\"><strong>HOMENAJE A BERTHA NAVARRO<\/strong><\/p>\n\n\n\n<p><strong>Cabeza de vaca, de Nicol\u00e1s Echevarr\u00eda (digitalizada y con estabilizaci\u00f3n de color)<\/strong><\/p>\n\n\n\n<p><strong>Cronos, de Guillermo del Toro (digitalizada por Criterion Collection)<\/strong><\/p>\n\n\n\n<p><strong>D\u00eda de M\u00e9xico, de Rub\u00e9n G\u00e1mez (como parte del CPC, digitalizada)<\/strong><\/p>\n\n\n\n<p><strong>Sin sost\u00e9n, de Ren\u00e9 Castillo, Antonio Urrutia (digitalizada con correcci\u00f3n de color)<\/strong><\/p>\n\n\n\n<p><strong>Sonora, de Alejandro Springall<\/strong><\/p>\n\n\n\n<p><strong>Un embrujo, de Carlos Carrera (digitalizada en 2K)<\/strong><\/p>\n\n\n\n<p><strong><em>Estar\u00e1 disponible en todas las sedes y canales de televisi\u00f3n de los estados. Adem\u00e1s, en la Cineteca Nacional de las Artes, la funci\u00f3n de Cronos del s\u00e1bado 17 de agosto contar\u00e1 con la presencia de la productora Bertha Navarro.<\/em><\/strong><\/p>\n\n\n\n<p style=\"font-size:25px\"><strong>RECORDANDO A BUSI CORT\u00c9S<\/strong><\/p>\n\n\n\n<p><strong>El secreto de Romelia (digitalizada en 2K)<\/strong><\/p>\n\n\n\n<p><strong>Serpientes y escaleras<\/strong><\/p>\n\n\n\n<p><strong>Las Buenromero<\/strong><\/p>\n\n\n\n<p><strong>Hotel Villa Georne<\/strong><\/p>\n\n\n\n<p><strong>Un fr\u00e1gil retorno<\/strong><\/p>\n\n\n\n<p><strong>El lugar del coraz\u00f3n<\/strong><\/p>\n\n\n\n<p><strong><em>Estos t\u00edtulos tendr\u00e1n funciones en cines del pa\u00eds, as\u00ed como en televisoras y la plataforma <a href=\"https:\/\/l.facebook.com\/l.php?u=http%3A%2F%2Fnuestrocine.mx%2F%3Ffbclid%3DIwZXh0bgNhZW0CMTAAAR2-fqjJ5feJWi8h6TA_msLa_lE-Jebqr7eMPRrG9BgLCL86H2YCxe5tiRU_aem_Ba77r2o2GQeub5taU8OR0A&amp;h=AT3aBjd5RAlNTYYrHQdH4GB4Ah5wpND0D3GXzZvj38BbuvMlg7adi3_j0-APRgbD1pZ_SJGUl9lFEfDcfsFnzxCDZ2pDEamrQqcxTSZjq2CgeYDbv5yVvWH-Zv4Hp7NnXP1B&amp;__tn__=-UK-R&amp;c[0]=AT2r28mHoKHoExbMFEunvDRtoRzEz2AeAcJr_1mbt29UkrCEWSmJdqQTW3KZXAksElylBhLRJcXRXflIdz8PgtScy5hJ77Y6_6Ymr-pHRxKUD9Q83FWcg7JQnsa9fjwTzEq0w1XNtKYtOD4pMz2lPEhlja1k89IEPNUv7wolrwG1_ZSjv-ze-Q\" target=\"_blank\" rel=\"noreferrer noopener\">nuestrocine.mx.<\/a> Para consultar la cartelera completa visita el portal del Imcine.<\/em><\/strong><\/p>\n","protected":false},"excerpt":{"rendered":"<p>* Con 47 pel\u00edculas gratuitas en 54 cines del pa\u00eds Redacci\u00f3n \/ El Pregonero TV Las proyecciones tambi\u00e9n se har\u00e1n a trav\u00e9s del canal MX Nuestro Cine (se\u00f1al 22.2) y la plataforma en l\u00ednea del Imcine, nuestrocine.mx. Ciudad de M\u00e9xico, 14\/agosto\/2024.-. En marco del D\u00eda Nacional del Cine Mexicano, que se conmemora cada 15 de [&hellip;]<\/p>\n","protected":false},"author":2,"featured_media":9457,"comment_status":"open","ping_status":"open","sticky":false,"template":"","format":"standard","meta":{"footnotes":"","_rishi_post_view_count":525},"categories":[77],"tags":[],"class_list":["post-9456","post","type-post","status-publish","format-standard","has-post-thumbnail","hentry","category-arte-y-cultura"],"comments_count":"0","_links":{"self":[{"href":"https:\/\/elpregonerodezamora.com\/index.php\/wp-json\/wp\/v2\/posts\/9456","targetHints":{"allow":["GET"]}}],"collection":[{"href":"https:\/\/elpregonerodezamora.com\/index.php\/wp-json\/wp\/v2\/posts"}],"about":[{"href":"https:\/\/elpregonerodezamora.com\/index.php\/wp-json\/wp\/v2\/types\/post"}],"author":[{"embeddable":true,"href":"https:\/\/elpregonerodezamora.com\/index.php\/wp-json\/wp\/v2\/users\/2"}],"replies":[{"embeddable":true,"href":"https:\/\/elpregonerodezamora.com\/index.php\/wp-json\/wp\/v2\/comments?post=9456"}],"version-history":[{"count":1,"href":"https:\/\/elpregonerodezamora.com\/index.php\/wp-json\/wp\/v2\/posts\/9456\/revisions"}],"predecessor-version":[{"id":9458,"href":"https:\/\/elpregonerodezamora.com\/index.php\/wp-json\/wp\/v2\/posts\/9456\/revisions\/9458"}],"wp:featuredmedia":[{"embeddable":true,"href":"https:\/\/elpregonerodezamora.com\/index.php\/wp-json\/wp\/v2\/media\/9457"}],"wp:attachment":[{"href":"https:\/\/elpregonerodezamora.com\/index.php\/wp-json\/wp\/v2\/media?parent=9456"}],"wp:term":[{"taxonomy":"category","embeddable":true,"href":"https:\/\/elpregonerodezamora.com\/index.php\/wp-json\/wp\/v2\/categories?post=9456"},{"taxonomy":"post_tag","embeddable":true,"href":"https:\/\/elpregonerodezamora.com\/index.php\/wp-json\/wp\/v2\/tags?post=9456"}],"curies":[{"name":"wp","href":"https:\/\/api.w.org\/{rel}","templated":true}]}}