{"id":9448,"date":"2024-08-14T23:00:18","date_gmt":"2024-08-14T23:00:18","guid":{"rendered":"https:\/\/elpregonerodezamora.com\/?p=9448"},"modified":"2024-08-14T23:00:18","modified_gmt":"2024-08-14T23:00:18","slug":"de-gran-beneficio-para-cientos-de-estudiantes-la-apertura-del-campus-zamora-de-la-umsnh-isidoro-mosqueda","status":"publish","type":"post","link":"https:\/\/elpregonerodezamora.com\/index.php\/2024\/08\/14\/de-gran-beneficio-para-cientos-de-estudiantes-la-apertura-del-campus-zamora-de-la-umsnh-isidoro-mosqueda\/","title":{"rendered":"&#8220;De gran beneficio para cientos de estudiantes la apertura del Campus Zamora de la UMSNH: Isidoro Mosqueda"},"content":{"rendered":"\n<p style=\"font-size:35px\"><strong>* Alcalde de Jacona presente en el acto inaugural <\/strong><\/p>\n\n\n\n<p><strong>Zamora, Mich., 14\/agosto\/2024.- \u201cHoy se da un paso muy importante para la educaci\u00f3n profesional en esta hermosa regi\u00f3n, con el gran logro de la inauguraci\u00f3n del campus de la Universidad Michoacana, que ser\u00e1 de gran beneficio para cientos de estudiantes, quienes podr\u00e1n contar con mayor oportunidad de acceso a la educaci\u00f3n superior de alto nivel\u201d se\u00f1al\u00f3 Isidoro Mosqueda, Alcalde de Jacona, al acompa\u00f1ar al Gobernador de Michoac\u00e1n, Mtro. Alfredo Ram\u00edrez Bedolla, en el evento inaugural del campus de la UMSNH en la zona.<\/strong><\/p>\n\n\n\n<figure class=\"wp-block-image size-full\"><img loading=\"lazy\" decoding=\"async\" width=\"593\" height=\"395\" src=\"https:\/\/elpregonerodezamora.com\/wp-content\/uploads\/2024\/08\/ISIDOROENLA-UMSNH.jpg\" alt=\"\" class=\"wp-image-9449\" srcset=\"https:\/\/elpregonerodezamora.com\/wp-content\/uploads\/2024\/08\/ISIDOROENLA-UMSNH.jpg 593w, https:\/\/elpregonerodezamora.com\/wp-content\/uploads\/2024\/08\/ISIDOROENLA-UMSNH-300x200.jpg 300w\" sizes=\"auto, (max-width: 593px) 100vw, 593px\" \/><\/figure>\n\n\n\n<p><strong>El edil dijo que gracias al esfuerzo y compromiso cumplido con los estudiantes, por parte del Gobernador, se forja un gran futuro para la juventud de la regi\u00f3n y se demuestra que con honestidad y trabajo se logra que los sue\u00f1os sean una realidad.<\/strong><\/p>\n\n\n\n<p><strong>En el evento estuvieron tambi\u00e9n Gabriela Desire\u00e9 Molina Aguilar, Secretaria de Educaci\u00f3n; Yarab\u00ed \u00c1vila, Rectora; Rogelio Zaraz\u00faa S\u00e1nchez, Secretario de obras P\u00fablicas, entre otras personalidades.<\/strong><\/p>\n\n\n\n<p><\/p>\n","protected":false},"excerpt":{"rendered":"<p>* Alcalde de Jacona presente en el acto inaugural Zamora, Mich., 14\/agosto\/2024.- \u201cHoy se da un paso muy importante para la educaci\u00f3n profesional en esta hermosa regi\u00f3n, con el gran logro de la inauguraci\u00f3n del campus de la Universidad Michoacana, que ser\u00e1 de gran beneficio para cientos de estudiantes, quienes podr\u00e1n contar con mayor oportunidad [&hellip;]<\/p>\n","protected":false},"author":2,"featured_media":9450,"comment_status":"open","ping_status":"open","sticky":false,"template":"","format":"standard","meta":{"footnotes":"","_rishi_post_view_count":504},"categories":[12],"tags":[],"class_list":["post-9448","post","type-post","status-publish","format-standard","has-post-thumbnail","hentry","category-jacona"],"comments_count":"0","_links":{"self":[{"href":"https:\/\/elpregonerodezamora.com\/index.php\/wp-json\/wp\/v2\/posts\/9448","targetHints":{"allow":["GET"]}}],"collection":[{"href":"https:\/\/elpregonerodezamora.com\/index.php\/wp-json\/wp\/v2\/posts"}],"about":[{"href":"https:\/\/elpregonerodezamora.com\/index.php\/wp-json\/wp\/v2\/types\/post"}],"author":[{"embeddable":true,"href":"https:\/\/elpregonerodezamora.com\/index.php\/wp-json\/wp\/v2\/users\/2"}],"replies":[{"embeddable":true,"href":"https:\/\/elpregonerodezamora.com\/index.php\/wp-json\/wp\/v2\/comments?post=9448"}],"version-history":[{"count":1,"href":"https:\/\/elpregonerodezamora.com\/index.php\/wp-json\/wp\/v2\/posts\/9448\/revisions"}],"predecessor-version":[{"id":9451,"href":"https:\/\/elpregonerodezamora.com\/index.php\/wp-json\/wp\/v2\/posts\/9448\/revisions\/9451"}],"wp:featuredmedia":[{"embeddable":true,"href":"https:\/\/elpregonerodezamora.com\/index.php\/wp-json\/wp\/v2\/media\/9450"}],"wp:attachment":[{"href":"https:\/\/elpregonerodezamora.com\/index.php\/wp-json\/wp\/v2\/media?parent=9448"}],"wp:term":[{"taxonomy":"category","embeddable":true,"href":"https:\/\/elpregonerodezamora.com\/index.php\/wp-json\/wp\/v2\/categories?post=9448"},{"taxonomy":"post_tag","embeddable":true,"href":"https:\/\/elpregonerodezamora.com\/index.php\/wp-json\/wp\/v2\/tags?post=9448"}],"curies":[{"name":"wp","href":"https:\/\/api.w.org\/{rel}","templated":true}]}}