{"id":9430,"date":"2024-08-13T00:25:53","date_gmt":"2024-08-13T00:25:53","guid":{"rendered":"https:\/\/elpregonerodezamora.com\/?p=9430"},"modified":"2024-08-13T00:25:54","modified_gmt":"2024-08-13T00:25:54","slug":"isidoro-encabeza-entrega-de-sillas-de-ruedas","status":"publish","type":"post","link":"https:\/\/elpregonerodezamora.com\/index.php\/2024\/08\/13\/isidoro-encabeza-entrega-de-sillas-de-ruedas\/","title":{"rendered":"Isidoro encabeza entrega de Sillas de Ruedas"},"content":{"rendered":"\n<p style=\"font-size:25px\"><strong>* Adem\u00e1s de apoyos para aparatos auditivos y tratamiento contra el c\u00e1ncer<\/strong><\/p>\n\n\n\n<p><strong>Redacci\u00f3n \/ El Pregonero TV<\/strong><\/p>\n\n\n\n<p><strong>Jacona, Mich; a 12 de agosto de 2024.- El Alcalde Isidoro Mosqueda Estrada encabez\u00f3 el evento de entrega de sillas de ruedas y apoyos para aparatos auditivos y tratamiento contra el c\u00e1ncer, insumos obtenidos gracias a las inscripciones de los participantes en el Taller de Lengua de Se\u00f1as Mexicana, organizado por el Gobierno de Jacona, por medio de la Regidur\u00eda de Derechos Humanos, Grupos en Situaci\u00f3n de Vulnerabilidad y Salud. Tambi\u00e9n se realiz\u00f3 la entrega de constancias a personas que concluyeron su formaci\u00f3n en el citado taller.<\/strong><\/p>\n\n\n\n<p><strong>El Edil destac\u00f3 el apoyo y respaldo del Gobierno de Jacona a todos los sectores y puntualiz\u00f3 que se brind\u00f3 todo el apoyo para la realizaci\u00f3n del mencionado taller, pues su impacto en favor de grupos vulnerables y hacia la construcci\u00f3n de una sociedad m\u00e1s incluyente, es muy ben\u00e9fico.<\/strong><\/p>\n\n\n\n<p><strong>En este evento se entregaron tres sillas de ruedas y apoyo econ\u00f3mico para la compra de un aparato auditivo y un tratamiento para el c\u00e1ncer y se cont\u00f3 con la presencia del Edil, Isidoro Mosqueda; la Regidora, Mariela Cabrera, la maestra del taller, Leticia Cabrera, la Madre Socorro Garay, del Museo Plancartino, sede del curso; as\u00ed como de Viridiana Donaj\u00ed Valdez Castellanos, de la Jefatura de Vinculaci\u00f3n del ICATMI, instancia que aval\u00f3 la constancia de formaci\u00f3n de los participantes del Taller de Lengua de Se\u00f1as Mexicana.<\/strong><\/p>\n","protected":false},"excerpt":{"rendered":"<p>* Adem\u00e1s de apoyos para aparatos auditivos y tratamiento contra el c\u00e1ncer Redacci\u00f3n \/ El Pregonero TV Jacona, Mich; a 12 de agosto de 2024.- El Alcalde Isidoro Mosqueda Estrada encabez\u00f3 el evento de entrega de sillas de ruedas y apoyos para aparatos auditivos y tratamiento contra el c\u00e1ncer, insumos obtenidos gracias a las inscripciones [&hellip;]<\/p>\n","protected":false},"author":2,"featured_media":9431,"comment_status":"open","ping_status":"open","sticky":false,"template":"","format":"standard","meta":{"footnotes":"","_rishi_post_view_count":537},"categories":[12],"tags":[],"class_list":["post-9430","post","type-post","status-publish","format-standard","has-post-thumbnail","hentry","category-jacona"],"comments_count":"0","_links":{"self":[{"href":"https:\/\/elpregonerodezamora.com\/index.php\/wp-json\/wp\/v2\/posts\/9430","targetHints":{"allow":["GET"]}}],"collection":[{"href":"https:\/\/elpregonerodezamora.com\/index.php\/wp-json\/wp\/v2\/posts"}],"about":[{"href":"https:\/\/elpregonerodezamora.com\/index.php\/wp-json\/wp\/v2\/types\/post"}],"author":[{"embeddable":true,"href":"https:\/\/elpregonerodezamora.com\/index.php\/wp-json\/wp\/v2\/users\/2"}],"replies":[{"embeddable":true,"href":"https:\/\/elpregonerodezamora.com\/index.php\/wp-json\/wp\/v2\/comments?post=9430"}],"version-history":[{"count":1,"href":"https:\/\/elpregonerodezamora.com\/index.php\/wp-json\/wp\/v2\/posts\/9430\/revisions"}],"predecessor-version":[{"id":9432,"href":"https:\/\/elpregonerodezamora.com\/index.php\/wp-json\/wp\/v2\/posts\/9430\/revisions\/9432"}],"wp:featuredmedia":[{"embeddable":true,"href":"https:\/\/elpregonerodezamora.com\/index.php\/wp-json\/wp\/v2\/media\/9431"}],"wp:attachment":[{"href":"https:\/\/elpregonerodezamora.com\/index.php\/wp-json\/wp\/v2\/media?parent=9430"}],"wp:term":[{"taxonomy":"category","embeddable":true,"href":"https:\/\/elpregonerodezamora.com\/index.php\/wp-json\/wp\/v2\/categories?post=9430"},{"taxonomy":"post_tag","embeddable":true,"href":"https:\/\/elpregonerodezamora.com\/index.php\/wp-json\/wp\/v2\/tags?post=9430"}],"curies":[{"name":"wp","href":"https:\/\/api.w.org\/{rel}","templated":true}]}}