{"id":9427,"date":"2024-08-12T18:54:10","date_gmt":"2024-08-12T18:54:10","guid":{"rendered":"https:\/\/elpregonerodezamora.com\/?p=9427"},"modified":"2024-08-12T18:54:11","modified_gmt":"2024-08-12T18:54:11","slug":"ayer-el-ine-no-se-tocaba-hoy-lo-manosean","status":"publish","type":"post","link":"https:\/\/elpregonerodezamora.com\/index.php\/2024\/08\/12\/ayer-el-ine-no-se-tocaba-hoy-lo-manosean\/","title":{"rendered":"AYER EL INE NO SE TOCABA, HOY LO MANOSEAN&#8230;"},"content":{"rendered":"\n<p>.<\/p>\n\n\n\n<p style=\"font-size:35px\"><strong>LA ECONOM\u00cdAS Y USTED&#8230;<\/strong><\/p>\n\n\n\n<p><strong>Eliseo Castillo<\/strong><\/p>\n\n\n\n<p><\/p>\n\n\n\n<p>                                                 <strong>POR EL RECUERDO<\/strong><\/p>\n\n\n\n<p><strong><em>&#8220;Ayer, con la nostalgia del recuerdo, \/ desempolv\u00e9 algunas horas de aquel tiempo, \/ aquellos a\u00f1os que se fueron, se extinguieron, \/ como entonces, nuevamente tu sonrisa, \/ de por si, siempre amable y complaciente, \/ alag\u00f3 mi silencio y mi tristeza evidente, \/ este aroma de querer volver a verte, \/ amorosamente un instante, \/ solamente por que s\u00ed, por el recuerdo&#8221;&#8230;el\u00edseo.<\/em><\/strong><\/p>\n\n\n\n<p><\/p>\n\n\n\n<p><strong><em>Hasta hace unos meses, antes de la elecciones presidenciales, se dio una gran marcha de la derecha pol\u00edtica nacional abanderada por el &#8220;junior&#8221; Claudio X Gonz\u00e1lez, cuya actividad visible es recibir dinero del gobierno de los Estados Unidos por medio de los inventos pomposamente llamados ONGs; con las cuales se disfrazan de ciudadanos con causas espec\u00edficas que justifican la recepci\u00f3n de dinero de estos, a cambio de hacer trabajo de desestabilizaci\u00f3n de los gobiernos, donde al mismo le parece que no responden a sus intereses; tal es el caso del que encabeza AMLO; es de sobra sabido que no es de la preferencia de Washington; y la fundaci\u00f3n del junior se enfoca a golpearla cada vez que le es posible (Mexicanos contra la corrupci\u00f3n, se llama).<\/em><\/strong><\/p>\n\n\n\n<p style=\"font-size:25px\"><strong>La marcha con la que se organiz\u00f3 la supuesta defensa del INE se le llam\u00f3 &#8220;la marea rosa&#8221;<\/strong><\/p>\n\n\n\n<p><strong><em>Efectivamente fue una gran concentraci\u00f3n en el centro de la ciudad de M\u00e9xico, y en los estados gobernados por el PAN y el PRI; lo que importaba era dejar en claro que&#8230;&#8221;el INE no se toca&#8221;; con la observaci\u00f3n de que esta instituci\u00f3n goza de aceptaci\u00f3n nacional e internacional, por su alta credibilidad y confianza.<\/em><\/strong><\/p>\n\n\n\n<p><strong><em>Qued\u00f3 claro que el INE era un organismo confiable que se deb\u00eda defender; as\u00ed sucedi\u00f3, y las elecciones se realizaron, dos meses despu\u00e9s, resulta que ante los resultados obtenidos en la urnas; aquellos conservadores, supuestamente amantes de la democracia y las leyes, han salido a las calles a hacer lo contrario de lo que hicieron apenas hace unos meses&#8230; ahora quieren que el INE se toque, que se viole la ley que ellos mismos promovieron y firmaron; y que luego se negaron a quitar.<\/em><\/strong><\/p>\n\n\n\n<p style=\"font-size:25px\"><strong>Los defensores de ayer, verdugos de hoy<\/strong><\/p>\n\n\n\n<p><strong><em>Manipulando la informaci\u00f3n, se han dedicado a enga\u00f1ar a sus seguidores; primero se\u00f1alando que Morena se quiere agandallar el poder de la sobre representaci\u00f3n de diputados y senadores; cuando lo que se est\u00e1 haciendo es respetar lo que dice la ley; a cada quien lo que haya ganado en las urnas, y como reza el esp\u00edritu legal; as\u00ed de simple.<\/em><\/strong><\/p>\n\n\n\n<p style=\"font-size:25px\"><strong>Para que tanto brinco si el suelo est\u00e1 parejo<\/strong><\/p>\n\n\n\n<p><strong><em>La otra mentira es que Morena se quiere quedar con la mayor\u00eda calificada en la c\u00e1mara; es una mentira m\u00e1s que tonta; ning\u00fan partido puede aspirar a tener tanto poder; en realidad este se ha pulverizado entre cinco partidos: PAN, MC, PT, PRI y PVEM, dej\u00e1ndole a Morena una mayor\u00eda relativa, que no le alcanza para poner o quitar leyes como se quiere hacer creer.<\/em><\/strong><\/p>\n\n\n\n<p style=\"font-size:25px\"><strong>Asustar con el petate del muerto&#8230;, pero sin el muerto<\/strong><\/p>\n\n\n\n<p><strong><em>Aplicando la ley, como pretende el INE, y como debe ser, ning\u00fan partido tendr\u00e1 suficiente poder, cuando se quiera un cambio constitucional, sin duda que se tendr\u00e1 que negociar entre todos los partidos, como se hace en todos los gobiernos que se presumen democr\u00e1ticos; se tiene que buscar alianzas de las formas que sea posibles; ah\u00ed es donde se mete la duda de cu\u00e1nta honestidad tendr\u00e1n los diputados y senadores, para defender el inter\u00e9s com\u00fan, o llenarse los bolsillos con los c\u00e9lebres ca\u00f1onazos de cincuenta mil pesos carrancistas; que, seguramente hoy ser\u00e1n de muchos millones de pesos (creo que algunos cobran el d\u00f3lares).<\/em><\/strong><\/p>\n\n\n\n<p><strong><em>Morena no tiene ninguna posibilidad de quitar o poner leyes; lo que tiene es una primera minor\u00eda, o peque\u00f1a mayor\u00eda, seg\u00fan se vea, y se ver\u00e1 obligada a buscar mantener la lealtad del PT y el Verde; pero&#8230; \u00bfqui\u00e9n asegura que estos dos partidos respetar\u00e1n los convenios?<\/em><\/strong><\/p>\n\n\n\n<p><strong><em>El historial del partido Verde es muy malo, hoy dice que si, ma\u00f1ana quien sabe&#8230;, luego que no. No hay seguridad de sus votos.<\/em><\/strong><\/p>\n\n\n\n<p style=\"font-size:25px\"><strong>\u00bfEntonces la marcha de los conservadores vestidos de rosa&#8230;?<\/strong><\/p>\n\n\n\n<p><strong><em>Parece que le agarraron gusto a salir a marchar vestidos de rosa; como que les emociona sentir que no est\u00e1n solos, que son muchos los que piensan igual; y que junto con la ultraderecha, seguramente que en las pr\u00f3ximas elecciones van a dar una dura batalla por las diputaciones del 2027; y ni que decir de la presidencial del 2030; ya ve usted que la ultraderecha abanderada por Felipe Calder\u00f3n y su esposa, desde Madrid ya apoyan a Sandra Cuevas para la presidencia de M\u00e9xico.<\/em><\/strong><\/p>\n\n\n\n<p><strong><em>No hay que desde\u00f1ar este tipo de ambiciones, as\u00ed es la derecha y la ultraderecha, acostumbrados a vivir de los recursos de los dem\u00e1s, siguen convencidos de que ellos son los indicados para tomarlos y disponer de ellos con una abierta visi\u00f3n empresarial que enarbola alegremente la bandera de empresario comodino que reza&#8230; las ganancias son premio para los empresarios inteligentes; las p\u00e9rdidas deben ser socializadas, y pagadas por la sociedad.<\/em><\/strong><\/p>\n\n\n\n<p style=\"font-size:25px\"><strong>Tontos no son<\/strong><\/p>\n\n\n\n<p><strong><em>Lo curioso es que ayer la marea rosa march\u00f3 para pedir lo inveros\u00edmil&#8230;; pedir que el INE viole la ley, que deje de aplicarla y se ajuste a los intereses del empresario Claudio X Gonz\u00e1lez y &#8220;sus &#8221; partidos; pareciera que le pertenecen desde hace al manos un par de a\u00f1os.<\/em><\/strong><\/p>\n\n\n\n<p style=\"font-size:25px\"><strong>Ayer, los manifestantes exig\u00edan que el INE no se tocara; hoy, esos mismos, piden que se manosee, lo est\u00e1n tratando de manosear.<\/strong><\/p>\n\n\n\n<p><strong>Con todo esto&#8230; \u00bfa qui\u00e9n representan? el empresario recibe dinero de Washington para hacer lo que est\u00e1 haciendo&#8230;<\/strong><\/p>\n\n\n\n<p style=\"font-size:25px\"><strong>\u00bfEntonces&#8230;?<\/strong><\/p>\n\n\n\n<p><strong><em>Parece demasiado claro; pero hasta en las verdades y los pelos de la burra en la mano hay que ser cautos; aunque no lo crea, esta es una mafia muy, pero muy fuerte. Recuerde las palabras del entonces candidato AMLO; &#8220;comparados con la mafia del poder, los narcos parecen ni\u00f1os de pecho&#8221;.<\/em><\/strong><\/p>\n\n\n\n<p><strong><em>Entonces qued\u00e9monos con que la derecha y la ultraderecha que ayer ped\u00eda respeto para el INE, hoy pide que se viole, que se manosee&#8230;<\/em><\/strong><\/p>\n\n\n\n<p style=\"font-size:25px\"><strong>Creo que eso no les va a allegar m\u00e1s votantes&#8230;, s\u00f3lo creo&#8230;, usted tiene la credencial para votar y la \u00faltima palabra.<\/strong><\/p>\n\n\n\n<p><strong>Le abrazo&#8230;<\/strong><\/p>\n","protected":false},"excerpt":{"rendered":"<p>. LA ECONOM\u00cdAS Y USTED&#8230; Eliseo Castillo POR EL RECUERDO &#8220;Ayer, con la nostalgia del recuerdo, \/ desempolv\u00e9 algunas horas de aquel tiempo, \/ aquellos a\u00f1os que se fueron, se extinguieron, \/ como entonces, nuevamente tu sonrisa, \/ de por si, siempre amable y complaciente, \/ alag\u00f3 mi silencio y mi tristeza evidente, \/ este [&hellip;]<\/p>\n","protected":false},"author":2,"featured_media":9428,"comment_status":"open","ping_status":"open","sticky":false,"template":"","format":"standard","meta":{"footnotes":"","_rishi_post_view_count":498},"categories":[1],"tags":[],"class_list":["post-9427","post","type-post","status-publish","format-standard","has-post-thumbnail","hentry","category-opinion"],"comments_count":"0","_links":{"self":[{"href":"https:\/\/elpregonerodezamora.com\/index.php\/wp-json\/wp\/v2\/posts\/9427","targetHints":{"allow":["GET"]}}],"collection":[{"href":"https:\/\/elpregonerodezamora.com\/index.php\/wp-json\/wp\/v2\/posts"}],"about":[{"href":"https:\/\/elpregonerodezamora.com\/index.php\/wp-json\/wp\/v2\/types\/post"}],"author":[{"embeddable":true,"href":"https:\/\/elpregonerodezamora.com\/index.php\/wp-json\/wp\/v2\/users\/2"}],"replies":[{"embeddable":true,"href":"https:\/\/elpregonerodezamora.com\/index.php\/wp-json\/wp\/v2\/comments?post=9427"}],"version-history":[{"count":1,"href":"https:\/\/elpregonerodezamora.com\/index.php\/wp-json\/wp\/v2\/posts\/9427\/revisions"}],"predecessor-version":[{"id":9429,"href":"https:\/\/elpregonerodezamora.com\/index.php\/wp-json\/wp\/v2\/posts\/9427\/revisions\/9429"}],"wp:featuredmedia":[{"embeddable":true,"href":"https:\/\/elpregonerodezamora.com\/index.php\/wp-json\/wp\/v2\/media\/9428"}],"wp:attachment":[{"href":"https:\/\/elpregonerodezamora.com\/index.php\/wp-json\/wp\/v2\/media?parent=9427"}],"wp:term":[{"taxonomy":"category","embeddable":true,"href":"https:\/\/elpregonerodezamora.com\/index.php\/wp-json\/wp\/v2\/categories?post=9427"},{"taxonomy":"post_tag","embeddable":true,"href":"https:\/\/elpregonerodezamora.com\/index.php\/wp-json\/wp\/v2\/tags?post=9427"}],"curies":[{"name":"wp","href":"https:\/\/api.w.org\/{rel}","templated":true}]}}