{"id":9415,"date":"2024-08-10T00:06:15","date_gmt":"2024-08-10T00:06:15","guid":{"rendered":"https:\/\/elpregonerodezamora.com\/?p=9415"},"modified":"2024-08-10T00:06:16","modified_gmt":"2024-08-10T00:06:16","slug":"capacitan-en-materia-de-entrega-recepcion-a-personal-del-municipio-de-jacona","status":"publish","type":"post","link":"https:\/\/elpregonerodezamora.com\/index.php\/2024\/08\/10\/capacitan-en-materia-de-entrega-recepcion-a-personal-del-municipio-de-jacona\/","title":{"rendered":"Capacitan en materia de Entrega &#8211; Recepci\u00f3n a personal del municipio de Jacona"},"content":{"rendered":"\n<p><strong><em>Jacona, Mich., 09 \/ agosto \/ 2024. Al participar en la Jornada de Capacitaci\u00f3n en Materia de Entrega-Recepci\u00f3n de la Administraci\u00f3n P\u00fablica Municipal, el Alcalde Isidoro Mosqueda destac\u00f3 que la capacitaci\u00f3n es un elemento fundamental, para el buen desempe\u00f1o de la funci\u00f3n p\u00fablica y con ello se garantiza el correcto manejo y buen uso de los bienes y recursos p\u00fablicos.<\/em><\/strong><\/p>\n\n\n\n<p><\/p>\n","protected":false},"excerpt":{"rendered":"<p>Jacona, Mich., 09 \/ agosto \/ 2024. Al participar en la Jornada de Capacitaci\u00f3n en Materia de Entrega-Recepci\u00f3n de la Administraci\u00f3n P\u00fablica Municipal, el Alcalde Isidoro Mosqueda destac\u00f3 que la capacitaci\u00f3n es un elemento fundamental, para el buen desempe\u00f1o de la funci\u00f3n p\u00fablica y con ello se garantiza el correcto manejo y buen uso de [&hellip;]<\/p>\n","protected":false},"author":2,"featured_media":9416,"comment_status":"open","ping_status":"open","sticky":false,"template":"","format":"standard","meta":{"footnotes":"","_rishi_post_view_count":541},"categories":[12],"tags":[],"class_list":["post-9415","post","type-post","status-publish","format-standard","has-post-thumbnail","hentry","category-jacona"],"comments_count":"0","_links":{"self":[{"href":"https:\/\/elpregonerodezamora.com\/index.php\/wp-json\/wp\/v2\/posts\/9415","targetHints":{"allow":["GET"]}}],"collection":[{"href":"https:\/\/elpregonerodezamora.com\/index.php\/wp-json\/wp\/v2\/posts"}],"about":[{"href":"https:\/\/elpregonerodezamora.com\/index.php\/wp-json\/wp\/v2\/types\/post"}],"author":[{"embeddable":true,"href":"https:\/\/elpregonerodezamora.com\/index.php\/wp-json\/wp\/v2\/users\/2"}],"replies":[{"embeddable":true,"href":"https:\/\/elpregonerodezamora.com\/index.php\/wp-json\/wp\/v2\/comments?post=9415"}],"version-history":[{"count":1,"href":"https:\/\/elpregonerodezamora.com\/index.php\/wp-json\/wp\/v2\/posts\/9415\/revisions"}],"predecessor-version":[{"id":9417,"href":"https:\/\/elpregonerodezamora.com\/index.php\/wp-json\/wp\/v2\/posts\/9415\/revisions\/9417"}],"wp:featuredmedia":[{"embeddable":true,"href":"https:\/\/elpregonerodezamora.com\/index.php\/wp-json\/wp\/v2\/media\/9416"}],"wp:attachment":[{"href":"https:\/\/elpregonerodezamora.com\/index.php\/wp-json\/wp\/v2\/media?parent=9415"}],"wp:term":[{"taxonomy":"category","embeddable":true,"href":"https:\/\/elpregonerodezamora.com\/index.php\/wp-json\/wp\/v2\/categories?post=9415"},{"taxonomy":"post_tag","embeddable":true,"href":"https:\/\/elpregonerodezamora.com\/index.php\/wp-json\/wp\/v2\/tags?post=9415"}],"curies":[{"name":"wp","href":"https:\/\/api.w.org\/{rel}","templated":true}]}}