{"id":9396,"date":"2024-08-09T00:08:03","date_gmt":"2024-08-09T00:08:03","guid":{"rendered":"https:\/\/elpregonerodezamora.com\/?p=9396"},"modified":"2024-08-09T00:08:03","modified_gmt":"2024-08-09T00:08:03","slug":"isidoro-da-seguimiento-al-tema-del-hospital-para-jacona","status":"publish","type":"post","link":"https:\/\/elpregonerodezamora.com\/index.php\/2024\/08\/09\/isidoro-da-seguimiento-al-tema-del-hospital-para-jacona\/","title":{"rendered":"Isidoro da seguimiento al tema del hospital para Jacona"},"content":{"rendered":"\n<p style=\"font-size:25px\"><strong>* Se reuni\u00f3 con el Delegado del IMSS en el Estado<\/strong><\/p>\n\n\n\n<p><strong><em>Morelia, Michoac\u00e1n; a 08 de agosto de 2024.- El Alcalde Isidoro Mosqueda Estrada sostuvo en Morelia una muy productiva reuni\u00f3n con el Delegado del IMSS en el estado, Dr. Jos\u00e9 Miguel \u00c1ngel Van Dick Puga y su equipo de trabajo, para dar seguimiento al tema del hospital para Jacona.<\/em><\/strong><\/p>\n\n\n\n<p><strong><em>El jefe del ejecutivo municipal puntualiz\u00f3 que no quitar\u00e1 el dedo del rengl\u00f3n hasta lograr que este sue\u00f1o sea una realidad, de gran beneficio, para Jacona.<\/em><\/strong><\/p>\n","protected":false},"excerpt":{"rendered":"<p>* Se reuni\u00f3 con el Delegado del IMSS en el Estado Morelia, Michoac\u00e1n; a 08 de agosto de 2024.- El Alcalde Isidoro Mosqueda Estrada sostuvo en Morelia una muy productiva reuni\u00f3n con el Delegado del IMSS en el estado, Dr. Jos\u00e9 Miguel \u00c1ngel Van Dick Puga y su equipo de trabajo, para dar seguimiento al [&hellip;]<\/p>\n","protected":false},"author":2,"featured_media":9397,"comment_status":"open","ping_status":"open","sticky":false,"template":"","format":"standard","meta":{"footnotes":"","_rishi_post_view_count":570},"categories":[12],"tags":[],"class_list":["post-9396","post","type-post","status-publish","format-standard","has-post-thumbnail","hentry","category-jacona"],"comments_count":"0","_links":{"self":[{"href":"https:\/\/elpregonerodezamora.com\/index.php\/wp-json\/wp\/v2\/posts\/9396","targetHints":{"allow":["GET"]}}],"collection":[{"href":"https:\/\/elpregonerodezamora.com\/index.php\/wp-json\/wp\/v2\/posts"}],"about":[{"href":"https:\/\/elpregonerodezamora.com\/index.php\/wp-json\/wp\/v2\/types\/post"}],"author":[{"embeddable":true,"href":"https:\/\/elpregonerodezamora.com\/index.php\/wp-json\/wp\/v2\/users\/2"}],"replies":[{"embeddable":true,"href":"https:\/\/elpregonerodezamora.com\/index.php\/wp-json\/wp\/v2\/comments?post=9396"}],"version-history":[{"count":1,"href":"https:\/\/elpregonerodezamora.com\/index.php\/wp-json\/wp\/v2\/posts\/9396\/revisions"}],"predecessor-version":[{"id":9398,"href":"https:\/\/elpregonerodezamora.com\/index.php\/wp-json\/wp\/v2\/posts\/9396\/revisions\/9398"}],"wp:featuredmedia":[{"embeddable":true,"href":"https:\/\/elpregonerodezamora.com\/index.php\/wp-json\/wp\/v2\/media\/9397"}],"wp:attachment":[{"href":"https:\/\/elpregonerodezamora.com\/index.php\/wp-json\/wp\/v2\/media?parent=9396"}],"wp:term":[{"taxonomy":"category","embeddable":true,"href":"https:\/\/elpregonerodezamora.com\/index.php\/wp-json\/wp\/v2\/categories?post=9396"},{"taxonomy":"post_tag","embeddable":true,"href":"https:\/\/elpregonerodezamora.com\/index.php\/wp-json\/wp\/v2\/tags?post=9396"}],"curies":[{"name":"wp","href":"https:\/\/api.w.org\/{rel}","templated":true}]}}