{"id":9380,"date":"2024-08-07T19:35:05","date_gmt":"2024-08-07T19:35:05","guid":{"rendered":"https:\/\/elpregonerodezamora.com\/?p=9380"},"modified":"2024-08-07T19:35:06","modified_gmt":"2024-08-07T19:35:06","slug":"josep-sole-organista-del-vaticano-ofrecera-un-concierto-en-zamora","status":"publish","type":"post","link":"https:\/\/elpregonerodezamora.com\/index.php\/2024\/08\/07\/josep-sole-organista-del-vaticano-ofrecera-un-concierto-en-zamora\/","title":{"rendered":"Josep Sol\u00e9, organista del Vaticano, ofrecer\u00e1 un concierto en Zamora"},"content":{"rendered":"\n<p style=\"font-size:25px\"><strong><em>* Asegura que la m\u00fasica es un instrumento fundamental para reforzar la fe y la cultura de paz<\/em><\/strong><\/p>\n\n\n\n<p><strong>Redacci\u00f3n \/ El Pregonero TV<\/strong><\/p>\n\n\n\n<p><strong>Zamora, Mich., 6\/agosto\/2024.- El pr\u00f3ximo viernes 9 de agosto a partir de las 7 pm, Josep Sol\u00e9 Coll, organista del Vaticano, ofrecer\u00e1 un concierto gratuito en esta ciudad de Zamora, al interior del Santuario Guadalupano.<\/strong><\/p>\n\n\n\n<figure class=\"wp-block-image size-full\"><img loading=\"lazy\" decoding=\"async\" width=\"450\" height=\"600\" src=\"https:\/\/elpregonerodezamora.com\/wp-content\/uploads\/2024\/08\/BARAJASMUSICI.jpg\" alt=\"\" class=\"wp-image-9381\" srcset=\"https:\/\/elpregonerodezamora.com\/wp-content\/uploads\/2024\/08\/BARAJASMUSICI.jpg 450w, https:\/\/elpregonerodezamora.com\/wp-content\/uploads\/2024\/08\/BARAJASMUSICI-225x300.jpg 225w\" sizes=\"auto, (max-width: 450px) 100vw, 450px\" \/><\/figure>\n\n\n\n<p><strong>Su repertorio incluir\u00e1 m\u00fasica pontificia del Vaticano, de los autores de la Capilla sixtina, que se interpreta durante las celebraciones del Papa Francisco. Previamente desde las 5: 30 pm organistas de diversas partes del pa\u00eds, abrir\u00e1n el concierto de Josep y se oficiar\u00e1 una misa.<\/strong><\/p>\n\n\n\n<p><strong>Esto como parte de la ceremonia de pre-clausura del Curso Nacional de \u00d3rgano de &#8220;literatura e improvisaci\u00f3n organistica&#8221;, en su novena edici\u00f3n, evento que se lleva a cabo, por vez primera en esta ciudad de Zamora del 5 al 10 de agosto, en el que participan m\u00e1s de 30 m\u00fasicos organistas provenientes de diversas catedrales del pa\u00eds, de estados como Sinaloa, Durango, M\u00e9xico, Guadalajara, Veracruz, entre otros.<\/strong><\/p>\n\n\n\n<p><strong>El curso es organizado por la Comisi\u00f3n del Episcopado Mexicano, con la finalidad de preparar m\u00e1s a los m\u00fasicos de iglesia (organistas). Se eligi\u00f3 como sede Zamora de este evento, por su majestuosa arquitectura religiosa, adem\u00e1s de que el Santuario resguarda uno de los \u00f3rganos m\u00e1s importantes del pa\u00eds, ya que se trata de un instrumento alem\u00e1n, relativamente nuevo, toda vez que tiene 12 a\u00f1os, posee 51 registros, es decir, casi 4 mil tubos. Por lo que cuenta con una riqueza sonora de la m\u00e1s alta calidad, este instrumento est\u00e1 valuado en m\u00e1s de 2 millones de euros.<\/strong><\/p>\n\n\n\n<p><strong>Tanto Josep Sol\u00e9, como Ram\u00f3n Barajas, organista del Santuario Guadalupano, coincidieron que la m\u00fasica, es un instrumento fundamental para reforzar la f\u00e9 y la cultura de paz, &#8220;no hay mejor medicina para constrarestar la violencia que se vive, la m\u00fasica, fortalece los lazos de hermandad, sensibiliza y llega directamente al alma&#8221;.<\/strong><\/p>\n","protected":false},"excerpt":{"rendered":"<p>* Asegura que la m\u00fasica es un instrumento fundamental para reforzar la fe y la cultura de paz Redacci\u00f3n \/ El Pregonero TV Zamora, Mich., 6\/agosto\/2024.- El pr\u00f3ximo viernes 9 de agosto a partir de las 7 pm, Josep Sol\u00e9 Coll, organista del Vaticano, ofrecer\u00e1 un concierto gratuito en esta ciudad de Zamora, al interior [&hellip;]<\/p>\n","protected":false},"author":2,"featured_media":9382,"comment_status":"open","ping_status":"open","sticky":false,"template":"","format":"standard","meta":{"footnotes":"","_rishi_post_view_count":615},"categories":[77],"tags":[436,435],"class_list":["post-9380","post","type-post","status-publish","format-standard","has-post-thumbnail","hentry","category-arte-y-cultura","tag-josep-sole","tag-organista-del-vaticano"],"comments_count":"0","_links":{"self":[{"href":"https:\/\/elpregonerodezamora.com\/index.php\/wp-json\/wp\/v2\/posts\/9380","targetHints":{"allow":["GET"]}}],"collection":[{"href":"https:\/\/elpregonerodezamora.com\/index.php\/wp-json\/wp\/v2\/posts"}],"about":[{"href":"https:\/\/elpregonerodezamora.com\/index.php\/wp-json\/wp\/v2\/types\/post"}],"author":[{"embeddable":true,"href":"https:\/\/elpregonerodezamora.com\/index.php\/wp-json\/wp\/v2\/users\/2"}],"replies":[{"embeddable":true,"href":"https:\/\/elpregonerodezamora.com\/index.php\/wp-json\/wp\/v2\/comments?post=9380"}],"version-history":[{"count":1,"href":"https:\/\/elpregonerodezamora.com\/index.php\/wp-json\/wp\/v2\/posts\/9380\/revisions"}],"predecessor-version":[{"id":9383,"href":"https:\/\/elpregonerodezamora.com\/index.php\/wp-json\/wp\/v2\/posts\/9380\/revisions\/9383"}],"wp:featuredmedia":[{"embeddable":true,"href":"https:\/\/elpregonerodezamora.com\/index.php\/wp-json\/wp\/v2\/media\/9382"}],"wp:attachment":[{"href":"https:\/\/elpregonerodezamora.com\/index.php\/wp-json\/wp\/v2\/media?parent=9380"}],"wp:term":[{"taxonomy":"category","embeddable":true,"href":"https:\/\/elpregonerodezamora.com\/index.php\/wp-json\/wp\/v2\/categories?post=9380"},{"taxonomy":"post_tag","embeddable":true,"href":"https:\/\/elpregonerodezamora.com\/index.php\/wp-json\/wp\/v2\/tags?post=9380"}],"curies":[{"name":"wp","href":"https:\/\/api.w.org\/{rel}","templated":true}]}}