{"id":9371,"date":"2024-08-07T19:18:45","date_gmt":"2024-08-07T19:18:45","guid":{"rendered":"https:\/\/elpregonerodezamora.com\/?p=9371"},"modified":"2024-08-07T19:18:45","modified_gmt":"2024-08-07T19:18:45","slug":"hay-de-mafias-a-mafias-y-de-cinicos-a","status":"publish","type":"post","link":"https:\/\/elpregonerodezamora.com\/index.php\/2024\/08\/07\/hay-de-mafias-a-mafias-y-de-cinicos-a\/","title":{"rendered":"HAY DE MAFIAS A MAFIAS, Y DE C\u00cdNICOS A\u2026"},"content":{"rendered":"\n<p style=\"font-size:35px\"><strong>LA ECONOM\u00cdA Y USTED&#8230;<\/strong><\/p>\n\n\n\n<p><strong>Eliseo Castillo<\/strong><\/p>\n\n\n\n<p><\/p>\n\n\n\n<p>                                                       <strong> PARA MA\u00d1ANA<\/strong><\/p>\n\n\n\n<p class=\"has-text-align-right\"><strong><em>&#8220;Por que ignoro si al final del d\u00eda quede algo, \/ digamos, un poco de lo que hoy te extra\u00f1o, \/ como si fuera un tesoro guardo, \/ peque\u00f1os aromas de nostalgia del pasado, \/ ara recordarte que en alg\u00fan momento nos amamos; \/ que el ma\u00f1ana no nos vea como extra\u00f1os&#8221;&#8230;el\u00edseo<\/em><\/strong><\/p>\n\n\n\n<p><\/p>\n\n\n\n<p><strong><em>Mientras los medios de comunicaci\u00f3n nos llenan de propaganda dici\u00e9ndonos que por fin&#8230;, quiz\u00e1 M\u00e9xico pueda alcanzar una medalla de oro; incluso el presidente AMLO vi\u00e9ndose empujado a ocupar tiempo de su conferencia para exaltar las virtudes del boxeador que probablemente pueda ganar dicha medalla; se nos presenta una tem\u00e1tica fuerte y delicada por discutir&#8230;<\/em><\/strong><\/p>\n\n\n\n<p style=\"font-size:25px\"><strong>\u00bfQu\u00e9 c\u00e1ncer social es peor&#8230;; el crimen organizado reconocido como narcos; o el crimen empresarial-evasor de impuestos&#8230;?<\/strong><\/p>\n\n\n\n<p><strong><em>Metidos como estamos en los juegos ol\u00edmpicos, pareciera que los medios de&#8230;, a veces desinformaci\u00f3n, buscan distraernos de temas centrales de la vida nacional; con la posibilidad de una medalla de oro, tal es la sequ\u00eda de \u00e9xitos deportivos internacionales que tenemos, que ante la posibilidad, intentan decirnos que no pensemos en otra cosa; que debemos celebrar como haza\u00f1a nacional esa posibilidad.<\/em><\/strong><\/p>\n\n\n\n<p><strong><em>La sociedad tiene raz\u00f3n para so\u00f1ar; igual para reclamar mejores gobiernos, con mejores pol\u00edticas sociales; tener seguridad, confianza y mejores ingresos.<\/em><\/strong><\/p>\n\n\n\n<p><strong><em>En M\u00e9xico tenemos la presencia de dos grandes mafias que han desmantelado las condiciones de vida social; la violencia se manifiesta de muchas formas; perdiendo los espacios p\u00fablicos en manos del crimen organizado; la violentaci\u00f3n de la tranquilidad para el comercio, para trabajar, para vivir en familia, se ha reducido por la presencia de los llamados narcos, que se han apoderado de buena parte de la vida p\u00fablica.<\/em><\/strong><\/p>\n\n\n\n<p style=\"font-size:25px\"><strong>La otra mafia&#8230;<\/strong><\/p>\n\n\n\n<p><strong><em>La que se oculta en ropa de marca, campos de golf, clubes exclusivos para los llamados VIP (los personajes muy especiales) los grandes empresarios evasores de impuestos que lejos de aceptar su compromiso, buscan por todos los medios no s\u00f3lo no pagar, sino que mantenerse como los se\u00f1ores l\u00edderes del pa\u00eds, con una aureola de grandes benefactores del pa\u00eds.<\/em><\/strong><\/p>\n\n\n\n<p><strong><em>Por muchos a\u00f1os, estos personajes se dedicaron a buscar los cl\u00e1sicos favores del presidente en turno para conseguir los llamados perdones fiscales; dejar de pagar, al tiempo que se luc\u00edan en los medios como si fueran los mejores ciudadanos del pa\u00eds.<\/em><\/strong><\/p>\n\n\n\n<p><strong><em>Hoy se les est\u00e1 cobrando lo que deben; esto le ha generado al presidente AMLO la categor\u00eda del presidente m\u00e1s odiado, el menos respaldado por los grandes empresarios nacionales e internacionales&#8230; \u00a1el muy ladino les est\u00e1 cobrando los impuestos que acostumbraban no pagar&#8230;!<\/em><\/strong><\/p>\n\n\n\n<p><strong><em>\u00a1Habrase visto semejante desfiguro, que adem\u00e1s de cobrarles lo que deben, los exhiba en sus conferencias&#8230;! Eso es para los nacos, para nos narcos que generan una estela de muertes y atropellos sociales; en cambio los se\u00f1ores de los negocios&#8230;\u00a1por favor&#8230;!<\/em><\/strong><\/p>\n\n\n\n<p><strong><em>Hoy ya no hay forma de ocultarlo, estos empresarios evasores se identifican perfectamente como una verdadera mafia; lo que ignoramos es si es m\u00e1s violenta o no que la llamada de los narcos; mientras estos son violentos y ostentosos; los evasores se ocultan en una imagen de ciudadanos modelo, que llevan una vida de alto consumo; como si esto les diera la condici\u00f3n de espaciales e intocables; as\u00ed se sienten.<\/em><\/strong><\/p>\n\n\n\n<p><strong><em>El caso m\u00e1s sonado en estos d\u00edas es el del due\u00f1o de Elektra la tienda que cobra hasta la respiraci\u00f3n en abonos; quien aceptando deber miles de millones de pesos (la cuenta llega a m\u00e1s de 60 000 millones de pesos); en lugar de pagar, como ordena la ley; decide ampararse para no hacerlo; y ante las investigaciones que realizan algunos periodistas, en lugar de aceptar su compromiso, decide demandarlos por considerar que esta informaci\u00f3n le da\u00f1a su imagen de empresario exitoso&#8230;<\/em><\/strong><\/p>\n\n\n\n<p style=\"font-size:25px\"><strong>\u00bfQu\u00e9 tipo de acto es este&#8230;?<\/strong><\/p>\n\n\n\n<p><strong><em>Un evasor capaz de atacar a la verdad con tal de no pagar lo que debe, y que ante el compromiso, en lugar de cumplir se burla de los que si lo hacen; que adem\u00e1s presume ser muy exitoso, no s\u00f3lo por no pagar, sino por que puede seguir haci\u00e9ndolo y contar con la complicidad aparente de algunos ministros de la Suprema Corte.<\/em><\/strong><\/p>\n\n\n\n<p><strong><em>Como no tenemos pruebas en la mano, resulta complicado afirmar algunas sospechas, hip\u00f3tesis que se manejan en relaci\u00f3n a que buena parte de la violencia social que se sufre viene de la defensa de los intereses de empresarios que usan al crimen organizado y al desorganizado para manejar sus problemas ante la sociedad; caso concreto lo vemos con las denuncias contra las mineras, los desarrolladores inmobiliarios y su apetito por apropiarse de los recursos sociales; hay datos que les se\u00f1alan como responsables de la violencia en contra de los due\u00f1os de los recursos; llegando incluso al asesinato, que en no pocas ocasiones, de manera casi maniquea se le atribuye al tradicional crimen de los narcos, o a alg\u00fan supuesto sicario circunstancial.<\/em><\/strong><\/p>\n\n\n\n<p><strong><em>Siempre que se puede, se busca culpar a los narcos; quienes efectivamente son una lacra, un c\u00e1ncer que no deja de avanzar; pareciera que algunos empresarios saben usar sistem\u00e1ticamente la mala imagen de estos delincuentes de botas, sombreros, camionetotas blindadas, y cadenas de oro, como si fueran grandes especuladores.<\/em><\/strong><\/p>\n\n\n\n<p><strong><em>Sin defender a los narcos, que son la autentica mierda de cualquier pa\u00eds, queda el sabor a enga\u00f1o con los empresarios, que debiendo ser ejemplo de civismo y de cumplir con sus obligaciones fiscales para beneficio de la sociedad. se dedican a no pagar; a amenazar, incluso a demandar a los periodistas que los investiguen.<\/em><\/strong><\/p>\n\n\n\n<p><strong><em>Resulta que hoy es un delito para estas &#8220;supuestas fin\u00edsimas personas&#8221; que se publique que no son lo que presumen ser; que son evasores a la vista de la informaci\u00f3n vertida por periodistas que hoy est\u00e1n siendo demandados por ello.<\/em><\/strong><\/p>\n\n\n\n<p><strong><em>Hay una sensaci\u00f3n de que si nos ponemos a comparar cu\u00e1l de las dos mafias : la de los narcos tradicionales y sanguinarios , y la de los empresarios que usan su poder para no pagar impuestos y apropiarse de contratos ventajosos con los recursos naturales; probablemente nos llevaremos una mala sorpresa&#8230;<\/em><\/strong><\/p>\n\n\n\n<p><strong><em>Durante su campa\u00f1a presidencial en 2018, el actual presidente AMLO dec\u00eda que los narcos tradicionales eran ni\u00f1os de pecho, comparados con los &#8220;otros&#8221;.<\/em><\/strong><\/p>\n\n\n\n<p style=\"font-size:25px\"><strong>\u00bfLa realidad le dio o no la raz\u00f3n&#8230;?<\/strong><\/p>\n\n\n\n<p style=\"font-size:25px\"><strong>Es pregunta con una dif\u00edcil respuesta.<\/strong><\/p>\n\n\n\n<p><strong>\u00bfO no&#8230;?<\/strong><\/p>\n\n\n\n<p><\/p>\n\n\n\n<p>\u00a0 \u00a0 \u00a0 \u00a0 \u00a0 \u00a0 \u00a0 \u00a0 \u00a0 \u00a0 \u00a0 \u00a0 \u00a0 \u00a0 \u00a0 \u00a0 \u00a0 \u00a0<\/p>\n\n\n\n<p>\u00a0 \u00a0 \u00a0 \u00a0 \u00a0 \u00a0 \u00a0 \u00a0 \u00a0 \u00a0 \u00a0 \u00a0 \u00a0 \u00a0 \u00a0 \u00a0 \u00a0 \u00a0 \u00a0 \u00a0 \u00a0 \u00a0 \u00a0 \u00a0 \u00a0<strong> \u00a0 \u00a0 \u00a0 \u00a0 \u00a0 \u00a0 \u00a0 \u00a0 <\/strong><\/p>\n\n\n\n<p><\/p>\n\n\n\n<p><\/p>\n\n\n\n<p><\/p>\n","protected":false},"excerpt":{"rendered":"<p>LA ECONOM\u00cdA Y USTED&#8230; Eliseo Castillo PARA MA\u00d1ANA &#8220;Por que ignoro si al final del d\u00eda quede algo, \/ digamos, un poco de lo que hoy te extra\u00f1o, \/ como si fuera un tesoro guardo, \/ peque\u00f1os aromas de nostalgia del pasado, \/ ara recordarte que en alg\u00fan momento nos amamos; \/ que el ma\u00f1ana [&hellip;]<\/p>\n","protected":false},"author":2,"featured_media":9372,"comment_status":"open","ping_status":"open","sticky":false,"template":"","format":"standard","meta":{"footnotes":"","_rishi_post_view_count":506},"categories":[1],"tags":[],"class_list":["post-9371","post","type-post","status-publish","format-standard","has-post-thumbnail","hentry","category-opinion"],"comments_count":"0","_links":{"self":[{"href":"https:\/\/elpregonerodezamora.com\/index.php\/wp-json\/wp\/v2\/posts\/9371","targetHints":{"allow":["GET"]}}],"collection":[{"href":"https:\/\/elpregonerodezamora.com\/index.php\/wp-json\/wp\/v2\/posts"}],"about":[{"href":"https:\/\/elpregonerodezamora.com\/index.php\/wp-json\/wp\/v2\/types\/post"}],"author":[{"embeddable":true,"href":"https:\/\/elpregonerodezamora.com\/index.php\/wp-json\/wp\/v2\/users\/2"}],"replies":[{"embeddable":true,"href":"https:\/\/elpregonerodezamora.com\/index.php\/wp-json\/wp\/v2\/comments?post=9371"}],"version-history":[{"count":1,"href":"https:\/\/elpregonerodezamora.com\/index.php\/wp-json\/wp\/v2\/posts\/9371\/revisions"}],"predecessor-version":[{"id":9373,"href":"https:\/\/elpregonerodezamora.com\/index.php\/wp-json\/wp\/v2\/posts\/9371\/revisions\/9373"}],"wp:featuredmedia":[{"embeddable":true,"href":"https:\/\/elpregonerodezamora.com\/index.php\/wp-json\/wp\/v2\/media\/9372"}],"wp:attachment":[{"href":"https:\/\/elpregonerodezamora.com\/index.php\/wp-json\/wp\/v2\/media?parent=9371"}],"wp:term":[{"taxonomy":"category","embeddable":true,"href":"https:\/\/elpregonerodezamora.com\/index.php\/wp-json\/wp\/v2\/categories?post=9371"},{"taxonomy":"post_tag","embeddable":true,"href":"https:\/\/elpregonerodezamora.com\/index.php\/wp-json\/wp\/v2\/tags?post=9371"}],"curies":[{"name":"wp","href":"https:\/\/api.w.org\/{rel}","templated":true}]}}