{"id":9344,"date":"2024-08-05T19:13:00","date_gmt":"2024-08-05T19:13:00","guid":{"rendered":"https:\/\/elpregonerodezamora.com\/?p=9344"},"modified":"2024-08-05T19:15:12","modified_gmt":"2024-08-05T19:15:12","slug":"incrementa-actividad-la-asociacion-de-cronistas-por-michoacan","status":"publish","type":"post","link":"https:\/\/elpregonerodezamora.com\/index.php\/2024\/08\/05\/incrementa-actividad-la-asociacion-de-cronistas-por-michoacan\/","title":{"rendered":"Incrementa actividad la Asociaci\u00f3n de Cronistas por Michoac\u00e1n"},"content":{"rendered":"\n<p><strong><em>Actividades se\u00f1aladas durante reuni\u00f3n virtual<\/em><\/strong><\/p>\n\n\n\n<p style=\"font-size:35px\"><strong>*Coloquio nacional 2025, libro did\u00e1ctico, monograf\u00eda de los municipios, y credencializaci\u00f3n, en puerta<\/strong><\/p>\n\n\n\n<p><strong>Arturo Ceja Arellano<\/strong><\/p>\n\n\n\n<p><strong>Zamora, Mich., 5\/agosto\/2024.- La noche del mi\u00e9rcoles pasado tuvo lugar, mediante la v\u00eda virtual, la Reuni\u00f3n Estatal de los Cronistas por Michoac\u00e1n, encabezada por su director, el Maestro Arturo Villase\u00f1or y dem\u00e1s mesa directiva, en la que informaron sobre los trabajos en los que actualmente trabaja el gremio, as\u00ed como los proyectos futuros a corto y largo plazo.<\/strong><\/p>\n\n\n\n<figure class=\"wp-block-image size-large\"><img loading=\"lazy\" decoding=\"async\" width=\"630\" height=\"1024\" src=\"https:\/\/elpregonerodezamora.com\/wp-content\/uploads\/2024\/08\/ARTUROCEJA-630x1024.jpg\" alt=\"\" class=\"wp-image-9345\" srcset=\"https:\/\/elpregonerodezamora.com\/wp-content\/uploads\/2024\/08\/ARTUROCEJA-630x1024.jpg 630w, https:\/\/elpregonerodezamora.com\/wp-content\/uploads\/2024\/08\/ARTUROCEJA-185x300.jpg 185w, https:\/\/elpregonerodezamora.com\/wp-content\/uploads\/2024\/08\/ARTUROCEJA-768x1248.jpg 768w, https:\/\/elpregonerodezamora.com\/wp-content\/uploads\/2024\/08\/ARTUROCEJA.jpg 911w\" sizes=\"auto, (max-width: 630px) 100vw, 630px\" \/><\/figure>\n\n\n\n<p><strong>El Maestro Villase\u00f1or inform\u00f3 que la tem\u00e1tica del d\u00eda estar\u00eda relacionada con temas como: la organizaci\u00f3n del 7\u00ba Coloquio Nacional de la Cr\u00f3nica, cuya sede ser\u00e1 en el municipio de Huandacareo, donde -dijo- se contar\u00e1 con todo el apoyo de la autoridad municipal. El Coloquio se celebrar\u00e1 durante el mes de mayo del pr\u00f3ximo a\u00f1o 2025 y la convocatoria ser\u00e1 extendida a nivel nacional, con la responsabilidad del Cronista Israel Ch\u00e1vez Toledo.<\/strong><\/p>\n\n\n\n<p><strong>Tambi\u00e9n inform\u00f3 sobre la pr\u00f3xima credencializaci\u00f3n, para que todos los Cronistas de Michoac\u00e1n puedan identificarse en todos los niveles, con el aval de las autoridades educativas, civiles y de ser posible, militares. El documento contar\u00e1 con todas las especificaciones que elevar\u00e1n su grado de importancia, como el c\u00f3digo de barras, fotograf\u00eda, firmas, logotipos, etc.<\/strong><\/p>\n\n\n\n<p><strong>Indic\u00f3 que ser\u00e1n calendarizadas por lo menos dos reuniones presenciales para lo que resta del a\u00f1o, estableci\u00e9ndose los d\u00edas, horario y lugares que servir\u00e1n como anfitriones de la actividad de los Cronistas michoacanos adheridos a la asociaci\u00f3n.<\/strong><\/p>\n\n\n\n<p><strong>En otros de los temas tratados, el Maestro Arturo Villase\u00f1or habl\u00f3 sobre la intenci\u00f3n de que todos los Cronistas trabajen para la elaboraci\u00f3n de importante libro, en el que se hablar\u00e1 sobre: personajes, biograf\u00edas, fiestas religiosas y c\u00edvicas, tradiciones, gastronom\u00eda, arquitectura, etc. Pr\u00f3ximamente lanzar\u00e1n la convocatoria con todas las especificaciones propias de una obra literaria de tanta importancia, que servir\u00eda de uso did\u00e1ctico y de consulta; obra que contar\u00e1 con el apoyo de la Secretar\u00eda de Cultura de Michoac\u00e1n.<\/strong><\/p>\n\n\n\n<p><a href=\"https:\/\/www.facebook.com\/photo\/?fbid=789554843346350&amp;set=pcb.789554870013014&amp;__cft__[0]=AZXCKV_A81bWS9GhaSSEzokCObgVmT555Ju0ThyxTJ3L8G5JUamFCVRQ5Oj6fBEk0msVvgYv3C3ghF9WILwwNy4rUOjdDbwtYt5fO1UHbSm0lQpfE6OuGDzU5aARdVlyzaAe8LY58pIgWbbN58kBoW38Tc9ApeUFNchiYmA47TzNsg&amp;__tn__=*bH-R\"><\/a><\/p>\n\n\n\n<p><a href=\"https:\/\/www.facebook.com\/photo\/?fbid=789554830013018&amp;set=pcb.789554870013014&amp;__cft__[0]=AZXCKV_A81bWS9GhaSSEzokCObgVmT555Ju0ThyxTJ3L8G5JUamFCVRQ5Oj6fBEk0msVvgYv3C3ghF9WILwwNy4rUOjdDbwtYt5fO1UHbSm0lQpfE6OuGDzU5aARdVlyzaAe8LY58pIgWbbN58kBoW38Tc9ApeUFNchiYmA47TzNsg&amp;__tn__=*bH-R\"><\/a><\/p>\n\n\n\n<p><\/p>\n","protected":false},"excerpt":{"rendered":"<p>Actividades se\u00f1aladas durante reuni\u00f3n virtual *Coloquio nacional 2025, libro did\u00e1ctico, monograf\u00eda de los municipios, y credencializaci\u00f3n, en puerta Arturo Ceja Arellano Zamora, Mich., 5\/agosto\/2024.- La noche del mi\u00e9rcoles pasado tuvo lugar, mediante la v\u00eda virtual, la Reuni\u00f3n Estatal de los Cronistas por Michoac\u00e1n, encabezada por su director, el Maestro Arturo Villase\u00f1or y dem\u00e1s mesa directiva, [&hellip;]<\/p>\n","protected":false},"author":2,"featured_media":9346,"comment_status":"open","ping_status":"open","sticky":false,"template":"","format":"standard","meta":{"footnotes":"","_rishi_post_view_count":601},"categories":[77],"tags":[],"class_list":["post-9344","post","type-post","status-publish","format-standard","has-post-thumbnail","hentry","category-arte-y-cultura"],"comments_count":"0","_links":{"self":[{"href":"https:\/\/elpregonerodezamora.com\/index.php\/wp-json\/wp\/v2\/posts\/9344","targetHints":{"allow":["GET"]}}],"collection":[{"href":"https:\/\/elpregonerodezamora.com\/index.php\/wp-json\/wp\/v2\/posts"}],"about":[{"href":"https:\/\/elpregonerodezamora.com\/index.php\/wp-json\/wp\/v2\/types\/post"}],"author":[{"embeddable":true,"href":"https:\/\/elpregonerodezamora.com\/index.php\/wp-json\/wp\/v2\/users\/2"}],"replies":[{"embeddable":true,"href":"https:\/\/elpregonerodezamora.com\/index.php\/wp-json\/wp\/v2\/comments?post=9344"}],"version-history":[{"count":2,"href":"https:\/\/elpregonerodezamora.com\/index.php\/wp-json\/wp\/v2\/posts\/9344\/revisions"}],"predecessor-version":[{"id":9349,"href":"https:\/\/elpregonerodezamora.com\/index.php\/wp-json\/wp\/v2\/posts\/9344\/revisions\/9349"}],"wp:featuredmedia":[{"embeddable":true,"href":"https:\/\/elpregonerodezamora.com\/index.php\/wp-json\/wp\/v2\/media\/9346"}],"wp:attachment":[{"href":"https:\/\/elpregonerodezamora.com\/index.php\/wp-json\/wp\/v2\/media?parent=9344"}],"wp:term":[{"taxonomy":"category","embeddable":true,"href":"https:\/\/elpregonerodezamora.com\/index.php\/wp-json\/wp\/v2\/categories?post=9344"},{"taxonomy":"post_tag","embeddable":true,"href":"https:\/\/elpregonerodezamora.com\/index.php\/wp-json\/wp\/v2\/tags?post=9344"}],"curies":[{"name":"wp","href":"https:\/\/api.w.org\/{rel}","templated":true}]}}