{"id":9314,"date":"2024-07-30T00:31:16","date_gmt":"2024-07-30T00:31:16","guid":{"rendered":"https:\/\/elpregonerodezamora.com\/?p=9314"},"modified":"2024-07-30T00:31:17","modified_gmt":"2024-07-30T00:31:17","slug":"cuando-la-politica-apesta-mas-que-la-m","status":"publish","type":"post","link":"https:\/\/elpregonerodezamora.com\/index.php\/2024\/07\/30\/cuando-la-politica-apesta-mas-que-la-m\/","title":{"rendered":"CUANDO LA POL\u00cdTICA APESTA M\u00c1S QUE LA M\u2026"},"content":{"rendered":"\n<p style=\"font-size:35px\"><strong>LA ECONOM\u00cdA Y USTED&#8230;<\/strong><\/p>\n\n\n\n<p><strong>Eliseo Castillo<\/strong><\/p>\n\n\n\n<p><\/p>\n\n\n\n<p>                                                         <strong>SER\u00c1S VIDA<\/strong><\/p>\n\n\n\n<p><strong><em>&#8220;Por que a cada instante de mi vida, \/ alimentas mi paso y mi carrera, \/ curas si acaso hay heridas y fracasos, \/ siempre atenta a mis prisas, siempre ah\u00ed, \/ por eso, amada m\u00eda, y por algo que me guardo, \/ cada instante de mi vida, en cada paso, \/ ser\u00e1s historia que se escribe sin descanso, \/ siempre adherida a mi mano&#8221;&#8230; el\u00edseo<\/em><\/strong><\/p>\n\n\n\n<p><\/p>\n\n\n\n<p><strong><em>Entre la conseja popular de la pol\u00edtica se dice que esta es el arte de aprender a comer mierda sin hacer gestos; no necesariamente es justa esta analog\u00eda; el problema es que, cuando se tienen tantos datos que la relacionan con la guerra sucia como forma de llegar al poder, o mantenerlo; como que los argumentos en defensa de la misma se nublan, o la menos se hacen menos fuertes que sus detracciones o ataques.<\/em><\/strong><\/p>\n\n\n\n<p><strong><em>En ocasiones se le conoce que el campo en que la canallada se hace frecuente; a eso se le conoce como el tiempo de canallas, donde se da una batalla por el poder en que se murmura sin decirlo en voz alta en p\u00fablico que se vale todo, con tal de mantener el poder.<\/em><\/strong><\/p>\n\n\n\n<p style=\"font-size:25px\"><strong>Tiempos de canallas, y malditos&#8230;<\/strong><\/p>\n\n\n\n<p><strong><em>Cuando se ejecut\u00f3 a Colosio, el acto fue tan burdo, tan descaradamente armado, que el Estado mexicano se vio obligado a desplegar una campa\u00f1a de control de los medios de comunicaci\u00f3n total&#8230;; no se deb\u00eda dejar dudas de que hab\u00eda sido un accidente en manos de un asesino solitario; era casi imposible aceptarlo, pero el gobierno de Salinas ten\u00eda mucho poder; ten\u00eda controlados a los medios y analistas; el resto era cuesti\u00f3n de inyectarle mucho dinero al sistema de medios y comunicadores.<\/em><\/strong><\/p>\n\n\n\n<p><strong><em>Treinta a\u00f1os despu\u00e9s, el propio PRI, en voz de su presidente, el popular &#8220;Alito&#8221; se encargo de darnos la raz\u00f3n a quienes lo se\u00f1alamos como un crimen de estado burdamente armado, al se\u00f1alar directamente a Fabio Beltrones, como relacionado con el crimen se\u00f1alado. Pasaron treinta a\u00f1os para que le dijeran a la sociedad que si&#8230;, que as\u00ed es la pol\u00edtica; que por tal de tener o llegar al poder, se puede revolcar en la inmundicia, y hacer pocos gestos.<\/em><\/strong><\/p>\n\n\n\n<p style=\"font-size:25px\"><strong>Trump y el supuesto atentado casi burdamente armado<\/strong><\/p>\n\n\n\n<p><strong><em>Lo dijimos hace una semana en este espacio, todo parec\u00eda muy simplonamente manejado en el atentado sufrido por el candidato a la presidencia; todo se relaciona con situaciones en que se busca incrementar a popularidad de un hombre ambicioso y sin escr\u00fapulos, que debiendo estar en la c\u00e1rcel, se da el lujo de despreciar a la sociedad que quiere gobernar, y les dice que va a ser su presidente, haciendo lo que tenga que hacer.<\/em><\/strong><\/p>\n\n\n\n<p><strong><em>Aqu\u00ed se lo coment\u00e9, que el tal atentado, estaba muy burdamente armado con un tirador perfectamente localizado; imposible que los guardias de seguridad nacional no vieran el rifle del tirador, al que ten\u00edan localizado; tan lo ten\u00edan, que luego del disparo, simplemente lo mataron.<\/em><\/strong><\/p>\n\n\n\n<p><strong><em>Hoy queda la duda m\u00e1s fuerte que nunca, el cinismo con que explota el evento el candidato republicano es de mal gusto; primero se presentaba con una gaza en la oreja, apenas unos d\u00edas despu\u00e9s, como por arte de magia pareciera que no hab\u00eda existido tal herida; debe haber medicina m\u00e1gica.<\/em><\/strong><\/p>\n\n\n\n<p style=\"font-size:25px\"><strong>\u00bfQu\u00e9 dijo el FBI al respecto&#8230;?<\/strong><\/p>\n\n\n\n<p><strong>&#8220;FBI desmiente a su director, quien dijo que no era claro si una bala hiri\u00f3 a Trump&#8221; (Fuente: AP, EUROPA PRESS Y REUTERS, ATLANTA; Peri\u00f3dico, La Jornada, s\u00e1bado 27 de julio, de 2024, pag.22)<\/strong><\/p>\n\n\n\n<p><strong><em>&#8220;&#8230;, Ronny Jackson, ex m\u00e9dico de Trump en la Casa Blanca cuestion\u00f3 los dichos de Christopher Wray, director de la Oficina Federal de Investigaci\u00f3n de Estados Unidos (FBI), que sugieren que no est\u00e1 claro si una bala, metralla o vidrio, causaron la lesi\u00f3n en la oreja del candidato republicano&#8221;.<\/em><\/strong><\/p>\n\n\n\n<p><strong>Fuente: Ibidem.<\/strong><\/p>\n\n\n\n<p><strong><em>Cuando se tiene la ambici\u00f3n del poder como meta; los caminos para llegar al mismo pueden ser diversos; al final se vuelve a repetir la monserga pol\u00edtica de que de cualquier forma, o que importa es legar al poder&#8230;, como sea.<\/em><\/strong><\/p>\n\n\n\n<p><strong><em>&#8220;Donald Trump lleg\u00f3 a donde est\u00e1 por ser un rico heredero y por abrirse camino a punta de codazos, insultos, tr\u00e1calas, mentiras, componendas, amenazas, chantajes, abogados, etc\u00e9tera.<\/em><\/strong><\/p>\n\n\n\n<p><strong><em>En un mitin en su primera campa\u00f1a, hubo un conflicto en las gradas con un opositor negro y dijo por el micr\u00f3fono: &#8220;S\u00e1quenles la mierda a golpes, yo pago los abogados&#8221;. Tambi\u00e9n dijo que pod\u00eda salir a la quinta avenida en Nueva York y pegarle un tiro a una persona y no le pasaba nada.<\/em><\/strong><\/p>\n\n\n\n<p><strong><em>En otra ocasi\u00f3n se burl\u00f3 de un minusv\u00e1lido que hab\u00eda hecho comentarios adversos y se burl\u00f3 imit\u00e1ndolo con movimientos desacompasados&#8221;<\/em><\/strong><\/p>\n\n\n\n<p><strong>Fuente: Jorge Durand, en peri\u00f3dico La Jornada, domingo 28 de julio de 2024; pagina 15<\/strong><\/p>\n\n\n\n<p><strong>As\u00ed se las gasta un canalla cuando quiere llegar al poder&#8230;, como sea, y sobre lo que sea.<\/strong><\/p>\n\n\n\n<p style=\"font-size:25px\"><strong>Por cierto&#8230;<\/strong><\/p>\n\n\n\n<p><strong><em>En el caso de la elecci\u00f3n el 2 de junio en M\u00e9xico, en la Delegaci\u00f3n Cuauht\u00e9moc se sigue discutiendo qui\u00e9n fue la ganadora de la contienda; quien perdi\u00f3 (Catalina Monreal se inconform\u00f3 y solicit\u00f3 el recuento de los votos; est\u00e1 en su derecho desde luego); mientras que la hasta ahora ganadora (De la Vega) se resise a recuento de los mismos; alega que no tiene porqu\u00e9 someterse al escrutinio de la emancipaci\u00f3n de las dudas; que ya gan\u00f3 y no acepta que los electores salgan de dudas.<\/em><\/strong><\/p>\n\n\n\n<p><strong><em>Todos sabemos que el que gana limpiamente no tiene por que temer que se abran los paquetes y se cuenten los votos&#8230;, voto por voto vuelve a ganar. As\u00ed lo demostr\u00f3 Claudia al realizarse recuentos de los mismos: en lugar de que la ventaja con X\u00f3chitl y M\u00e1ynez se acortara, se fue ampliando.<\/em><\/strong><\/p>\n\n\n\n<p><strong><em>Con un ej\u00e9rcito de abogados y amparos, la supuesta ganadora, Alejandra de La Vega, se resiste a que se recuenten los votos; cada que consigue un nuevo amparo lo festeja en las redes como su gran triunfo&#8230;; no importa si gan\u00f3 o no realmente, lo que interesa es tener o mantener el poder&#8230;<\/em><\/strong><\/p>\n\n\n\n<p><strong><em>\u00a1por cierto! unos d\u00edas antes de la elecci\u00f3n, sucedi\u00f3 un &#8220;atentado&#8221; supuestamente a la camioneta de la candidata De la Vega&#8230;; \u00a1un atentado contra la camioneta, en ning\u00fan momento se not\u00f3 que el supuesto delincuente fuera a buscar da\u00f1ar a la candidata; sus disparos fueron a la parte trasera de la misma, en ning\u00fan momento hay indicios, se ve en el video de buscar da\u00f1ar a posibles personas&#8230;!<\/em><\/strong><\/p>\n\n\n\n<p><strong><em>Hoy la delegada electa festeja cada que logra detener el recuento de los votos; no festeja su triunfo; festeja el evitar que se recuenten los votos&#8230;<\/em><\/strong><\/p>\n\n\n\n<p style=\"font-size:25px\"><strong>As\u00ed son los tiempos de canallas, el olor a pudrici\u00f3n, desperdicio deja de ser horrendo, se acostumbran a \u00e9l&#8230;, a cambio de tener o mantener el poder&#8230;; el olor de la m&#8230;, deja de ser malo.<\/strong><\/p>\n\n\n\n<p><strong>Le abrazo.<\/strong><a href=\"https:\/\/www.facebook.com\/photo\/?fbid=785554140413087&amp;set=a.370963018538870&amp;__cft__[0]=AZXC_HO_zk1ssM7NwEoa5IOAjvNeIzZrrEdClJ3rds9OJUd5hkjRtuMzF_WEs7DSlAhqT_0YeBm4FACnlGwZfz8xptnbS-3OyIyDG7EjqN-OIu-BMxUTnvrYtVY4qU9WVbozqksBk252QCx1f95PrrsS6V5Y-2MyPaYGTI7EsI0mTI7M5pm6SJMA4DbcL9ZwurHuyMxJAuD0ftbc5o1CMRWE&amp;__tn__=EH-R\"><\/a><\/p>\n\n\n\n<p><\/p>\n","protected":false},"excerpt":{"rendered":"<p>LA ECONOM\u00cdA Y USTED&#8230; Eliseo Castillo SER\u00c1S VIDA &#8220;Por que a cada instante de mi vida, \/ alimentas mi paso y mi carrera, \/ curas si acaso hay heridas y fracasos, \/ siempre atenta a mis prisas, siempre ah\u00ed, \/ por eso, amada m\u00eda, y por algo que me guardo, \/ cada instante de mi [&hellip;]<\/p>\n","protected":false},"author":2,"featured_media":9315,"comment_status":"open","ping_status":"open","sticky":false,"template":"","format":"standard","meta":{"footnotes":"","_rishi_post_view_count":565},"categories":[1],"tags":[],"class_list":["post-9314","post","type-post","status-publish","format-standard","has-post-thumbnail","hentry","category-opinion"],"comments_count":"0","_links":{"self":[{"href":"https:\/\/elpregonerodezamora.com\/index.php\/wp-json\/wp\/v2\/posts\/9314","targetHints":{"allow":["GET"]}}],"collection":[{"href":"https:\/\/elpregonerodezamora.com\/index.php\/wp-json\/wp\/v2\/posts"}],"about":[{"href":"https:\/\/elpregonerodezamora.com\/index.php\/wp-json\/wp\/v2\/types\/post"}],"author":[{"embeddable":true,"href":"https:\/\/elpregonerodezamora.com\/index.php\/wp-json\/wp\/v2\/users\/2"}],"replies":[{"embeddable":true,"href":"https:\/\/elpregonerodezamora.com\/index.php\/wp-json\/wp\/v2\/comments?post=9314"}],"version-history":[{"count":1,"href":"https:\/\/elpregonerodezamora.com\/index.php\/wp-json\/wp\/v2\/posts\/9314\/revisions"}],"predecessor-version":[{"id":9316,"href":"https:\/\/elpregonerodezamora.com\/index.php\/wp-json\/wp\/v2\/posts\/9314\/revisions\/9316"}],"wp:featuredmedia":[{"embeddable":true,"href":"https:\/\/elpregonerodezamora.com\/index.php\/wp-json\/wp\/v2\/media\/9315"}],"wp:attachment":[{"href":"https:\/\/elpregonerodezamora.com\/index.php\/wp-json\/wp\/v2\/media?parent=9314"}],"wp:term":[{"taxonomy":"category","embeddable":true,"href":"https:\/\/elpregonerodezamora.com\/index.php\/wp-json\/wp\/v2\/categories?post=9314"},{"taxonomy":"post_tag","embeddable":true,"href":"https:\/\/elpregonerodezamora.com\/index.php\/wp-json\/wp\/v2\/tags?post=9314"}],"curies":[{"name":"wp","href":"https:\/\/api.w.org\/{rel}","templated":true}]}}