{"id":9287,"date":"2024-07-25T01:00:51","date_gmt":"2024-07-25T01:00:51","guid":{"rendered":"https:\/\/elpregonerodezamora.com\/?p=9287"},"modified":"2024-07-25T01:00:51","modified_gmt":"2024-07-25T01:00:51","slug":"el-robo-pecado-nacional","status":"publish","type":"post","link":"https:\/\/elpregonerodezamora.com\/index.php\/2024\/07\/25\/el-robo-pecado-nacional\/","title":{"rendered":"EL ROBO, PECADO NACIONAL"},"content":{"rendered":"\n<p><strong>Dr. Pbro. Alfonso Verduzco Pardo<\/strong><\/p>\n\n\n\n<p><strong><em>Zamora, Mich., 24\/julio\/2024.- El robo est\u00e1 expresamente prohibido en la ley de Dios: \u201cNo hurtar\u00e1s\u201d. Adem\u00e1s, es una ley inscrita en el coraz\u00f3n del hombre, le llamamos ley natural porque emana de la misma naturaleza del ser humano. Es una ley que ni la misma iniquidad puede borrar.<\/em><\/strong><\/p>\n\n\n\n<p><strong><em>El robo es un pecado odioso que molesta mucho a quien lo sufre y no deja en paz a quien lo comete. No hay hombre, por rico que sea, que soporte al ladr\u00f3n, aunque \u00e9ste robe forzado por su indigencia.<\/em><\/strong><\/p>\n\n\n\n<p><strong><em>Sin embargo, robar, cometer fraude, no pagar deudas ni contribuciones, aprovecharse de alguna ocasi\u00f3n es algo de lo que nos jactamos, algo que est\u00e1 metido en la m\u00e9dula del mexicano, hasta tenemos dichos populares con los que pretendemos justificar nuestro robo:<\/em><\/strong><\/p>\n\n\n\n<p style=\"font-size:25px\"><strong>\u2022 \u201cEl que no tranza no avanza\u201d<\/strong><\/p>\n\n\n\n<p style=\"font-size:25px\"><strong>\u2022 \u201cEl que obra limpio, limpio se queda\u201d \u2026<\/strong><\/p>\n\n\n\n<p style=\"font-size:25px\"><strong>\u2022 \u201cLadr\u00f3n que roba a ladr\u00f3n, tiene cien a\u00f1os de perd\u00f3n\u201d<\/strong><\/p>\n\n\n\n<p><strong><em>Aqu\u00ed podr\u00edamos aplicar la sentencia de Jes\u00fas: \u201cel que entre ustedes est\u00e9 sin pecado, que arroje la primera piedra\u201d. A lo mejor caen por ah\u00ed alguna que otra, pero qu\u00e9 escasas.<\/em><\/strong><\/p>\n\n\n\n<p><strong><em>Esa conducta es la que nos tiene sumergidos en el subdesarrollo, pocas empresas extranjeras se establecen con nosotros. Nadie puede confiar en nadie. Uno de nuestros temas de conversaci\u00f3n es comentar la astucia, la audacia, el abuso de poder y la desverg\u00fcenza con que se cometi\u00f3 el robo que hemos sufrido o de que tuvimos noticia.<\/em><\/strong><\/p>\n\n\n\n<p><strong><em>\u00a1Qu\u00e9 dif\u00edcil es vivir teniendo tanta desconfianza! Cuidadito con dejar la puerta de tu casa sin asegurar, o dejar tu autom\u00f3vil sin seguro\u2026<\/em><\/strong><\/p>\n\n\n\n<p><strong><em>De nuestros gobernantes decimos que no es que entre ellos haya gente \u201ctranza\u201d, sino que el robo, la corrupci\u00f3n, es el sistema mismo que padecemos. Quien no roba, nada tiene que hacer en la pol\u00edtica, incluso se hace mofa de aquellas personas excepcionales que habiendo ocupado un cargo p\u00fablico no se han enriquecido, hasta se les llega a tachar de \u201cpendejos\u201d.<\/em><\/strong><\/p>\n\n\n\n<p>Nuestros profesionistas, por ejemplo, los contadores m\u00e1s cotizados, son aquellos que son m\u00e1s astutos para defraudar al fisco, cometiendo la injusticia de no contribuir al bien com\u00fan, y<\/p>\n\n\n\n<p><strong><em>\u00bfQu\u00e9 decir de nuestros abogados, m\u00e9dicos y dem\u00e1s, salvo honrosas excepciones, que cobran honorarios desproporcionados a sus servicios? \u00bfY qu\u00e9 decir de los trabajadores: carpinteros, mec\u00e1nicos, herreros o de quienes viven de cualquier oficio? Si no te convienes previamente en lo que te va a cobrar, ag\u00e1rrate\u2026<\/em><\/strong><\/p>\n\n\n\n<p style=\"font-size:25px\"><strong>Con esta falta de moral, de \u00e9tica, \u00bfA d\u00f3nde queremos llegar?<\/strong><\/p>\n\n\n\n<p><strong><em>La \u00fanica forma de salir del atolladero en que estamos sumergidos como pa\u00eds, es cambiando de actitud, convertirnos seriamente al camino se\u00f1alado por Jes\u00fas en su Evangelio: honradez y justicia.<\/em><\/strong><\/p>\n","protected":false},"excerpt":{"rendered":"<p>Dr. Pbro. Alfonso Verduzco Pardo Zamora, Mich., 24\/julio\/2024.- El robo est\u00e1 expresamente prohibido en la ley de Dios: \u201cNo hurtar\u00e1s\u201d. Adem\u00e1s, es una ley inscrita en el coraz\u00f3n del hombre, le llamamos ley natural porque emana de la misma naturaleza del ser humano. Es una ley que ni la misma iniquidad puede borrar. El robo [&hellip;]<\/p>\n","protected":false},"author":2,"featured_media":9288,"comment_status":"open","ping_status":"open","sticky":false,"template":"","format":"standard","meta":{"footnotes":"","_rishi_post_view_count":553},"categories":[1],"tags":[427],"class_list":["post-9287","post","type-post","status-publish","format-standard","has-post-thumbnail","hentry","category-opinion","tag-el-robo"],"comments_count":"0","_links":{"self":[{"href":"https:\/\/elpregonerodezamora.com\/index.php\/wp-json\/wp\/v2\/posts\/9287","targetHints":{"allow":["GET"]}}],"collection":[{"href":"https:\/\/elpregonerodezamora.com\/index.php\/wp-json\/wp\/v2\/posts"}],"about":[{"href":"https:\/\/elpregonerodezamora.com\/index.php\/wp-json\/wp\/v2\/types\/post"}],"author":[{"embeddable":true,"href":"https:\/\/elpregonerodezamora.com\/index.php\/wp-json\/wp\/v2\/users\/2"}],"replies":[{"embeddable":true,"href":"https:\/\/elpregonerodezamora.com\/index.php\/wp-json\/wp\/v2\/comments?post=9287"}],"version-history":[{"count":1,"href":"https:\/\/elpregonerodezamora.com\/index.php\/wp-json\/wp\/v2\/posts\/9287\/revisions"}],"predecessor-version":[{"id":9289,"href":"https:\/\/elpregonerodezamora.com\/index.php\/wp-json\/wp\/v2\/posts\/9287\/revisions\/9289"}],"wp:featuredmedia":[{"embeddable":true,"href":"https:\/\/elpregonerodezamora.com\/index.php\/wp-json\/wp\/v2\/media\/9288"}],"wp:attachment":[{"href":"https:\/\/elpregonerodezamora.com\/index.php\/wp-json\/wp\/v2\/media?parent=9287"}],"wp:term":[{"taxonomy":"category","embeddable":true,"href":"https:\/\/elpregonerodezamora.com\/index.php\/wp-json\/wp\/v2\/categories?post=9287"},{"taxonomy":"post_tag","embeddable":true,"href":"https:\/\/elpregonerodezamora.com\/index.php\/wp-json\/wp\/v2\/tags?post=9287"}],"curies":[{"name":"wp","href":"https:\/\/api.w.org\/{rel}","templated":true}]}}