{"id":9255,"date":"2024-07-22T18:05:30","date_gmt":"2024-07-22T18:05:30","guid":{"rendered":"https:\/\/elpregonerodezamora.com\/?p=9255"},"modified":"2024-07-22T18:05:30","modified_gmt":"2024-07-22T18:05:30","slug":"la-competencia-china-nos-ahoga","status":"publish","type":"post","link":"https:\/\/elpregonerodezamora.com\/index.php\/2024\/07\/22\/la-competencia-china-nos-ahoga\/","title":{"rendered":"LA COMPETENCIA CHINA NOS AHOGA"},"content":{"rendered":"\n<p style=\"font-size:35px\"><strong>LA ECONOM\u00cdA Y USTED&#8230;<\/strong><\/p>\n\n\n\n<p><strong>Eliseo Castillo<\/strong><\/p>\n\n\n\n<p><\/p>\n\n\n\n<p>                                                 <strong>VIENTOS DE TERNURA<\/strong><\/p>\n\n\n\n<p class=\"has-text-align-right\"><strong><em>&#8220;Mientras la vida suave se desgrana, \/ con el soplo de aliento que provocas, \/ vientos de alivio me inundan, me conmueven, \/ apenas te pienso y todo cambia, \/ casi todo el amor permanece, \/ cada vez se hace m\u00e1s fuerte&#8221;&#8230;el\u00edseo<\/em><\/strong><\/p>\n\n\n\n<p><strong>Desde hace a\u00f1os hay una alerta que cada vez es m\u00e1s intensa por su impacto en la vida comercial nacional&#8230;: \u00a1aguas con los chinos&#8230;!<\/strong><\/p>\n\n\n\n<p><strong><em>Es tan com\u00fan encontrar en el mercado de productos chinos, que pareciera que nada de especial tiene el tema; sin embargo, en el impacto econ\u00f3mico hay todo un problema que va creciendo cada vez, y que de manera directa e indirecta va a seguir afectando el desarrollo de la econom\u00eda nacional.<\/em><\/strong><\/p>\n\n\n\n<p><strong><em>&#8220;El secretario de Hacienda y Cr\u00e9dito P\u00fablico, Rogelio Ram\u00edrez La O, asegur\u00f3 que M\u00e9xico tiene que revisar su relaci\u00f3n comercial con China porque &#8220;nos vende y no nos compra, y eso no es comercio rec\u00edproco&#8221;.<\/em><\/strong><\/p>\n\n\n\n<p><strong><em>En su discurso, record\u00f3 que China, despu\u00e9s de que el gobierno estadounidense le facilit\u00f3 la entrada a la Organizaci\u00f3n Mundial de Comercio, aument\u00f3 sus exportaciones en 22 a\u00f1os, de 3.8 a 14 por ciento. En cambio, en Norteam\u00e9rica-Estados Unidos, M\u00e9xico y Canad\u00e1- baj\u00f3 de 19 a 13 por ciento.&#8221;<\/em><\/strong><\/p>\n\n\n\n<p><strong>Fuente: Alma E. Mu\u00f1oz; peri\u00f3dico La Jornada, domingo 21 de julio, 2024; pag. 3<\/strong><\/p>\n\n\n\n<p><strong><em>Esta es la realidad, los chinos y sus mercanc\u00edas est\u00e1n en todas partes de nuestra regi\u00f3n; ahora es m\u00e1s complicado pensar la idea de un d\u00eda sin sus productos. No es s\u00f3lo los Estados Unidos; la regi\u00f3n de Norteam\u00e9rica est\u00e1 preocupantemente invadida por sus mercanc\u00edas; cada vez m\u00e1s diversas.<\/em><\/strong><\/p>\n\n\n\n<p style=\"font-size:25px\"><strong>Las cifras ocultan la realidad, pero aun as\u00ed nos ahogan.<\/strong><\/p>\n\n\n\n<p><strong><em>Con los datos en la mano, el propio secretario de Hacienda se\u00f1ala que no es posible mantener la relaci\u00f3n comercial con el gigante asi\u00e1tico, si no hay reciprocidad entre ambos a la hora del intercambio; esto lo sustenta al informar que legalmente se mantiene una relaci\u00f3n comercial de compra y venta muy desigual.<\/em><\/strong><\/p>\n\n\n\n<p><strong>Mientras ellos nos venden, seg\u00fan cifras oficiales 119 mil millones de d\u00f3lares, apenas nos compraron mercanc\u00eda por 11 mil millones de d\u00f3lares; estas cifras al corte de 2022.<\/strong><\/p>\n\n\n\n<p><strong><em>Estas son cifras de las mercanc\u00edas que se controlan fiscalmente; pero seg\u00fan estudios que se han realizado por a\u00f1os, se calcula que por cada producto chino que pasa por las aduanas; entran entre uno y dos productos de manera ilegal; es el mercado informal que se alimenta de la mercanc\u00eda llamada fayuca.<\/em><\/strong><\/p>\n\n\n\n<p><strong>Este es quiz\u00e1 el peor de los problemas econ\u00f3micos; que hay un mercado paralelo gigante, al perecer m\u00e1s grande que el formal.<\/strong><\/p>\n\n\n\n<p><strong><em>De este tama\u00f1o es el problema con China; estamos atrapados en un mercado legal injusto, paralelo con un mercado informal fayuquero gigante que desplaza a buena parte del mercado nacional.<\/em><\/strong><\/p>\n\n\n\n<p style=\"font-size:25px\"><strong>Con los chinos no se juega&#8230;<\/strong><\/p>\n\n\n\n<p><strong><em>La realidad es que el d\u00e9ficit con ellos en el a\u00f1o de 2022 fue de 115 mil millones de d\u00f3lares de manera legal; pero si aceptamos que por cada producto legal entran entre uno y dos m\u00e1s; imag\u00ednese el tama\u00f1o del problema, el d\u00e9ficit se proyecta tranquilamente hasta arriba de los 300 mil millones de d\u00f3lares por a\u00f1o en la actualidad.<\/em><\/strong><\/p>\n\n\n\n<p><strong><em>Estas cifras no se pueden mantener en el medio y largo lazo; esto ahoga a cualquier econom\u00eda; como ya le est\u00e1 pasando a Los Estados Unidos sin duda; que abiertamente han declarado la guerra comercial a los chinos (Hoy su d\u00e9ficit ronda los 300 mil millones de d\u00f3lares -279 mmdd-, pero, que incluso ha llegado a niveles superiores de 400 mil millones de d\u00f3lares en 2018.<\/em><\/strong><\/p>\n\n\n\n<p><strong>Esta es la realidad con que hay que entender que no es asunto de mera an\u00e9cdota el grito de alarma de \u00a1ya llegaron los chinos!<\/strong><\/p>\n\n\n\n<p><strong><em>El problema es que se nos metieron por todas partes, y no necesariamente necesitamos todas las mercader\u00edas que nos traen, pero como usan pol\u00edticas gubernamentales, fiscal y salarialmente controlados a la baja, resulta complicado competir con ellos.<\/em><\/strong><\/p>\n\n\n\n<p><strong><em>El secretario de Hacienda lo dice claramente, o renegociamos de mejor manera, o cada vez estaremos peor; si le agregamos que la frontera fiscal es muy mala aun&#8230;, entonces si que ya nos llev\u00f3 la chinada&#8230;<\/em><\/strong><\/p>\n\n\n\n<p style=\"font-size:25px\"><strong>\u00bfo no?<\/strong><\/p>\n\n\n\n<p style=\"font-size:30px\">Le abrazo&#8230;<\/p>\n","protected":false},"excerpt":{"rendered":"<p>LA ECONOM\u00cdA Y USTED&#8230; Eliseo Castillo VIENTOS DE TERNURA &#8220;Mientras la vida suave se desgrana, \/ con el soplo de aliento que provocas, \/ vientos de alivio me inundan, me conmueven, \/ apenas te pienso y todo cambia, \/ casi todo el amor permanece, \/ cada vez se hace m\u00e1s fuerte&#8221;&#8230;el\u00edseo Desde hace a\u00f1os hay [&hellip;]<\/p>\n","protected":false},"author":2,"featured_media":9256,"comment_status":"open","ping_status":"open","sticky":false,"template":"","format":"standard","meta":{"footnotes":"","_rishi_post_view_count":601},"categories":[1],"tags":[],"class_list":["post-9255","post","type-post","status-publish","format-standard","has-post-thumbnail","hentry","category-opinion"],"comments_count":"0","_links":{"self":[{"href":"https:\/\/elpregonerodezamora.com\/index.php\/wp-json\/wp\/v2\/posts\/9255","targetHints":{"allow":["GET"]}}],"collection":[{"href":"https:\/\/elpregonerodezamora.com\/index.php\/wp-json\/wp\/v2\/posts"}],"about":[{"href":"https:\/\/elpregonerodezamora.com\/index.php\/wp-json\/wp\/v2\/types\/post"}],"author":[{"embeddable":true,"href":"https:\/\/elpregonerodezamora.com\/index.php\/wp-json\/wp\/v2\/users\/2"}],"replies":[{"embeddable":true,"href":"https:\/\/elpregonerodezamora.com\/index.php\/wp-json\/wp\/v2\/comments?post=9255"}],"version-history":[{"count":1,"href":"https:\/\/elpregonerodezamora.com\/index.php\/wp-json\/wp\/v2\/posts\/9255\/revisions"}],"predecessor-version":[{"id":9257,"href":"https:\/\/elpregonerodezamora.com\/index.php\/wp-json\/wp\/v2\/posts\/9255\/revisions\/9257"}],"wp:featuredmedia":[{"embeddable":true,"href":"https:\/\/elpregonerodezamora.com\/index.php\/wp-json\/wp\/v2\/media\/9256"}],"wp:attachment":[{"href":"https:\/\/elpregonerodezamora.com\/index.php\/wp-json\/wp\/v2\/media?parent=9255"}],"wp:term":[{"taxonomy":"category","embeddable":true,"href":"https:\/\/elpregonerodezamora.com\/index.php\/wp-json\/wp\/v2\/categories?post=9255"},{"taxonomy":"post_tag","embeddable":true,"href":"https:\/\/elpregonerodezamora.com\/index.php\/wp-json\/wp\/v2\/tags?post=9255"}],"curies":[{"name":"wp","href":"https:\/\/api.w.org\/{rel}","templated":true}]}}