{"id":9239,"date":"2024-07-16T00:17:11","date_gmt":"2024-07-16T00:17:11","guid":{"rendered":"https:\/\/elpregonerodezamora.com\/?p=9239"},"modified":"2024-07-16T00:17:11","modified_gmt":"2024-07-16T00:17:11","slug":"trump-y-el-espectaculo-del-atentado","status":"publish","type":"post","link":"https:\/\/elpregonerodezamora.com\/index.php\/2024\/07\/16\/trump-y-el-espectaculo-del-atentado\/","title":{"rendered":"TRUMP Y EL ESPECT\u00c1CULO DEL ATENTADO\u2026(\u00a1?)"},"content":{"rendered":"\n<p style=\"font-size:30px\"><strong>LA ECONOM\u00cdA Y USTED&#8230;<\/strong><\/p>\n\n\n\n<p><strong>Eliseo Castillo<\/strong><\/p>\n\n\n\n<p><\/p>\n\n\n\n<p><strong>DEL AYER<\/strong><\/p>\n\n\n\n<p class=\"has-text-align-right\"><strong><em>&#8220;Cuando pienso que en tiempos idos, \/ como algo que se guarda con cari\u00f1o, \/ he guardado, de entonces, nuestro cari\u00f1o, \/ he amasado de amor y esperanza recuerdos, \/ de fe en el reencuentro, de nostalgia bien venida, \/ del ayer que te retrata, del entonces, de nosotros, \/ he guardado, amor de aquellos a\u00f1os, \/ la ilusi\u00f3n de tu regreso&#8221;&#8230;.el\u00edseo<\/em><\/strong><\/p>\n\n\n\n<p><strong><em>La forma m\u00e1s directa de ganar una elecci\u00f3n, regularmente ha sido cuando sucede un atentado antes de la misma; regularmente es un momento en que la percepci\u00f3n social se modifica y se enfoca a la idea del proteccionismo, actitud que, en el ser humano, y seguramente que en la mayor\u00eda de las especies resulta casi natural.<\/em><\/strong><\/p>\n\n\n\n<p><strong><em>Cuando es asesinado Colosio y se pone en su lugar al ins\u00edpido Ernesto Zedillo, poco import\u00f3 que este no fuera carism\u00e1tico, el mensaje qued\u00f3 claramente fijado en el consciente colectivo&#8230;: \u00a1ante la tragedia habr\u00eda que arropar al heredero del sacrificado!<\/em><\/strong><\/p>\n\n\n\n<p style=\"font-size:25px\"><strong>El m\u00e1rtir fue Colosio, el salvador de la situaci\u00f3n fue Zedillo; el resto es historia.<\/strong><\/p>\n\n\n\n<p><strong><em>Cuando George Bush hijo deseaba reelegirse, pero su popularidad estaba por los suelos, de manera providencial aparece un grupo terrorista, en el pa\u00eds m\u00e1s vigilado del mundo, y genera actos de violencia que incluyeron una misteriosa (de misteriosa no tiene casi nada; a\u00fan falta la explicaci\u00f3n de como las torres gemelas se cayeron por implosi\u00f3n; cuando esto solo sucede si se prepara su ca\u00edda con dinamita previamente).<\/em><\/strong><\/p>\n\n\n\n<p><strong><em>De este espect\u00e1culo, vino la invasi\u00f3n a Irak, y la popularidad del ampliamente rechazado presidente se elev\u00f3 por los cielos: \u00a1se fue a la guerra en nombre del pueblo americano, sediento de venganza&#8230;; hab\u00eda que apoyarlo sin chistar!<\/em><\/strong><\/p>\n\n\n\n<p><strong>Obviamente, arras\u00f3 en su reelecci\u00f3n; aunque despu\u00e9s volvi\u00f3 a ser repudiado; \u00a1que importaba, ya se hab\u00eda relegido!<\/strong><\/p>\n\n\n\n<p><strong><em>Hace apenas unos d\u00edas en Bolivia sucedi\u00f3 un intento de golpe de estado un poco raro y confuso; como tal deja muchas dudas; sin embargo, entre las sospechas, luego de escuchar el militar golpista, lo realizaba a petici\u00f3n del propio presidente, dada su baja popularidad y deseo de reelegirse&#8230;: \u00a1queda la duda y la preocupaci\u00f3n; si fue o no real, es demasiado jugar con estos actos por el poder pol\u00edtico&#8230;!<\/em><\/strong><\/p>\n\n\n\n<p><strong><em>Hoy Bolivia esta divida en tres partes; antes del golpe estaba la batalla pol\u00edtica entre el movimiento indigenista de Evo Morales y la derecha criolla (los blancos que no aceptan que los nativos gobiernen); hoy la lucha es entre tres grupos; por un lado est\u00e1 la derecha conservadora y criolla; luego est\u00e1n las ambiciones del presidente Arce&#8230;, y el tercer grupo sale del mismo movimiento nativo o ind\u00edgena, y encabezado por su l\u00edder hist\u00f3rico Evo Morales.<\/em><\/strong><\/p>\n\n\n\n<p><strong>Si se buscaba mejorar las posibilidades electorales del presidente, al parecer disminuyeron, toda vez que el partido indigenista se ha dividido en dos grupos (unos con Evo, y otros con Arce).<\/strong><\/p>\n\n\n\n<p><strong><em>Este s\u00e1bado ha sucedido otro acto violento; nuevamente en el pa\u00eds m\u00e1s vigilado del mundo; en donde se genera a mayor\u00eda de las armas; donde casi cualquiera puede comprar una (incluso anuncian que ya hay despachadores autom\u00e1ticos que les venden parque y municiones&#8230;; por si se les terminan los que tiene en casa).<\/em><\/strong><\/p>\n\n\n\n<p><strong><em>Donald Trump, el rey del espect\u00e1culo corriente y deprimente ha recibido un atentado en pleno acto proselitista; donde, como si fuera obra de la providencia, agarrada de la mano de su \u00e1ngel de la guarda (debe tener supongo; pero como no es cat\u00f3lico, entonces eso es mentira; no tiene \u00e1ngel, pero mucha gente que s\u00ed lo guarda).<\/em><\/strong><\/p>\n\n\n\n<p><strong>Todo est\u00e1 muy confuso realmente, pero lo \u00fanico que queda al descubierto es la pasi\u00f3n y ambici\u00f3n del ser humano, cuando de llegar o mantener el poder se trata; se hace lo que sea&#8230;, y a veces m\u00e1s.<\/strong><\/p>\n\n\n\n<p><strong><em>Hoy, el expresidente Trump inicia la semana con la aureola de m\u00e1rtir de la democracia&#8230; \u00a1no se r\u00eda, as\u00ed lo van a vender a partir del s\u00e1bado en la prensa sensacionalista de derecha! el nuevo m\u00e1rtir que viene a salvar a la patria en contra de los malos pol\u00edticos que junto con Biden, han hecho mal a Estados Unidos!<\/em><\/strong><\/p>\n\n\n\n<p style=\"font-size:25px\"><strong>Ya lleg\u00f3 el nuevo h\u00e9roe a salvara la patria.<\/strong><\/p>\n\n\n\n<p><strong><em>Nuevamente se repite la historia grotesca de usar la idea de patria como idea, y la bandera como cobija. Hoy Trump luce casi invencible&#8230;; es el m\u00e1rtir de la libertad.<\/em><\/strong><\/p>\n\n\n\n<p><strong><em>Curiosamente&#8230;; en el pa\u00eds m\u00e1s vigilado del mundo; con la supuesta polic\u00eda m\u00e1s eficiente; el candidato a la presidencia es baleado por un supuesto tirador aparentemente improvisado; y luego de los disparos, curiosamente el supuesto cuerpo de vigilancia m\u00e1s eficiente del mundo lo mata&#8230; \u00a1ha carajo, este ser humano tan ambicioso, ego\u00edsta, y en ocasiones tan detestable!<\/em><\/strong><\/p>\n\n\n\n<p><strong><em>Por cierto, sucedi\u00f3 igual en 1963 con el asesinato del presidente K\u00e9nedy; una vez que el supuesto asesino consigui\u00f3 su objetivo, fue atrapado, y de manera casi infantil (como en el caso Colosio desde luego), se le puso de pechito a un supuesto ciudadano justiciero que se encarg\u00f3 de asesinarlo, yendo en manos de los agentes policiacos&#8230;<\/em><\/strong><\/p>\n\n\n\n<p style=\"font-size:25px\"><strong>As\u00ed es este ambiente cuando se lucha por el poder, llev\u00e1ndose entre las patas a quien sea&#8230;, a veces&#8230;<\/strong><\/p>\n\n\n\n<p><strong>Le abrazo.<\/strong><\/p>\n\n\n\n<p><a href=\"https:\/\/www.facebook.com\/photo\/?fbid=777485744553260&amp;set=a.370963018538870&amp;__cft__[0]=AZVp9cIjPtnboOYauR1Vyh1xyEZLfSinZ3o54C_x84oxPR0ZK7BwMjJ97Q7uuQBU77qXYzSyUAXPGD32ZRxzK2QGVPAYew9zn61fi-PXMKZmFluuxGfnWHE7zSh8ZOtZM2S_SmwuqAXiEFeQeKR7M1zxBTaHj5LDfgYn3xPGXXTdEh2_DPAmQ_L8cCn32hr_t8rQBk10Yw_F29AvxOo-SvDh&amp;__tn__=EH-R\"><\/a><\/p>\n\n\n\n<p><\/p>\n","protected":false},"excerpt":{"rendered":"<p>LA ECONOM\u00cdA Y USTED&#8230; Eliseo Castillo DEL AYER &#8220;Cuando pienso que en tiempos idos, \/ como algo que se guarda con cari\u00f1o, \/ he guardado, de entonces, nuestro cari\u00f1o, \/ he amasado de amor y esperanza recuerdos, \/ de fe en el reencuentro, de nostalgia bien venida, \/ del ayer que te retrata, del entonces, [&hellip;]<\/p>\n","protected":false},"author":2,"featured_media":9240,"comment_status":"open","ping_status":"open","sticky":false,"template":"","format":"standard","meta":{"footnotes":"","_rishi_post_view_count":539},"categories":[1],"tags":[],"class_list":["post-9239","post","type-post","status-publish","format-standard","has-post-thumbnail","hentry","category-opinion"],"comments_count":"0","_links":{"self":[{"href":"https:\/\/elpregonerodezamora.com\/index.php\/wp-json\/wp\/v2\/posts\/9239","targetHints":{"allow":["GET"]}}],"collection":[{"href":"https:\/\/elpregonerodezamora.com\/index.php\/wp-json\/wp\/v2\/posts"}],"about":[{"href":"https:\/\/elpregonerodezamora.com\/index.php\/wp-json\/wp\/v2\/types\/post"}],"author":[{"embeddable":true,"href":"https:\/\/elpregonerodezamora.com\/index.php\/wp-json\/wp\/v2\/users\/2"}],"replies":[{"embeddable":true,"href":"https:\/\/elpregonerodezamora.com\/index.php\/wp-json\/wp\/v2\/comments?post=9239"}],"version-history":[{"count":1,"href":"https:\/\/elpregonerodezamora.com\/index.php\/wp-json\/wp\/v2\/posts\/9239\/revisions"}],"predecessor-version":[{"id":9241,"href":"https:\/\/elpregonerodezamora.com\/index.php\/wp-json\/wp\/v2\/posts\/9239\/revisions\/9241"}],"wp:featuredmedia":[{"embeddable":true,"href":"https:\/\/elpregonerodezamora.com\/index.php\/wp-json\/wp\/v2\/media\/9240"}],"wp:attachment":[{"href":"https:\/\/elpregonerodezamora.com\/index.php\/wp-json\/wp\/v2\/media?parent=9239"}],"wp:term":[{"taxonomy":"category","embeddable":true,"href":"https:\/\/elpregonerodezamora.com\/index.php\/wp-json\/wp\/v2\/categories?post=9239"},{"taxonomy":"post_tag","embeddable":true,"href":"https:\/\/elpregonerodezamora.com\/index.php\/wp-json\/wp\/v2\/tags?post=9239"}],"curies":[{"name":"wp","href":"https:\/\/api.w.org\/{rel}","templated":true}]}}