{"id":9223,"date":"2024-07-08T22:19:41","date_gmt":"2024-07-08T22:19:41","guid":{"rendered":"https:\/\/elpregonerodezamora.com\/?p=9223"},"modified":"2024-07-08T22:19:41","modified_gmt":"2024-07-08T22:19:41","slug":"razon-para-mejorar-la-justicia-en-mexico","status":"publish","type":"post","link":"https:\/\/elpregonerodezamora.com\/index.php\/2024\/07\/08\/razon-para-mejorar-la-justicia-en-mexico\/","title":{"rendered":"RAZ\u00d3N PARA MEJORAR LA JUSTICIA EN M\u00c9XICO"},"content":{"rendered":"\n<p style=\"font-size:30px\"><strong>LA ECONOM\u00cdA Y USTED&#8230;<\/strong><\/p>\n\n\n\n<p>El\u00edseo Castillo<\/p>\n\n\n\n<p><\/p>\n\n\n\n<p><strong>MI GRAN RECUERDO<\/strong><\/p>\n\n\n\n<p class=\"has-text-align-right\"><strong><em>&#8220;Con el silencio que a veces abruma, \/ el asalto al delirio y la nostalgia llega, \/ toca mi puerta, impertinente se aposenta, \/ es la hora del recuerdo y la esperanza, \/ es la hora del amor que nunca muere; \/ mi amor, a donde est\u00e9s te alcanza, \/ mi amor, a donde est\u00e9s te espera; \/no muere lo que se alimenta y se bendice, \/ siempre ser\u00e1s algo m\u00e1s que un recuerdo&#8221;&#8230;el\u00edseo<\/em><\/strong><\/p>\n\n\n\n<p><strong><em>En estos d\u00edas se debate la modificaci\u00f3n en la estructura y funcionamiento del Poder Judicial de la Naci\u00f3n; sin duda es un paso importante en el proceso de b\u00fasqueda de mejores condiciones sociales entre los mexicanos; entre los que tiene casi todo; los muy ricos y los muy poderosos, y los que no tienen casi nada, y que sin embargo son pasados por el mismo racero de la justicia.<\/em><\/strong><\/p>\n\n\n\n<p><strong><em>La idea de que la justicia es ciega, aplica regularmente en contra de los jodidos en todo el mundo; pero eso no es pretexto para considerarlo como algo que se debe ver y dejar pasar sin chistar.<\/em><\/strong><\/p>\n\n\n\n<p style=\"font-size:25px\"><strong>No tenemos por que ser comparsas mudos de este atropello que se repite cada d\u00eda.<\/strong><\/p>\n\n\n\n<p><strong><em>No es que con la reforma del Poder Judicial se resuelvan todos los males de quienes menos tienen; los m\u00e1s jodidos. Lo que buscamos es que se ponga en la mesa la terrible desigualdad en que aplica la ley, supuestamente igualadora desde su supuesta ceguera; que al final de cuentas no ve lo que no le conviene ver.<\/em><\/strong><\/p>\n\n\n\n<p><strong><em>&#8220;La advertencia fue clara: &#8220;Este asunto no va a caminar si no me das 20 mil pesos&#8221;, dijo Jacobo, el agente del Ministerio P\u00fablico, al campesino Gabriel Cubas Mart\u00ednez, uno de los miles de defraudados por cajas de ahorro populares en Oaxaca.<\/em><\/strong><\/p>\n\n\n\n<p><strong><em>El mensaje de extorsi\u00f3n fue traducido por su hijo Domingo, porque Gabriel pertenece al pueblo triqui y no habla espa\u00f1ol: &#8220;yo le dije: \u00b4dinero, no tengo\u00b4. Estoy enfermo, casi m\u00e1s muerto que vivo luchando por recuperar los ahorros de toda la vida. Nos estafaron 360 mil pesos pero de esos, 167 mil pesos son de mi hijo Josefino que trabaja en Estados Unidos&#8221;.<\/em><\/strong><\/p>\n\n\n\n<p><strong><em>Peor a\u00fan, el abogado de oficio le pide 80 mil pesos para atender el asunto&#8221;.<\/em><\/strong><\/p>\n\n\n\n<p><strong>Fuente: Sanjuana Mart\u00ednez; Peri\u00f3dico La Jornada, domingo 7 de julio; 2024; pag.13<\/strong><\/p>\n\n\n\n<p style=\"font-size:25px\"><strong>\u00bfNo le molesta a usted semejantes atropellos que se aplican un d\u00eda si y otro tambi\u00e9n&#8230;?<\/strong><\/p>\n\n\n\n<p><strong><em>Tan s\u00f3lo por eso es necesario reformar la justicia en M\u00e9xico; se siguen incrementando los abusos en contra de los que menos tienen; se supone que la ley proh\u00edbe aplicar la ley a personas sin explicarles plenamente su situaci\u00f3n; sobre todo para los miles de mexicanos que no hablan espa\u00f1ol.<\/em><\/strong><\/p>\n\n\n\n<p><strong><em>Es ofensivo que cualquier inepto investido de Ministerio P\u00fablico o juez diga en cuanto va a valorar su tiempo atendiendo los casos, que, de obligaci\u00f3n debe resolver.<\/em><\/strong><\/p>\n\n\n\n<p><strong><em>Este ejemplo representa cuando la justica es ciega en funci\u00f3n a los intereses que se resuelven con una mordida; luego los abogados &#8220;huizacheros&#8221; normalmente coludidos con las autoridades terminan por darle el tiro de gracia a la esperanza de encontrar un poco de justicia simple y justa, sin distingo de persona.<\/em><\/strong><\/p>\n\n\n\n<p><strong><em>Esto de pedirle una mordida a una persona para que su caso avance, y de que un abogado de oficio, que debe hacer su trabajo de manera gratuita, en lugar de trabajar y acatar, le pida un soborno a la persona, solo es posible cuando el poder judicial esta podrido; de otra forma es poco probable que suceda este tipo de abusos.<\/em><\/strong><\/p>\n\n\n\n<p><strong><em>No echemos en saco roto este tipo de casos; el campesino triqui Gabriel Cubas es un lamentable ejemplo de lo que sucede de manera corriente en todo el pa\u00eds; es un problema que se manifiesta contra los m\u00e1s jodidos; esto no se lo hacen a los muy ricos, a estos les tiene miedo, o les deben favores.<\/em><\/strong><\/p>\n\n\n\n<p style=\"font-size:25px\"><strong>\u00bfPero a los jodidos&#8230;?<\/strong><\/p>\n\n\n\n<p><strong><em>Si quieren que sus casos avancen: o aceptan la corrupci\u00f3n de entregar una mordida o nada a su favor va a suceder.<\/em><\/strong><\/p>\n\n\n\n<p><strong><em>Es la historia que se repite en M\u00e9xico (y en el mundo en realidad) y por lo que vale la pena pensar en que un cambio en la estructura y funcionamiento de la justicia en M\u00e9xico, sin que sea garant\u00eda de \u00e9xito, al menos nos ofrece una esperanza de que esto que apesta a podredumbre, de alguna forma se intente mejorar un poco&#8230;<\/em><\/strong><\/p>\n\n\n\n<p style=\"font-size:25px\"><strong>\u00bfO, usted&#8230;, c\u00f3mo ve el tema?<\/strong><\/p>\n\n\n\n<p><strong>Le abrazo.<\/strong><\/p>\n\n\n\n<p><a href=\"https:\/\/www.facebook.com\/photo\/?fbid=773485688286599&amp;set=a.370963028538869&amp;__cft__[0]=AZV8g6J_TiedfJFuD7XyQFCFLybwrMyLYBLn09h-jlcIqBPgcEJTtqH9_ycE9-ercmhHj7wnmeMTAyapdimAmpk6nyslHv-FNPg9plhKrE80F_xTQRHT50-TqK2NwAXpqHe0lD1UFMwnzfYQ-PtJMdp9MBn3jllW85bKmb6CucKBuinZTRJQ6kFJcDoC2furMJOXhsgkGexzKSTKJUJ1jrSJ&amp;__tn__=EH-R\"><\/a><\/p>\n","protected":false},"excerpt":{"rendered":"<p>LA ECONOM\u00cdA Y USTED&#8230; El\u00edseo Castillo MI GRAN RECUERDO &#8220;Con el silencio que a veces abruma, \/ el asalto al delirio y la nostalgia llega, \/ toca mi puerta, impertinente se aposenta, \/ es la hora del recuerdo y la esperanza, \/ es la hora del amor que nunca muere; \/ mi amor, a donde [&hellip;]<\/p>\n","protected":false},"author":2,"featured_media":9224,"comment_status":"open","ping_status":"open","sticky":false,"template":"","format":"standard","meta":{"footnotes":"","_rishi_post_view_count":628},"categories":[1],"tags":[],"class_list":["post-9223","post","type-post","status-publish","format-standard","has-post-thumbnail","hentry","category-opinion"],"comments_count":"0","_links":{"self":[{"href":"https:\/\/elpregonerodezamora.com\/index.php\/wp-json\/wp\/v2\/posts\/9223","targetHints":{"allow":["GET"]}}],"collection":[{"href":"https:\/\/elpregonerodezamora.com\/index.php\/wp-json\/wp\/v2\/posts"}],"about":[{"href":"https:\/\/elpregonerodezamora.com\/index.php\/wp-json\/wp\/v2\/types\/post"}],"author":[{"embeddable":true,"href":"https:\/\/elpregonerodezamora.com\/index.php\/wp-json\/wp\/v2\/users\/2"}],"replies":[{"embeddable":true,"href":"https:\/\/elpregonerodezamora.com\/index.php\/wp-json\/wp\/v2\/comments?post=9223"}],"version-history":[{"count":1,"href":"https:\/\/elpregonerodezamora.com\/index.php\/wp-json\/wp\/v2\/posts\/9223\/revisions"}],"predecessor-version":[{"id":9225,"href":"https:\/\/elpregonerodezamora.com\/index.php\/wp-json\/wp\/v2\/posts\/9223\/revisions\/9225"}],"wp:featuredmedia":[{"embeddable":true,"href":"https:\/\/elpregonerodezamora.com\/index.php\/wp-json\/wp\/v2\/media\/9224"}],"wp:attachment":[{"href":"https:\/\/elpregonerodezamora.com\/index.php\/wp-json\/wp\/v2\/media?parent=9223"}],"wp:term":[{"taxonomy":"category","embeddable":true,"href":"https:\/\/elpregonerodezamora.com\/index.php\/wp-json\/wp\/v2\/categories?post=9223"},{"taxonomy":"post_tag","embeddable":true,"href":"https:\/\/elpregonerodezamora.com\/index.php\/wp-json\/wp\/v2\/tags?post=9223"}],"curies":[{"name":"wp","href":"https:\/\/api.w.org\/{rel}","templated":true}]}}