{"id":9220,"date":"2024-07-04T01:19:02","date_gmt":"2024-07-04T01:19:02","guid":{"rendered":"https:\/\/elpregonerodezamora.com\/?p=9220"},"modified":"2024-07-04T01:19:03","modified_gmt":"2024-07-04T01:19:03","slug":"crisis-al-interior-del-pan-se-confrontan-felipe-calderon-y-marko-cortes","status":"publish","type":"post","link":"https:\/\/elpregonerodezamora.com\/index.php\/2024\/07\/04\/crisis-al-interior-del-pan-se-confrontan-felipe-calderon-y-marko-cortes\/","title":{"rendered":"Crisis al interior del PAN; se confrontan Felipe Calder\u00f3n y Marko Cort\u00e9s"},"content":{"rendered":"\n<p><strong><em>El expresidente de M\u00e9xico, Felipe Calder\u00f3n Hinojosa, y el \u00a0dirigente de Acci\u00f3n Nacional, Marko Cort\u00e9s, se enfrentaron en sus cuentas de X, acus\u00e1ndose mutuamente de llevar al PAN a la ca\u00edda electoral de ese partido y a su estrepitosa y humillante derrota del 2 de junio.<\/em><\/strong><\/p>\n\n\n\n<p><strong><em>Calder\u00f3n reclam\u00f3 a Cort\u00e9s haber marginado de las designaciones plurinominales al diputado Jorge Triana, acusando al dirigente de \u201cservirse con la cuchara grande\u201d al autoasignarse una senadur\u00eda plurinominal y no hab\u00e9rselas dejado a otros miembros del partido.<\/em><\/strong><\/p>\n\n\n\n<p><strong><em>\u201cUno de los mejores tribunos de @Acci\u00f3nNacional, @JTrianaT, qued\u00f3 fuera del Congreso al no incluirlo en sus listas plurinominales. Eso s\u00ed, s\u00ed qued\u00f3 uno de sus peores oradores, @MarkoCortes, el actual presidente del PAN y el que m\u00e1s da\u00f1o le ha hecho en la historia a ese partido, adem\u00e1s de su asistente y otros de su camarilla\u201d, lanz\u00f3 el expresidente.<\/em><\/strong><\/p>\n\n\n\n<p><strong><em>El dirigente del PAN le respondi\u00f3 a Felipe Calder\u00f3n comparando los resultados de la elecci\u00f3n de 2024 con la de hace doce a\u00f1os, en la que Josefina V\u00e1zquez Mota lleg\u00f3 al tercer lugar en la elecci\u00f3n presidencial. Asimismo, el actual l\u00edder de Acci\u00f3n Nacional le solicit\u00f3 al ex presidente de la Rep\u00fablica que explicara lo que sucedi\u00f3 con Genaro Garc\u00eda Luna, ex secretario de Seguridad P\u00fablica y preso en los Estados Unidos por v\u00ednculos con el crimen organizado.<\/em><\/strong><\/p>\n\n\n\n<p><strong><em>\u00a0Al respecto, Cort\u00e9s declar\u00f3 que las acusaciones en contra de Genaro Garc\u00eda Luna da\u00f1aron la candidatura de X\u00f3chitl G\u00e1lvez: \u201cCuando habl\u00e1bamos de esos temas, que te sacaran a Garc\u00eda Luna, hoy en la c\u00e1rcel por cr\u00edmenes que tienen que ver con el narcotr\u00e1fico, pues claro que peg\u00f3. Ah\u00ed yo te dir\u00eda \u00a1el PAN ah\u00ed qu\u00e9 tuvo que ver!, pues si el PAN ni lo contrat\u00f3, \u00e9l nunca fue panista\u201d, escribi\u00f3 Cort\u00e9s.<\/em><\/strong><\/p>\n\n\n\n<p><strong><em>Tambi\u00e9n agreg\u00f3: \u00abAprovecho tambi\u00e9n para pedirte que nos expliques qu\u00e9 pas\u00f3 con (Genaro) Garc\u00eda Luna, porque sin tener ninguna responsabilidad, al PAN eso le provoc\u00f3 un enorme da\u00f1o en la campa\u00f1a. \u00bfT\u00fa no te enterabas de lo que pasaba en tu gobierno o lo consent\u00edas?\u00bb<\/em><\/strong><\/p>\n\n\n\n<p><strong><em>Felipe Calder\u00f3n acus\u00f3 a Cort\u00e9s de haberse \u201cservido con la cuchara grande\u201d a lo largo de los seis a\u00f1os de dirigencia. Sin embargo, en el vaiv\u00e9n de la disputa, Marko Cort\u00e9s le respondi\u00f3 a Calder\u00f3n afirmando un supuesto \u201cpacto\u201d entre \u00e9l y Enrique Pe\u00f1a Nieto, por lo que dej\u00f3 a la deriva a Josefina V\u00e1zquez Mota.<\/em><\/strong><\/p>\n\n\n\n<p><strong><em>La confrontaci\u00f3n entre Calder\u00f3n y Cort\u00e9s ocurre a unos d\u00edas de que se analicen\u00a0 los perfiles para la nueva dirigencia de Acci\u00f3n Nacional para lo cual se instal\u00f3 la Comisi\u00f3n Organizadora Nacional de la Elecci\u00f3n del Comit\u00e9 Ejecutivo Nacional (Conecen).<\/em><\/strong><\/p>\n","protected":false},"excerpt":{"rendered":"<p>El expresidente de M\u00e9xico, Felipe Calder\u00f3n Hinojosa, y el \u00a0dirigente de Acci\u00f3n Nacional, Marko Cort\u00e9s, se enfrentaron en sus cuentas de X, acus\u00e1ndose mutuamente de llevar al PAN a la ca\u00edda electoral de ese partido y a su estrepitosa y humillante derrota del 2 de junio. Calder\u00f3n reclam\u00f3 a Cort\u00e9s haber marginado de las designaciones [&hellip;]<\/p>\n","protected":false},"author":2,"featured_media":9221,"comment_status":"open","ping_status":"open","sticky":false,"template":"","format":"standard","meta":{"footnotes":"","_rishi_post_view_count":735},"categories":[197],"tags":[],"class_list":["post-9220","post","type-post","status-publish","format-standard","has-post-thumbnail","hentry","category-politica"],"comments_count":"0","_links":{"self":[{"href":"https:\/\/elpregonerodezamora.com\/index.php\/wp-json\/wp\/v2\/posts\/9220","targetHints":{"allow":["GET"]}}],"collection":[{"href":"https:\/\/elpregonerodezamora.com\/index.php\/wp-json\/wp\/v2\/posts"}],"about":[{"href":"https:\/\/elpregonerodezamora.com\/index.php\/wp-json\/wp\/v2\/types\/post"}],"author":[{"embeddable":true,"href":"https:\/\/elpregonerodezamora.com\/index.php\/wp-json\/wp\/v2\/users\/2"}],"replies":[{"embeddable":true,"href":"https:\/\/elpregonerodezamora.com\/index.php\/wp-json\/wp\/v2\/comments?post=9220"}],"version-history":[{"count":1,"href":"https:\/\/elpregonerodezamora.com\/index.php\/wp-json\/wp\/v2\/posts\/9220\/revisions"}],"predecessor-version":[{"id":9222,"href":"https:\/\/elpregonerodezamora.com\/index.php\/wp-json\/wp\/v2\/posts\/9220\/revisions\/9222"}],"wp:featuredmedia":[{"embeddable":true,"href":"https:\/\/elpregonerodezamora.com\/index.php\/wp-json\/wp\/v2\/media\/9221"}],"wp:attachment":[{"href":"https:\/\/elpregonerodezamora.com\/index.php\/wp-json\/wp\/v2\/media?parent=9220"}],"wp:term":[{"taxonomy":"category","embeddable":true,"href":"https:\/\/elpregonerodezamora.com\/index.php\/wp-json\/wp\/v2\/categories?post=9220"},{"taxonomy":"post_tag","embeddable":true,"href":"https:\/\/elpregonerodezamora.com\/index.php\/wp-json\/wp\/v2\/tags?post=9220"}],"curies":[{"name":"wp","href":"https:\/\/api.w.org\/{rel}","templated":true}]}}