{"id":9210,"date":"2024-07-03T19:54:34","date_gmt":"2024-07-03T19:54:34","guid":{"rendered":"https:\/\/elpregonerodezamora.com\/?p=9210"},"modified":"2024-07-03T19:54:34","modified_gmt":"2024-07-03T19:54:34","slug":"cuando-jotear-se-vuelve-negocio-politico","status":"publish","type":"post","link":"https:\/\/elpregonerodezamora.com\/index.php\/2024\/07\/03\/cuando-jotear-se-vuelve-negocio-politico\/","title":{"rendered":"CUANDO JOTEAR SE VUELVE NEGOCIO POL\u00cdTICO"},"content":{"rendered":"\n<p style=\"font-size:30px\"><strong>LA ECONOM\u00cdA Y USTED&#8230;<\/strong><\/p>\n\n\n\n<p><strong>Eliseo Castillo<\/strong><\/p>\n\n\n\n<p>                                                                       <strong>SER CAMINO<\/strong><\/p>\n\n\n\n<p class=\"has-text-align-right\"><strong><em>&#8220;Cada ma\u00f1ana, con el sol que se despierta, \/ salta la vida, se abrazan los brazos, \/ amor y buenos deseos se juntan, se desean, \/ cada ma\u00f1ana, la vida nos lo recuerda, \/ el aroma del primer caf\u00e9 lo presume, \/ en lo posible, tenemos un d\u00eda por conocer&#8221;&#8230;el\u00edseo<\/em><\/strong><\/p>\n\n\n\n<p><strong><em>Desde hace algunas d\u00e9cadas, la idea de la tolerancia a las personas llamadas vulnerables por pertenecer a grupos minoritarios se ha vuelto un mandato social y moral que ha llegado al plano legal.<\/em><\/strong><\/p>\n\n\n\n<p><strong><em>La idea de la tolerancia ha llegado a los niveles en que incluso en las empresas, cuando contratan personal, se cuidan para evitar ser denunciados de practicar una actitud que mucho les gusta a determinados funcionarios: discriminar por las diferencias de determinadas personas&#8230;; por ser morenitos, chaparritos, por que renquean, por su origen nativo, por que se ven medio &#8220;raritas&#8221; o &#8220;raritos&#8221;; todo lo que les daba pretexto para se\u00f1alar a los dem\u00e1s era motivo de comentarios.<\/em><\/strong><\/p>\n\n\n\n<p><strong><em>Las cosas cambiaron, ahora al contratar personas, hay que guardarse todos esos deseos de hacer burla de las caracter\u00edsticas de los &#8220;otros&#8221;. Si se descubre que a una persona se le niega un empleo o una atenci\u00f3n por sus caracter\u00edsticas, preferencias o condici\u00f3n f\u00edsica, regularmente se hace acreedor a una censura, incluso a una sanci\u00f3n legal.<\/em><\/strong><\/p>\n\n\n\n<p><strong><em>Hay casos en que, incluso, personas aspirantes a un empleo se declaran &#8220;no binarios&#8221;, con preferencias homosexuales o lesbianas, con tal de obtener el empleo; incluso el cine americano ha puesto este tema como algo que sucede frecuentemente en las empresas de los Estados Unidos.<\/em><\/strong><\/p>\n\n\n\n<p style=\"font-size:25px\"><strong>Por si faltaba, ya est\u00e1 presente en la pol\u00edtica&#8230;<\/strong><\/p>\n\n\n\n<p><strong><em>Ahora, dentro de las nuevas condiciones electorales del pa\u00eds, se decide que hay que aplicar la &#8220;pol\u00edtica de inclusi\u00f3n&#8221;, para apoyar a los grupos vulnerables; entre ellos, se identifican a personas con aspiraciones pol\u00edtica, y, cuyo origen representa a las poblaciones nativas del pa\u00eds; pero igual se les asigna espacios para las personas con alguna discapacidad notoria; desde luego se aparta lugar para entregarle alg\u00fan espacio en el congreso a alguien que desde el extranjero, de preferencia desde los Estados Unidos, sea nombrado &#8220;diputado migrante&#8221;.<\/em><\/strong><\/p>\n\n\n\n<p style=\"font-size:25px\"><strong>Por si faltara algo, ahora ya se define que hay que darles espacios a los grupos que se manifiesten con preferencias sexuales diferentes a las heterosexuales.<\/strong><\/p>\n\n\n\n<p><strong><em>Resulta que varios precandidatos y luego candidatos se manifiestan como personas que tiene preferencias homosexuales o l\u00e9sbicas, con tal de alcanzar una candidatura al congreso a la presidencia municipal (cierta presidenta de un municipio de la regi\u00f3n, ante su deseo de relegirse, en los \u00faltimos d\u00edas de su campa\u00f1a, decidi\u00f3 informar que tiene preferencias lesbianas&#8230;; para su desgracia no logr\u00f3 su objetivo; que luego anduvo&#8230;, anda reclamando a sus gobernados).<\/em><\/strong><\/p>\n\n\n\n<p style=\"font-size:25px\"><strong>Pero la verg\u00fcenza&#8230;<\/strong><\/p>\n\n\n\n<p><strong><em>Resulta que no pocas personas han decidido realizar un performance para decidir que para intentar obtener una candidatura al congreso o la presidencia de su municipio se declaran originarios de pueblos ind\u00edgenas con ra\u00edces plenas de esas familias, o en su caso, declaran que son homosexuales o lesbianas&#8230; \u00a1todo a cambio de una candidatura y probable puesto p\u00fablico!<\/em><\/strong><\/p>\n\n\n\n<p><strong><em>En esto no hay distinci\u00f3n ente los partidos pol\u00edticos; igual tenemos casos en Morena, en el PRI, o en otros partidos; en todos se han descubierto situaciones de personas, hombres y mujeres que se han hecho pasar por ind\u00edgenas, lesbianas u homosexuales con tal de conseguir su meta ambiciosa&#8230;, llegar al poder.<\/em><\/strong><\/p>\n\n\n\n<p><strong><em>En el caso de los declarados de origen ind\u00edgena, ha sucedido que los pueblos de los que declaran tener ra\u00edces, los han evidenciado, los han denunciado como meros impostores, les niegan ser parte de esa cultura y tradiciones; han llegado a la penosa realidad de la humillaci\u00f3n p\u00fablica&#8230; \u00a1y todo por la ambici\u00f3n sin medida!<\/em><\/strong><\/p>\n\n\n\n<p><strong><em>En el caso de los que se manifiestan como homosexuales o lesbianas, se tiene una situaci\u00f3n igualmente lamentable; algunos se est\u00e1n creando una nueva personalidad con tal de entrar al reparto de los puestos pol\u00edticos.<\/em><\/strong><\/p>\n\n\n\n<p><strong><em>Aqu\u00ed resulta m\u00e1s penoso el tema; mientras en el caso de los que se manifiestan ind\u00edgenas, todo se resuelve con que los pobladores se manifiesten en su contra; en el caso de los que dicen ser homosexuales o lesbianas&#8230; \u00bfC\u00f3mo se le hace para no exhibirlos sin llegar a situaciones peligrosas?<\/em><\/strong><\/p>\n\n\n\n<p><strong><em>Este es un caso muy penoso; en la nobleza europea, en no pocas ocasiones se lleg\u00f3 al extremo de verificar en sitio y ante los ojos de los acompa\u00f1antes nobles, que el apareamiento de una pareja, ya sean pr\u00edncipes o reyes se realice efectivamente. En los casos de los llamados &#8220;usos y costumbres&#8221; en algunas culturas espec\u00edficas en varias partes del mundo, en que los padres verifican que efectivamente el apareamiento de la pareja se realice.<\/em><\/strong><\/p>\n\n\n\n<p style=\"font-size:25px\"><strong>\u00bfC\u00f3mo se le va a hacer con los que se manifiestan lesbianas u homosexuales para alcanzar candidaturas&#8230;?<\/strong><\/p>\n\n\n\n<p style=\"font-size:25px\"><strong>La joteada se va a poner de moda en el plano pol\u00edtico; de por si&#8230;<\/strong><\/p>\n\n\n\n<p><strong>Bueno eso es otro tema&#8230;<\/strong><\/p>\n\n\n\n<p style=\"font-size:25px\"><strong>Le abrazo.<\/strong><\/p>\n","protected":false},"excerpt":{"rendered":"<p>LA ECONOM\u00cdA Y USTED&#8230; Eliseo Castillo SER CAMINO &#8220;Cada ma\u00f1ana, con el sol que se despierta, \/ salta la vida, se abrazan los brazos, \/ amor y buenos deseos se juntan, se desean, \/ cada ma\u00f1ana, la vida nos lo recuerda, \/ el aroma del primer caf\u00e9 lo presume, \/ en lo posible, tenemos un [&hellip;]<\/p>\n","protected":false},"author":2,"featured_media":9211,"comment_status":"open","ping_status":"open","sticky":false,"template":"","format":"standard","meta":{"footnotes":"","_rishi_post_view_count":615},"categories":[1],"tags":[],"class_list":["post-9210","post","type-post","status-publish","format-standard","has-post-thumbnail","hentry","category-opinion"],"comments_count":"0","_links":{"self":[{"href":"https:\/\/elpregonerodezamora.com\/index.php\/wp-json\/wp\/v2\/posts\/9210","targetHints":{"allow":["GET"]}}],"collection":[{"href":"https:\/\/elpregonerodezamora.com\/index.php\/wp-json\/wp\/v2\/posts"}],"about":[{"href":"https:\/\/elpregonerodezamora.com\/index.php\/wp-json\/wp\/v2\/types\/post"}],"author":[{"embeddable":true,"href":"https:\/\/elpregonerodezamora.com\/index.php\/wp-json\/wp\/v2\/users\/2"}],"replies":[{"embeddable":true,"href":"https:\/\/elpregonerodezamora.com\/index.php\/wp-json\/wp\/v2\/comments?post=9210"}],"version-history":[{"count":1,"href":"https:\/\/elpregonerodezamora.com\/index.php\/wp-json\/wp\/v2\/posts\/9210\/revisions"}],"predecessor-version":[{"id":9212,"href":"https:\/\/elpregonerodezamora.com\/index.php\/wp-json\/wp\/v2\/posts\/9210\/revisions\/9212"}],"wp:featuredmedia":[{"embeddable":true,"href":"https:\/\/elpregonerodezamora.com\/index.php\/wp-json\/wp\/v2\/media\/9211"}],"wp:attachment":[{"href":"https:\/\/elpregonerodezamora.com\/index.php\/wp-json\/wp\/v2\/media?parent=9210"}],"wp:term":[{"taxonomy":"category","embeddable":true,"href":"https:\/\/elpregonerodezamora.com\/index.php\/wp-json\/wp\/v2\/categories?post=9210"},{"taxonomy":"post_tag","embeddable":true,"href":"https:\/\/elpregonerodezamora.com\/index.php\/wp-json\/wp\/v2\/tags?post=9210"}],"curies":[{"name":"wp","href":"https:\/\/api.w.org\/{rel}","templated":true}]}}