{"id":9200,"date":"2024-07-01T22:59:33","date_gmt":"2024-07-01T22:59:33","guid":{"rendered":"https:\/\/elpregonerodezamora.com\/?p=9200"},"modified":"2024-07-01T22:59:34","modified_gmt":"2024-07-01T22:59:34","slug":"la-suprema-corte-de-justicia-en-la-mira","status":"publish","type":"post","link":"https:\/\/elpregonerodezamora.com\/index.php\/2024\/07\/01\/la-suprema-corte-de-justicia-en-la-mira\/","title":{"rendered":"LA SUPREMA CORTE DE JUSTICIA EN LA MIRA"},"content":{"rendered":"\n<p style=\"font-size:30px\"><strong>LA ECONOM\u00cdA Y USTED&#8230;<\/strong><\/p>\n\n\n\n<p><strong>Eliseo Castillo<\/strong><\/p>\n\n\n\n<p><\/p>\n\n\n\n<p>                                                        <strong>UNA MA\u00d1ANA<\/strong><\/p>\n\n\n\n<p class=\"has-text-align-right\"><strong><em>&#8220;No hagas cosas tontas que parezcan rid\u00edculas tratando de ocultar lo que quieres, normalmente se te va a notar. \/ &#8220;Las ideas se despiertan somnolientas, \/ las prisas esperan, los gritos, reclamos, \/ rutinas se repiten, se hacen promedio, \/ el d\u00eda es como ayer, como otro tanto, \/ el ma\u00f1ana repite situaciones aprendidas, \/ seguimos esperando lo nuevo; \/jam\u00e1s me lo dar\u00e1s, eres la de siempre, \/jam\u00e1s te lo dar\u00e9, soy lo que fui. \/ Una ma\u00f1ana que es hoy, nosotros seguimos&#8221;&#8230;el\u00edseo<\/em><\/strong><\/p>\n\n\n\n<p><strong><em>Cuando la ministra presidenta de la Suprema Corte de Justicia de la Naci\u00f3n, Norma Pi\u00f1a emiti\u00f3 el video en que informaba que asistir\u00eda a las mesas de an\u00e1lisis sobre la reforma al poder judicial, para defender los empleos de los trabajadores de la misma; de manera casi absurda se puso la capa de super hero\u00edna de las causas inexistentes; sin duda sab\u00eda perfectamente que los empleos y salarios de los trabajadores en general de la Suprema Corte no estaban a debate ni en riesgo; pero ante el alto nivel de ignorancia y desinformaci\u00f3n; la se\u00f1ora, que se ha empecinado en una guerra frontal con el ejecutivo, seguramente consider\u00f3 que de esta forma pondr\u00eda a los trabajadores promedio en contra del gobierno; aunque no tuviera raz\u00f3n en sus comentarios.<\/em><\/strong><\/p>\n\n\n\n<p style=\"font-size:23px\"><strong>La Suprema Corte de Justicia, bolsa de trabajo familiar, agencia de colocaci\u00f3n de cuates y compadres; orgullo nepotista de los c\u00ednicos de siempre.<\/strong><\/p>\n\n\n\n<p><strong><em>&#8220;En el Poder Judicial se han tomado muy en serio aquel apotegma del expresidente Jos\u00e9 L\u00f3pez Portillo, quien en ejercicio de su mandato presidencial no dej\u00f3 de presumir que su familia ten\u00eda prioridad y que ella pod\u00eda hacer y deshacer sin consecuencia alguna, y que el &#8220;orgullo de nepotismo&#8221; fue su hijo Jos\u00e9 Ram\u00f3n (sin olvidar las barbaridades de su hermana Margarita la &#8220;p\u00e9sima musa&#8221;; las de do\u00f1a Cuquita, do\u00f1a Carmen, con todo y piano; las hijas Paulina y Carmen Beatriz, y su primer c\u00edrculo, como Rosa Luz Alegr\u00eda o Sasha Montenegro)&#8221;.<\/em><\/strong><\/p>\n\n\n\n<p><strong>Fuente: Carlos Fern\u00e1ndez-Vega; peri\u00f3dico La Jornada; lunes 24 de junio, de 2024; pag. 24<\/strong><\/p>\n\n\n\n<p><strong><em>Esto que pereciera cosa del pasado, de la soberbia de los poderosos en turno de los a\u00f1os setenta del siglo pasado; casi cincuenta a\u00f1os despu\u00e9s, las cosas siguen siendo algo parecidas; el poder se sigue usando para abastecer las ambiciones de selectos grupos que se aferran al mismo; pero lejos de usarlo para servir a quien corresponde; es decir a quien lo otorga: el pueblo; lo usan para servirse a s\u00ed mismos, a sus familias, amigos, y amantes.<\/em><\/strong><\/p>\n\n\n\n<p><strong><em>Resulta que hoy nos vuelven a dar otra lecci\u00f3n de cinismo los de siempre; los que usando el poder pol\u00edtico siguen presumiendo poder disponer de los recursos sociales para servirse y servir a sus familiares, amigos y personas sentimentalmente cercanos. La manera en que lo hace es la misma que se aplicaba con los presidentes de hace a\u00f1os: nepotistas que colocaban a su familia en la n\u00f3mina; padres, hermanos, pareja, amigos, amantes; todos metidos en la lista de empleados y aviadores cobrando sin tener que trabajar necesariamente.<\/em><\/strong><\/p>\n\n\n\n<p style=\"font-size:25px\"><strong>\u00a1Ah&#8230;, las glorias del poder&#8230;!<\/strong><\/p>\n\n\n\n<p><strong><em>Quiz\u00e1 lo peor es que en los medios de informaci\u00f3n se les vea con no poca admiraci\u00f3n por hacer este tipo de acciones: tener a su familia, amigos y amantes bien &#8220;colocados&#8221; cobrando salarios del gasto p\u00fablico; incluso aunque no trabajen en ning\u00fan lugar; para eso est\u00e1n las plazas de aviadores&#8230;<\/em><\/strong><\/p>\n\n\n\n<p><strong><em>Para verg\u00fcenza del pa\u00eds, estas malas ma\u00f1as se siguen sosteniendo en eso que se ha llamado &#8220;clase media dorada&#8221;, que trabajan muchos, con las palancas de alg\u00fan pol\u00edtico; o que incluso llegan a cobrar sin presentarse a trabajar (mire que personalmente tengo algunos ejemplos locales).<\/em><\/strong><\/p>\n\n\n\n<p><strong><em>&#8220;La Jornada (Iv\u00e1n Evair Salda\u00f1a) informa que &#8220;puede haber 65 miembros de una misma familia trabajando en el PJF&#8230; Dieron empleo 455 jueces y magistrados a hijos, padres, esposas, t\u00edos y hasta suegras&#8230; La mitad de los juzgadores contrat\u00f3 a un pariente&#8221;, y todos aparecen en la n\u00f3mina, de por si abultada, del aparato que dice &#8220;impartir justicia&#8221;, claro est\u00e1, con los impuestos de los mexicanos.<\/em><\/strong><\/p>\n\n\n\n<p><strong>Fuente: Op.cit; \u00cdbidem<\/strong><\/p>\n\n\n\n<p><strong><em>Resulta que la supuesta justicia que se prioriza en la Suprema Corte de Justicia pasa fundamentalmente por el nepotismo, usando como bolsa de trabajo, o agencia de colocaci\u00f3n la misma, usando los impuestos de los mexicanos para resolver sus problemas familiares&#8230;<\/em><\/strong><\/p>\n\n\n\n<p style=\"font-size:25px\">\u00bfEsto es lo que defienden los actuales magistrados que se oponen a la reforma&#8230;?<\/p>\n\n\n\n<p><strong><em>Y luego se quejan de la bofetada que les dio el electorado el 2 de junio en las elecciones; como si no supieran que la gente est\u00e1 harta de tanto abuso y manoseo.<\/em><\/strong><\/p>\n\n\n\n<p><strong><em>El dolor de sentirse sin el cobijo de una buena justicia no tiene ideolog\u00eda, es dolor y desesperanza del que no tiene a quien recurrir ante la injusticia.<\/em><\/strong><\/p>\n\n\n\n<p><strong>No es ideolog\u00eda, son los datos que est\u00e1n ah\u00ed y ofenden.<\/strong><\/p>\n\n\n\n<p style=\"font-size:25px\"><strong>Hoy la mayor\u00eda de los jueces defienden su negocio de la justicia y el abuso del gasto p\u00fablico para colocar a sus familiares, amigos y amantes; los datos los condenan.<\/strong><\/p>\n\n\n\n<p><strong>Le abrazo&#8230;<\/strong><\/p>\n","protected":false},"excerpt":{"rendered":"<p>LA ECONOM\u00cdA Y USTED&#8230; Eliseo Castillo UNA MA\u00d1ANA &#8220;No hagas cosas tontas que parezcan rid\u00edculas tratando de ocultar lo que quieres, normalmente se te va a notar. \/ &#8220;Las ideas se despiertan somnolientas, \/ las prisas esperan, los gritos, reclamos, \/ rutinas se repiten, se hacen promedio, \/ el d\u00eda es como ayer, como otro [&hellip;]<\/p>\n","protected":false},"author":2,"featured_media":9201,"comment_status":"open","ping_status":"open","sticky":false,"template":"","format":"standard","meta":{"footnotes":"","_rishi_post_view_count":638},"categories":[1],"tags":[],"class_list":["post-9200","post","type-post","status-publish","format-standard","has-post-thumbnail","hentry","category-opinion"],"comments_count":"0","_links":{"self":[{"href":"https:\/\/elpregonerodezamora.com\/index.php\/wp-json\/wp\/v2\/posts\/9200","targetHints":{"allow":["GET"]}}],"collection":[{"href":"https:\/\/elpregonerodezamora.com\/index.php\/wp-json\/wp\/v2\/posts"}],"about":[{"href":"https:\/\/elpregonerodezamora.com\/index.php\/wp-json\/wp\/v2\/types\/post"}],"author":[{"embeddable":true,"href":"https:\/\/elpregonerodezamora.com\/index.php\/wp-json\/wp\/v2\/users\/2"}],"replies":[{"embeddable":true,"href":"https:\/\/elpregonerodezamora.com\/index.php\/wp-json\/wp\/v2\/comments?post=9200"}],"version-history":[{"count":1,"href":"https:\/\/elpregonerodezamora.com\/index.php\/wp-json\/wp\/v2\/posts\/9200\/revisions"}],"predecessor-version":[{"id":9202,"href":"https:\/\/elpregonerodezamora.com\/index.php\/wp-json\/wp\/v2\/posts\/9200\/revisions\/9202"}],"wp:featuredmedia":[{"embeddable":true,"href":"https:\/\/elpregonerodezamora.com\/index.php\/wp-json\/wp\/v2\/media\/9201"}],"wp:attachment":[{"href":"https:\/\/elpregonerodezamora.com\/index.php\/wp-json\/wp\/v2\/media?parent=9200"}],"wp:term":[{"taxonomy":"category","embeddable":true,"href":"https:\/\/elpregonerodezamora.com\/index.php\/wp-json\/wp\/v2\/categories?post=9200"},{"taxonomy":"post_tag","embeddable":true,"href":"https:\/\/elpregonerodezamora.com\/index.php\/wp-json\/wp\/v2\/tags?post=9200"}],"curies":[{"name":"wp","href":"https:\/\/api.w.org\/{rel}","templated":true}]}}