{"id":9178,"date":"2024-06-25T19:39:03","date_gmt":"2024-06-25T19:39:03","guid":{"rendered":"https:\/\/elpregonerodezamora.com\/?p=9178"},"modified":"2024-06-25T19:39:04","modified_gmt":"2024-06-25T19:39:04","slug":"julian-assange-y-la-negacion-a-la-libertad","status":"publish","type":"post","link":"https:\/\/elpregonerodezamora.com\/index.php\/2024\/06\/25\/julian-assange-y-la-negacion-a-la-libertad\/","title":{"rendered":"JULIAN ASSANGE Y LA NEGACI\u00d3N A LA LIBERTAD"},"content":{"rendered":"\n<p style=\"font-size:30px\"><strong>LAS PEQUE\u00d1AS COSAS&#8230;<\/strong><\/p>\n\n\n\n<p><strong>Eliseo Castillo<\/strong><\/p>\n\n\n\n<p><\/p>\n\n\n\n<p>                                                  <strong>SER\u00c1S PASI\u00d3N ETERNA<\/strong><\/p>\n\n\n\n<p class=\"has-text-align-right\"><strong><em>&#8220;Con las suaves palabras que te nombran, \/ se arrastran murmullos sin respuesta, \/ no se buscan, no se esperan, se viven, \/ amor de diario, pasi\u00f3n presente, \/ ser\u00e1s todo, menos olvido, \/ ser\u00e1s todo, menos desprecio; \/ amor de siempre, nunca repetido&#8221;&#8230;el\u00edseo<\/em><\/strong><\/p>\n\n\n\n<p><strong><em>Ayer, las cadenas internacionales de comunicaci\u00f3n se saturaron de datos en relaci\u00f3n a la buena nueva&#8230;; el periodista australiano Juli\u00e1n Assange por fin quedaba libre; luego de tantos a\u00f1os de mentiras e ignominias; luego de 14 a\u00f1os de persecuci\u00f3n se le dejaba en libertad; se le dejaba en paz.<\/em><\/strong><\/p>\n\n\n\n<p><strong><em>El monumento a la libertad que tanto presumen los gringos, luego de mancharla hasta la saciedad, dejaba de recibir actos de verg\u00fcenza ajena por parte del gobierno en turno de los Estados Unidos; la persecuci\u00f3n contra el periodista que se atrevi\u00f3 a denunciar ante el mundo las atrocidades de quienes presumen ser mejores que el resto del mundo.<\/em><\/strong><\/p>\n\n\n\n<p style=\"font-size:25px\"><strong>Pero resulta que no&#8230;, que no queda libre&#8230;, que el gobierno americano sigue siendo&#8230; (\u00a1?)<\/strong><\/p>\n\n\n\n<p><strong><em>Ahora, despu\u00e9s de unas horas de satisfacci\u00f3n, resulta que el gobierno de los Estados Unidos no ha dejado en paz a este personaje; que efectivamente se le ha dejado salir de la prisi\u00f3n, pero bajo la condici\u00f3n de que \u00a1se declara culpable de determinados delitos, de tal forma que, con los 14 a\u00f1os encerrado, pueda quedar en libertad&#8230;, pero estigmatizado con la observaci\u00f3n de haberse declarado culpable!<\/em><\/strong><\/p>\n\n\n\n<p style=\"font-size:25px\"><strong>Quedar\u00e1 en libertad, luego de que acepte ser culpable.<\/strong><\/p>\n\n\n\n<p><strong><em>As\u00ed se las gastan este tipo de gobiernos que se presumen dem\u00f3cratas; pero que son lo peor contra la libertad mundial; las pruebas les abofetean en la cara.<\/em><\/strong><\/p>\n\n\n\n<p><strong><em>Recordemos que quiz\u00e1 la peor prueba la vivimos en el gobierno de Obama; cuando supon\u00edamos que con este personaje este tipo de aberraciones dejar\u00edan de ser moneda de uso corriente y legal del gobierno americano&#8230;; 8 a\u00f1os de gobierno del mismo y nada a favor de Assange, sigui\u00f3 encerrado.<\/em><\/strong><\/p>\n\n\n\n<p><strong><em>Recordemos que su \u00fanico pecado fue hacer p\u00fablica la acci\u00f3n violenta del gobierno americano contra el mundo; adem\u00e1s, lejos de hacerlo como negocio, puso la informaci\u00f3n en las mesas de informaci\u00f3n de determinados medios de comunicaci\u00f3n masiva de prestigio internacional; entre los que se destaca el peri\u00f3dico mexicano La Jornada.<\/em><\/strong><\/p>\n\n\n\n<p style=\"font-size:25px\"><strong>Por algo ser\u00e1 que cuando hay problemas en el pa\u00eds, el primer peri\u00f3dico que se consulta regularmente es este;<\/strong><\/p>\n\n\n\n<p><strong><em>Al final, el gobierno de Estados Unidos se sale con su capricho&#8230;; nunca acept\u00f3 dejar en libertad a quien se atrevi\u00f3 a desnudar las atrocidades que hacen en el mundo en nombre de la libertad&#8230; &#8220;su libertad, a su manera&#8221;.<\/em><\/strong><\/p>\n\n\n\n<p><strong><em>En este momento el avi\u00f3n que traslada al periodista a su pa\u00eds (Australia) est\u00e1 en el aire; sin embargo, no ha quedado en libertad, se le ha dejado salir bajo el acuerdo de que no es libre, y que tendr\u00e1 que declarar en un juzgado americano (en una de tantas islas que administra este gobierno), donde se va a declarar culpable de conspiraci\u00f3n; luego se le dejar\u00e1 en libertad&#8230;; as\u00ed se las gastan loa americanos.<\/em><\/strong><\/p>\n\n\n\n<p><strong><em>Sin embargo, de lo perdido lo que quede; al final la presi\u00f3n internacional y las campa\u00f1as electorales han hecho su labor; habr\u00eda que valorar este aspecto y celebrarlo en lo posible.<\/em><\/strong><\/p>\n\n\n\n<p><strong><em>El gobierno americano ha dejado en claro que atropella a todo el que lo cuestione; por m\u00e1s argumentos que tenga en sus palabras; no es buena noticia para la libertad de expresi\u00f3n; pero hay que decirlo, es lo que hay.<\/em><\/strong><\/p>\n\n\n\n<p style=\"font-size:25px\"><strong>Es lo que hay amable lectora (or); la libertad siempre en riesgo.<\/strong><\/p>\n\n\n\n<p><strong><em>Podemos ser admiradores o detractores de este gobierno hist\u00f3ricamente intervencionista; pero las pruebas lo se\u00f1alan como lo que Juli\u00e1n Assange denunci\u00f3 en los documentos que obtuvo de los archivos americanos, y que puso a disposici\u00f3n de la humanidad por medio de unos cuantos grandes peri\u00f3dicos internacionales.<\/em><\/strong><\/p>\n\n\n\n<p style=\"font-size:25px\"><strong>As\u00ed es la realidad.<\/strong><\/p>\n\n\n\n<p><strong><em>Pro celebremos lo bueno&#8230;; este personaje tan perseguido est\u00e1 en un avi\u00f3n (se debe el vuelo aun por cierto y se pide cooperaci\u00f3n para pagarlo) rumbo a casa en este momento.<\/em><\/strong><\/p>\n\n\n\n<p style=\"font-size:25px\"><strong>Esto es lo que vale hoy.<\/strong><\/p>\n\n\n\n<p style=\"font-size:25px\"><strong>Le abrazo.<\/strong>..<\/p>\n\n\n\n<p><a href=\"https:\/\/www.facebook.com\/photo\/?fbid=765872662381235&amp;set=a.370963018538870&amp;__cft__[0]=AZXxsJgcxnaYHjuJl9D6Jt7vMFT2TJQncpaTQbZkA9wisOTHCWbJ6d7b-ijo_dGdK_2VEIBAKs73qYLTR2SOfqULjqILYmI-R1Dt9nPMzgoZj4rEQNhO_EcxHEsFY3HEkrKkz-8oHeV4Cj1zpdP2R8-qSkzLKLYG7G5Jw0TpBWXQqXJ906ujAHydg7FmIf4kBIPtu7pCxiNtqiHDQfDGSV3E&amp;__tn__=EH-R\"><\/a><\/p>\n\n\n\n<p><\/p>\n","protected":false},"excerpt":{"rendered":"<p>LAS PEQUE\u00d1AS COSAS&#8230; Eliseo Castillo SER\u00c1S PASI\u00d3N ETERNA &#8220;Con las suaves palabras que te nombran, \/ se arrastran murmullos sin respuesta, \/ no se buscan, no se esperan, se viven, \/ amor de diario, pasi\u00f3n presente, \/ ser\u00e1s todo, menos olvido, \/ ser\u00e1s todo, menos desprecio; \/ amor de siempre, nunca repetido&#8221;&#8230;el\u00edseo Ayer, las cadenas [&hellip;]<\/p>\n","protected":false},"author":2,"featured_media":9179,"comment_status":"open","ping_status":"open","sticky":false,"template":"","format":"standard","meta":{"footnotes":"","_rishi_post_view_count":700},"categories":[1],"tags":[],"class_list":["post-9178","post","type-post","status-publish","format-standard","has-post-thumbnail","hentry","category-opinion"],"comments_count":"0","_links":{"self":[{"href":"https:\/\/elpregonerodezamora.com\/index.php\/wp-json\/wp\/v2\/posts\/9178","targetHints":{"allow":["GET"]}}],"collection":[{"href":"https:\/\/elpregonerodezamora.com\/index.php\/wp-json\/wp\/v2\/posts"}],"about":[{"href":"https:\/\/elpregonerodezamora.com\/index.php\/wp-json\/wp\/v2\/types\/post"}],"author":[{"embeddable":true,"href":"https:\/\/elpregonerodezamora.com\/index.php\/wp-json\/wp\/v2\/users\/2"}],"replies":[{"embeddable":true,"href":"https:\/\/elpregonerodezamora.com\/index.php\/wp-json\/wp\/v2\/comments?post=9178"}],"version-history":[{"count":1,"href":"https:\/\/elpregonerodezamora.com\/index.php\/wp-json\/wp\/v2\/posts\/9178\/revisions"}],"predecessor-version":[{"id":9180,"href":"https:\/\/elpregonerodezamora.com\/index.php\/wp-json\/wp\/v2\/posts\/9178\/revisions\/9180"}],"wp:featuredmedia":[{"embeddable":true,"href":"https:\/\/elpregonerodezamora.com\/index.php\/wp-json\/wp\/v2\/media\/9179"}],"wp:attachment":[{"href":"https:\/\/elpregonerodezamora.com\/index.php\/wp-json\/wp\/v2\/media?parent=9178"}],"wp:term":[{"taxonomy":"category","embeddable":true,"href":"https:\/\/elpregonerodezamora.com\/index.php\/wp-json\/wp\/v2\/categories?post=9178"},{"taxonomy":"post_tag","embeddable":true,"href":"https:\/\/elpregonerodezamora.com\/index.php\/wp-json\/wp\/v2\/tags?post=9178"}],"curies":[{"name":"wp","href":"https:\/\/api.w.org\/{rel}","templated":true}]}}