{"id":9161,"date":"2024-06-19T22:31:55","date_gmt":"2024-06-19T22:31:55","guid":{"rendered":"https:\/\/elpregonerodezamora.com\/?p=9161"},"modified":"2024-06-19T22:33:12","modified_gmt":"2024-06-19T22:33:12","slug":"isidoro-presente-en-la-inauguracion-del-cuartel-regional-de-la-guardia-civil","status":"publish","type":"post","link":"https:\/\/elpregonerodezamora.com\/index.php\/2024\/06\/19\/isidoro-presente-en-la-inauguracion-del-cuartel-regional-de-la-guardia-civil\/","title":{"rendered":"Isidoro presente en la inauguraci\u00f3n del Cuartel Regional de la Guardia Civil"},"content":{"rendered":"\n<p><strong>Redacci\u00f3n \/ El Pregonero TV<\/strong><\/p>\n\n\n\n<p><strong><em>Jacona, Mich; a 19 de junio de 2024.- El Alcalde Isidoro Mosqueda Estrada acompa\u00f1\u00f3 al Gobernador de Michoac\u00e1n, Mtro. Alfredo Ram\u00edrez Bedolla, a la ceremonia de inauguraci\u00f3n del Cuartel Regional de la Guardia Civil, reforzando el compromiso por una mayor seguridad para la ciudadan\u00eda en la zona.<\/em><\/strong><\/p>\n\n\n\n<p><strong><em>En dicho acto se cont\u00f3 con la presencia, entre otras personalidades y autoridades, del Secretario de Seguridad P\u00fablica Jos\u00e9 Alfredo Ortega Reyes, as\u00ed como el Fiscal de Michoac\u00e1n Adri\u00e1n L\u00f3pez Sol\u00eds y mandos polic\u00edacos de la Guardia Civil, en la regi\u00f3n y en la entidad.<\/em><\/strong><\/p>\n","protected":false},"excerpt":{"rendered":"<p>Redacci\u00f3n \/ El Pregonero TV Jacona, Mich; a 19 de junio de 2024.- El Alcalde Isidoro Mosqueda Estrada acompa\u00f1\u00f3 al Gobernador de Michoac\u00e1n, Mtro. Alfredo Ram\u00edrez Bedolla, a la ceremonia de inauguraci\u00f3n del Cuartel Regional de la Guardia Civil, reforzando el compromiso por una mayor seguridad para la ciudadan\u00eda en la zona. En dicho acto [&hellip;]<\/p>\n","protected":false},"author":2,"featured_media":9162,"comment_status":"open","ping_status":"open","sticky":false,"template":"","format":"standard","meta":{"footnotes":"","_rishi_post_view_count":613},"categories":[12],"tags":[],"class_list":["post-9161","post","type-post","status-publish","format-standard","has-post-thumbnail","hentry","category-jacona"],"comments_count":"0","_links":{"self":[{"href":"https:\/\/elpregonerodezamora.com\/index.php\/wp-json\/wp\/v2\/posts\/9161","targetHints":{"allow":["GET"]}}],"collection":[{"href":"https:\/\/elpregonerodezamora.com\/index.php\/wp-json\/wp\/v2\/posts"}],"about":[{"href":"https:\/\/elpregonerodezamora.com\/index.php\/wp-json\/wp\/v2\/types\/post"}],"author":[{"embeddable":true,"href":"https:\/\/elpregonerodezamora.com\/index.php\/wp-json\/wp\/v2\/users\/2"}],"replies":[{"embeddable":true,"href":"https:\/\/elpregonerodezamora.com\/index.php\/wp-json\/wp\/v2\/comments?post=9161"}],"version-history":[{"count":1,"href":"https:\/\/elpregonerodezamora.com\/index.php\/wp-json\/wp\/v2\/posts\/9161\/revisions"}],"predecessor-version":[{"id":9163,"href":"https:\/\/elpregonerodezamora.com\/index.php\/wp-json\/wp\/v2\/posts\/9161\/revisions\/9163"}],"wp:featuredmedia":[{"embeddable":true,"href":"https:\/\/elpregonerodezamora.com\/index.php\/wp-json\/wp\/v2\/media\/9162"}],"wp:attachment":[{"href":"https:\/\/elpregonerodezamora.com\/index.php\/wp-json\/wp\/v2\/media?parent=9161"}],"wp:term":[{"taxonomy":"category","embeddable":true,"href":"https:\/\/elpregonerodezamora.com\/index.php\/wp-json\/wp\/v2\/categories?post=9161"},{"taxonomy":"post_tag","embeddable":true,"href":"https:\/\/elpregonerodezamora.com\/index.php\/wp-json\/wp\/v2\/tags?post=9161"}],"curies":[{"name":"wp","href":"https:\/\/api.w.org\/{rel}","templated":true}]}}