{"id":9145,"date":"2024-06-10T22:20:43","date_gmt":"2024-06-10T22:20:43","guid":{"rendered":"https:\/\/elpregonerodezamora.com\/?p=9145"},"modified":"2024-06-10T22:20:43","modified_gmt":"2024-06-10T22:20:43","slug":"nuevamente-cuanto-vale-una-vida","status":"publish","type":"post","link":"https:\/\/elpregonerodezamora.com\/index.php\/2024\/06\/10\/nuevamente-cuanto-vale-una-vida\/","title":{"rendered":"NUEVAMENTE\u2026 \u00bfCU\u00c1NTO VALE UNA VIDA\u2026?"},"content":{"rendered":"\n<p style=\"font-size:30px\"><strong>LAS PEQUE\u00d1AS COSAS&#8230;<\/strong><\/p>\n\n\n\n<p><strong>Eliseo Castillo<\/strong><\/p>\n\n\n\n<p>\u00a0 \u00a0 \u00a0 \u00a0 \u00a0 \u00a0 \u00a0 \u00a0 \u00a0 \u00a0 \u00a0 \u00a0 \u00a0 \u00a0 \u00a0 \u00a0 \u00a0 \u00a0 \u00a0 \u00a0 \u00a0 \u00a0 \u00a0<\/p>\n\n\n\n<p>\u00a0 \u00a0 \u00a0 \u00a0 \u00a0 \u00a0 \u00a0 \u00a0 \u00a0 \u00a0 \u00a0 \u00a0 \u00a0 \u00a0 \u00a0 \u00a0 \u00a0 \u00a0 \u00a0 \u00a0 \u00a0 \u00a0 \u00a0 \u00a0 \u00a0 \u00a0 \u00a0 \u00a0 \u00a0 \u00a0 <strong>UN BESO SIN RETORNO<\/strong><\/p>\n\n\n\n<p>\u00a0 \u00a0 \u00a0 \u00a0 \u00a0 \u00a0 \u00a0 \u00a0 \u00a0 \u00a0 \u00a0 \u00a0 \u00a0 \u00a0 \u00a0 \u00a0 \u00a0 \u00a0 \u00a0 \u00a0 \u00a0 \u00a0 <strong><em>\u00a0 \u00a0 \u00a0&#8220;Mientras la vida se va haciendo a\u00f1eja,<\/em><\/strong><\/p>\n\n\n\n<p>\u00a0 \u00a0 \u00a0 \u00a0 \u00a0 \u00a0 \u00a0 \u00a0 \u00a0 \u00a0 \u00a0 \u00a0 \u00a0 \u00a0 \u00a0 \u00a0 \u00a0 \u00a0 \u00a0 \u00a0 \u00a0 \u00a0 \u00a0 \u00a0 \u00a0<strong><em>ansias de amar se asoman, se rebelan,<\/em><\/strong><\/p>\n\n\n\n<p>\u00a0 \u00a0 \u00a0 \u00a0 \u00a0 \u00a0 \u00a0 \u00a0 \u00a0 \u00a0 \u00a0 \u00a0 \u00a0 \u00a0 \u00a0 \u00a0 \u00a0 \u00a0 \u00a0 \u00a0 \u00a0 \u00a0 <strong><em>\u00a0 \u00a0 \u00a0ansias de vivir, de saber que existes,<\/em><\/strong><\/p>\n\n\n\n<p>\u00a0 \u00a0 \u00a0 \u00a0 \u00a0 \u00a0 \u00a0 \u00a0 \u00a0 \u00a0 \u00a0 \u00a0 \u00a0 \u00a0 \u00a0 \u00a0 \u00a0 \u00a0 \u00a0 \u00a0 \u00a0 \u00a0 \u00a0 \u00a0 \u00a0<strong><em>como aquel beso que alguna vez me diste,<\/em><\/strong><\/p>\n\n\n\n<p>\u00a0 \u00a0 \u00a0 \u00a0 \u00a0 \u00a0 \u00a0 \u00a0 \u00a0 \u00a0 \u00a0 \u00a0 \u00a0 \u00a0 \u00a0 \u00a0 \u00a0 \u00a0 \u00a0 \u00a0 \u00a0 \u00a0 \u00a0 \u00a0 \u00a0<strong><em>huella imborrable, marca del amor,<\/em><\/strong><\/p>\n\n\n\n<p>\u00a0 \u00a0 \u00a0 \u00a0 \u00a0 \u00a0 \u00a0 \u00a0 \u00a0 \u00a0 \u00a0 \u00a0 \u00a0 \u00a0 \u00a0 \u00a0 \u00a0 \u00a0 \u00a0 <strong><em>\u00a0 \u00a0 \u00a0 \u00a0 \u00a0 \u00a0labios que abrieron casi el para\u00edso,<\/em><\/strong><\/p>\n\n\n\n<p>\u00a0 \u00a0 \u00a0 \u00a0 \u00a0 \u00a0 \u00a0 \u00a0 \u00a0 \u00a0 \u00a0 \u00a0 \u00a0 \u00a0 \u00a0 \u00a0 \u00a0 \u00a0 \u00a0 <strong><em>\u00a0 \u00a0 \u00a0 \u00a0 \u00a0 \u00a0a salir hoy de \u00e9l me resisto.<\/em><\/strong><\/p>\n\n\n\n<p>\u00a0 \u00a0 \u00a0 \u00a0 \u00a0 \u00a0 \u00a0 \u00a0 \u00a0 \u00a0 \u00a0 \u00a0 \u00a0 \u00a0 \u00a0 \u00a0 \u00a0 \u00a0<strong><em> \u00a0 \u00a0 \u00a0 \u00a0 \u00a0 \u00a0 \u00a0Tus labios, amor y vida&#8230;, amor&#8221;&#8230;<\/em><\/strong><\/p>\n\n\n\n<p>\u00a0 \u00a0 \u00a0 \u00a0 \u00a0 \u00a0 \u00a0 \u00a0 \u00a0 \u00a0 \u00a0 \u00a0 \u00a0 \u00a0 \u00a0 \u00a0 \u00a0 \u00a0 \u00a0 \u00a0 \u00a0 \u00a0 \u00a0 \u00a0 \u00a0 \u00a0 \u00a0<strong> \u00a0 \u00a0 \u00a0 \u00a0 \u00a0 \u00a0 \u00a0 \u00a0 \u00a0 el\u00edseo<\/strong><\/p>\n\n\n\n<p><strong><em>Este fin de semana se ocupan espacios en la prensa internacional magnificando el rescate de 4 rehenes que el grupo palestino Hamas ten\u00eda bajo su control, como parte de su enfrentamiento con el gobierno expansionista de Israel.<\/em><\/strong><\/p>\n\n\n\n<p><strong><em>El hecho en si mismo es alentador para estas cuatro personas y sus familias; nada negativo se le puede agregar a tal suceso; por el contrario, la salvaci\u00f3n de una vida; seg\u00fan las normas de altruismo y el llamado &#8220;humanismo&#8221;, siempre es una buena noticia.<\/em><\/strong><\/p>\n\n\n\n<p><strong>Peeeeero&#8230;<\/strong><\/p>\n\n\n\n<p><strong><em>Aqu\u00ed se inician los problemas; anexo al hecho mismo de la gesta salvadora, en el diario La Jornada de ayer domingo 9 de junio\u00a0 (2024) se agrega que en este rescate se realiz\u00f3 causando m\u00e1s de 200 muertes&#8230;<\/em><\/strong><\/p>\n\n\n\n<p><strong><em>&#8220;Al menos 210 palestinos fueron asesinados ayer y cientos resultaron heridos en Gaza, durante un operativo del ej\u00e9rcito de Israel en el cu\u00e1l rescat\u00f3 a cuatro rehenes. El ataque se desarroll\u00f3 en diferentes partes del enclave, principalmente sobre el campamento de refugiados de Nuseirat, en el asalto tambi\u00e9n muri\u00f3 un agente de la polic\u00eda de Israel. Hamas afirm\u00f3 que las fuerzas de Tel Aviv mataron a varios de los rehenes durante el asalto&#8221;.<\/em><\/strong><\/p>\n\n\n\n<p><em><strong>Fuente: AFP, EUROPA PRESS Y REUTERS (GAZA); Peri\u00f3dico La Jornada, domingo 9 de junio, 2024; pag. 16<\/strong><\/em><\/p>\n\n\n\n<p><strong><em>Este acto de por si complicado, en occidente es celebrado como una gran victoria del bien contra el mal; pero siempre queda el aliento y aroma a mendacidad, a ego\u00edsmo, a ideas de supremacismo frente a Oriente Medio y sus problemas; que, en no pocas ocasiones han sido generados desde el propio occidente; sobre todo por los intereses de los Estados Unidos.<\/em><\/strong><\/p>\n\n\n\n<p><em><strong>&#8220;El presidente estadounidense , Joe Biden, celebr\u00f3 ayer el rescate de los cuatro rehenes secuestrados por Hamas durante\u00a0 una mortal operaci\u00f3n en Gaza, al tiempo que asegur\u00f3 que Estados Unidos va a trabajar hasta que &#8220;todos&#8221; los cautivos israel\u00edes &#8220;regresen a casa&#8221;&#8230;&#8221;<\/strong><\/em><\/p>\n\n\n\n<p><em><strong>Fuente: EUROPA PRESS Y AFP, Paris; Peri\u00f3dico La Jornada, domingo, 9 de junio de 2024, pag. 16<\/strong><\/em><\/p>\n\n\n\n<p style=\"font-size:25px\"><strong>Viene a cuento nuevamente la pregunta simple pero ruda&#8230;<\/strong><\/p>\n\n\n\n<p><em><strong>\u00bfCu\u00e1nto vale una vida&#8230;?<\/strong><\/em><\/p>\n\n\n\n<p><em><strong>\u00bflas vidas de los occidentales valen m\u00e1s que las de los orientales&#8230;?<\/strong><\/em><\/p>\n\n\n\n<p><strong><em>La vida de los &#8220;otros&#8221;, los que no son como nosotros, \u00bfvale menos&#8230;?<\/em><\/strong><\/p>\n\n\n\n<p><strong><em>Hoy, la prensa francesa anuncia que la cantidad de muertes en relaci\u00f3n al rescate tan publicitado se ha incrementado; se habla de unos 240 muertos y m\u00e1s de 400 heridos. Pero desde luego lo que se destaca por encima de todo es el gran rescate; al que desde luego; s\u00f3lo eso faltar\u00eda, el primer ministro israel\u00ed, Benjam\u00edn Netanyahu sale en las portadas de la prensa dando la bien venida a los rehenes&#8230;; de esta forma queda manifiesto el sentido de la vida y la muerte.<\/em><\/strong><\/p>\n\n\n\n<p style=\"font-size:25px\"><strong>\u00bfCu\u00e1nto vale una vida&#8230;?<\/strong><\/p>\n\n\n\n<p><strong><em>Depende de que lado se encuentre cada quien; hoy cuatro familias festeja el regreso de sus hijos; mientras m\u00e1s de 200 familias lloran la muerte de sus parientes causados por este evento.<\/em><\/strong><\/p>\n\n\n\n<p style=\"font-size:25px\"><strong>\u00bfEntonces&#8230;?<\/strong><\/p>\n\n\n\n<p><strong><em>Lo que sucede es que seguimos sufriendo el clasismo y la discriminaci\u00f3n a nivel mundial; siempre la idea de que los blancos valen m\u00e1s que los negros , morenos y asi\u00e1ticos se sigue manifestando. En este caso, se recalca que Occidente vale m\u00e1s que Oriente. Que Europa Occidental, Estados Unidos y Canad\u00e1, valen m\u00e1s que el mundo asi\u00e1tico y africano.<\/em><\/strong><\/p>\n\n\n\n<p><strong><em>Esta es una de las tragedias de la humanidad; por m\u00e1s que intentemos decir que ante los ojos de mundo todos somos iguales. Que se ponga en las constituciones de algunos pa\u00edses que ante las leyes todas las personas nacen siendo iguales.<\/em><\/strong><\/p>\n\n\n\n<p style=\"font-size:25px\"><strong>\u00a1Ay, virgen del Chorrito y santos que le acompa\u00f1an&#8230;!<\/strong><\/p>\n\n\n\n<p><strong><em>Una persona es una persona; pero cuando se celebra en Occidente la liberaci\u00f3n de cuatro, mencionando a m\u00e1s de 200 muertes y m\u00e1s de 400 heridos, se minimizan ante tal proeza&#8230;<\/em><\/strong><\/p>\n\n\n\n<p><strong><em>Ahora si que, no es muy relevante que mueran todos los que tengan que morir, si una persona queda liberada.<\/em><\/strong><\/p>\n\n\n\n<p><strong>Sin duda es muy bueno saber que cuatro familias de &#8220;este lado&#8221; festejen la liberaci\u00f3n de sus parientes; pero&#8230;<\/strong><\/p>\n\n\n\n<p><strong><em>Las campanas no est\u00e1n sonando por ellos, lo hacen por los que mueren a cambio&#8230;, y por lo que seguir\u00e1n muriendo en las &#8220;haza\u00f1as heroicas&#8221;, que dir\u00e1n lo grande que es el ser humano de Occidente ante el mundo; pero sobre todo en relaci\u00f3n al Oriente.<\/em><\/strong><\/p>\n\n\n\n<p style=\"font-size:25px\"><strong>Esto no va a parar hoy o ma\u00f1ana&#8230; \u00a1nunca!<\/strong><\/p>\n\n\n\n<p><strong>Negocios son negocios; la guerra es uno de los mejores sin duda; nunca se va a detener.<\/strong><\/p>\n\n\n\n<p style=\"font-size:25px\"><strong>\u00bfY usted cu\u00e1nto vale&#8230;?<\/strong><\/p>\n","protected":false},"excerpt":{"rendered":"<p>LAS PEQUE\u00d1AS COSAS&#8230; Eliseo Castillo \u00a0 \u00a0 \u00a0 \u00a0 \u00a0 \u00a0 \u00a0 \u00a0 \u00a0 \u00a0 \u00a0 \u00a0 \u00a0 \u00a0 \u00a0 \u00a0 \u00a0 \u00a0 \u00a0 \u00a0 \u00a0 \u00a0 \u00a0 \u00a0 \u00a0 \u00a0 \u00a0 \u00a0 \u00a0 \u00a0 \u00a0 \u00a0 \u00a0 \u00a0 \u00a0 \u00a0 \u00a0 \u00a0 \u00a0 \u00a0 \u00a0 \u00a0 \u00a0 \u00a0 \u00a0 \u00a0 \u00a0 \u00a0 \u00a0 \u00a0 [&hellip;]<\/p>\n","protected":false},"author":2,"featured_media":9146,"comment_status":"open","ping_status":"open","sticky":false,"template":"","format":"standard","meta":{"footnotes":"","_rishi_post_view_count":623},"categories":[1],"tags":[],"class_list":["post-9145","post","type-post","status-publish","format-standard","has-post-thumbnail","hentry","category-opinion"],"comments_count":"0","_links":{"self":[{"href":"https:\/\/elpregonerodezamora.com\/index.php\/wp-json\/wp\/v2\/posts\/9145","targetHints":{"allow":["GET"]}}],"collection":[{"href":"https:\/\/elpregonerodezamora.com\/index.php\/wp-json\/wp\/v2\/posts"}],"about":[{"href":"https:\/\/elpregonerodezamora.com\/index.php\/wp-json\/wp\/v2\/types\/post"}],"author":[{"embeddable":true,"href":"https:\/\/elpregonerodezamora.com\/index.php\/wp-json\/wp\/v2\/users\/2"}],"replies":[{"embeddable":true,"href":"https:\/\/elpregonerodezamora.com\/index.php\/wp-json\/wp\/v2\/comments?post=9145"}],"version-history":[{"count":1,"href":"https:\/\/elpregonerodezamora.com\/index.php\/wp-json\/wp\/v2\/posts\/9145\/revisions"}],"predecessor-version":[{"id":9147,"href":"https:\/\/elpregonerodezamora.com\/index.php\/wp-json\/wp\/v2\/posts\/9145\/revisions\/9147"}],"wp:featuredmedia":[{"embeddable":true,"href":"https:\/\/elpregonerodezamora.com\/index.php\/wp-json\/wp\/v2\/media\/9146"}],"wp:attachment":[{"href":"https:\/\/elpregonerodezamora.com\/index.php\/wp-json\/wp\/v2\/media?parent=9145"}],"wp:term":[{"taxonomy":"category","embeddable":true,"href":"https:\/\/elpregonerodezamora.com\/index.php\/wp-json\/wp\/v2\/categories?post=9145"},{"taxonomy":"post_tag","embeddable":true,"href":"https:\/\/elpregonerodezamora.com\/index.php\/wp-json\/wp\/v2\/tags?post=9145"}],"curies":[{"name":"wp","href":"https:\/\/api.w.org\/{rel}","templated":true}]}}