{"id":9142,"date":"2024-06-10T16:54:11","date_gmt":"2024-06-10T16:54:11","guid":{"rendered":"https:\/\/elpregonerodezamora.com\/?p=9142"},"modified":"2024-06-10T16:54:12","modified_gmt":"2024-06-10T16:54:12","slug":"y-despues-del-rencor-que-sigue","status":"publish","type":"post","link":"https:\/\/elpregonerodezamora.com\/index.php\/2024\/06\/10\/y-despues-del-rencor-que-sigue\/","title":{"rendered":"Y DESPU\u00c9S DEL RENCOR\u2026 \u00bfQU\u00c9 SIGUE?"},"content":{"rendered":"\n<p style=\"font-size:30px\"><strong>LA ECONOM\u00cdA Y USTED&#8230;<\/strong><\/p>\n\n\n\n<p><strong>Eliseo Castillo<\/strong><\/p>\n\n\n\n<p>\u00a0 \u00a0 \u00a0 \u00a0 \u00a0 \u00a0 \u00a0 \u00a0 \u00a0 \u00a0 \u00a0 \u00a0 \u00a0 \u00a0 \u00a0 \u00a0 \u00a0 \u00a0 \u00a0 \u00a0 \u00a0 \u00a0 \u00a0 \u00a0<\/p>\n\n\n\n<p>\u00a0 \u00a0 \u00a0 \u00a0 \u00a0 \u00a0 \u00a0 \u00a0 \u00a0 \u00a0 \u00a0 \u00a0 \u00a0 \u00a0 \u00a0 \u00a0 \u00a0 \u00a0 \u00a0 \u00a0 \u00a0 \u00a0 \u00a0 \u00a0 \u00a0 \u00a0 \u00a0 <strong>\u00a0 \u00a0 \u00a0 \u00a0 \u00a0 \u00a0 \u00a0 \u00a0 \u00a0OLOR\u00a0 AMANTE<\/strong><\/p>\n\n\n\n<p>\u00a0 \u00a0 \u00a0 \u00a0 \u00a0 \u00a0 \u00a0 \u00a0 \u00a0 \u00a0 \u00a0 \u00a0 \u00a0 \u00a0 \u00a0 \u00a0 \u00a0 \u00a0 \u00a0 <strong><em>\u00a0 \u00a0 \u00a0 \u00a0 \u00a0 \u00a0 \u00a0 \u00a0 \u00a0 \u00a0&#8220;Con el despuntar de las palaras,<\/em><\/strong><\/p>\n\n\n\n<p>\u00a0 \u00a0 \u00a0 \u00a0 \u00a0 \u00a0 \u00a0 \u00a0 \u00a0 \u00a0 \u00a0 \u00a0 \u00a0 \u00a0 \u00a0 \u00a0 \u00a0 \u00a0 \u00a0<strong><em> \u00a0 \u00a0 \u00a0 \u00a0 \u00a0 \u00a0 \u00a0 \u00a0 \u00a0 uno a uno se desgranan los deseos;\u00a0<\/em><\/strong><\/p>\n\n\n\n<p>\u00a0 \u00a0 \u00a0 \u00a0 \u00a0 \u00a0 \u00a0 \u00a0 \u00a0 \u00a0 \u00a0 \u00a0 \u00a0 \u00a0 \u00a0 \u00a0 \u00a0 \u00a0 \u00a0 \u00a0 \u00a0 \u00a0 \u00a0 \u00a0 \u00a0 \u00a0 \u00a0<strong><em> \u00a0 uno a uno, despacio se prodigan,<\/em><\/strong><\/p>\n\n\n\n<p>\u00a0 \u00a0 \u00a0 \u00a0 \u00a0 \u00a0 \u00a0 \u00a0 \u00a0 \u00a0 \u00a0 \u00a0 \u00a0 \u00a0 \u00a0 \u00a0 \u00a0 \u00a0 \u00a0 \u00a0 \u00a0 \u00a0 \u00a0 \u00a0 \u00a0 \u00a0 \u00a0<strong><em> \u00a0 uno a uno, van pasando ante mis ojos;<\/em><\/strong><\/p>\n\n\n\n<p>\u00a0 \u00a0 \u00a0 \u00a0 \u00a0 \u00a0 \u00a0 \u00a0 \u00a0 \u00a0 \u00a0 \u00a0 \u00a0 \u00a0 \u00a0 \u00a0 \u00a0 \u00a0 \u00a0 \u00a0 \u00a0 \u00a0 \u00a0 \u00a0 \u00a0 \u00a0 \u00a0 <strong><em>\u00a0 olores de ti robados apenas llegabas,<\/em><\/strong><\/p>\n\n\n\n<p>\u00a0 \u00a0 \u00a0 \u00a0 \u00a0 \u00a0 \u00a0 \u00a0 \u00a0 \u00a0 \u00a0 \u00a0 \u00a0 \u00a0 \u00a0 \u00a0 \u00a0 \u00a0 \u00a0 \u00a0 \u00a0 \u00a0 \u00a0<strong><em> \u00a0 \u00a0 \u00a0 \u00a0 \u00a0 sabores de ti probados, apenas te desnudabas;<\/em><\/strong><\/p>\n\n\n\n<p>\u00a0 \u00a0 \u00a0 \u00a0 \u00a0 \u00a0 \u00a0 \u00a0 \u00a0 \u00a0 \u00a0 \u00a0 \u00a0 \u00a0 \u00a0 \u00a0 \u00a0 \u00a0 \u00a0 \u00a0 \u00a0 \u00a0 \u00a0 \u00a0 <strong><em>\u00a0 \u00a0 \u00a0 \u00a0 ayer, hoy, fuiste y eres, la fiesta de mis sentidos&#8221;&#8230;<\/em><\/strong><\/p>\n\n\n\n<p>\u00a0 \u00a0 \u00a0 \u00a0 \u00a0 \u00a0 \u00a0 \u00a0 \u00a0 \u00a0 \u00a0 \u00a0 \u00a0 \u00a0 \u00a0 \u00a0 \u00a0 \u00a0 \u00a0 \u00a0 \u00a0 \u00a0 \u00a0 \u00a0 \u00a0 \u00a0 \u00a0 \u00a0 \u00a0 \u00a0 \u00a0 \u00a0 \u00a0 \u00a0 \u00a0 \u00a0 \u00a0 \u00a0 \u00a0 \u00a0<strong>el\u00edseo<\/strong><\/p>\n\n\n\n<p><strong><em>La manera en que, a trav\u00e9s de los medios de comunicaci\u00f3n se ha dejado sentir el rencor con que, algunos de los que se asumen como comunicadores, l\u00edderes de opini\u00f3n, han tomado la derrota electoral de la derecha en M\u00e9xico, vuelve a darle otro jal\u00f3n a la herida nunca\u00a0 cerrada del clasismo con que se ha vivido en M\u00e9xico desde su propio origen independiente, 1821.<\/em><\/strong><\/p>\n\n\n\n<p><strong><em>Ya lo hemos explicado algunas veces en este espacio, el rencor, la desigualdad y el clasismo lo hemos heredado de 500 a\u00f1os en que no hemos logrado aceptar la igualdad entre las personas, sin importar su color de piel y condici\u00f3n econ\u00f3mica (1521-1821, como colonia, y 1821-2024, del M\u00e9xico independiente).<\/em><\/strong><\/p>\n\n\n\n<p><strong><em>Por desgracia, durante la colonia y hasta el porfiriato (1874-1910) predomin\u00f3 de manera casi absoluta en los canales de comunicaci\u00f3n la idea de que lo externo era mejor que lo nacional; pero fundamentalmente, que la cultura, el conocimiento, las ideas en general venidas de Europa, sin duda eran superiores. Adem\u00e1s, dejaban en claro que los blancos nac\u00edan si\u00e9ndolo, que los nativos eran siervos, y que este orden obedec\u00eda al mundo natural.<\/em><\/strong><\/p>\n\n\n\n<p><strong><em>Nada que discutir o aclarar; el orden divino se herman\u00f3 con el natural; y se reforz\u00f3 desde la iglesia cat\u00f3lica, verdadera ganadora de la conquista espa\u00f1ola sobre territorio mexicano.<\/em><\/strong><\/p>\n\n\n\n<p><strong>800 a\u00f1os despu\u00e9s de esta conquista, y la instalaci\u00f3n cultural de la idea de la superioridad de los blancos sobre las otras persona con color de piel diverso; desde el domingo 2 de junio d\u00eda de las elecciones, hemos sido testigos de todo el rencor, reproche y desprecio que han acumulado los que se consideran blancos en este pa\u00eds. Personas que se cre\u00edan y parece que se siguen creyendo\u00a0<em>&#8220;l\u00edderes de opini\u00f3n&#8221;;\u00a0<\/em>sacaron su peor perfil, acusando a los votantes por Morena de: <\/strong>&#8220;<strong><em>nacos&#8221;, &#8220;inferiores por tener el pelo rizado&#8221;, &#8220;por haberse puesto las cadenas, que supuestamente ellos les hab\u00edan quitado&#8230; (\u00a1sic!)&#8221;; y otras estupideces que reflejan el tama\u00f1o de su ignorancia; su clasismo, pero, sobre todo; su rencor y desprecio por los que no son como ellos.<\/em><\/strong><\/p>\n\n\n\n<p><strong><em>Hoy queda m\u00e1s claro que nunca que en M\u00e9xico para esa derecha que impuls\u00f3 a X\u00f3chitl; los que deben gobernar y hacer negocios son ellos; y que los m\u00e1s de 34 millones de electores que decidieron apoyar a la izquierdista Claudia, sin duda son inferiores, llegando incluso a afirmar cierto historiador, del que luego de leer 15\u00a0 p\u00e1ginas de uno de sus libros nunca quise volver a abrirlo. Este historiador tuvo la &#8220;honesta&#8221; declaraci\u00f3n en que afirm\u00f3 que si pudiera mandar\u00eda colgar en el z\u00f3calo de la ciudad de M\u00e9xico a todos los que votan por Morena; luego un premio nobel de literatura, avenido en caballero de la corona espa\u00f1ola ha declarado que los que votan por Morena lo hacen por que no saben votar; o simplemente no votan bien.<\/em><\/strong><\/p>\n\n\n\n<p><strong><em>El rencor y desprecio que se escucha en la radio, se lee en los peri\u00f3dicos y las redes sociales, y se escucha y observa en la televisi\u00f3n; solamente reduce la calidad moral, si acaso la tienen o alguna vez la tuvieron estas personas que se autonombran\u00a0&#8220;l\u00edderes de opini\u00f3n&#8221;,\u00a0concentra y resume esta parte lamentable y triste de la sociedad mexicana; nunca ha sido m\u00e1s homog\u00e9nea que dividida; ni siquiera encontramos algo nuevo en sus comentarios clasistas; lo \u00fanico que atestiguamos es que lo hacen en voz alta; lo que antes trataban de manejar en un tono controlado.<\/em><\/strong><\/p>\n\n\n\n<p><strong><em>Desde el lunes 3 de junio se inici\u00f3 la guerra contra la presidenta electa; tienes seis a\u00f1os para terminar con su presencia en el plano pol\u00edtico; desde el lunes 3 de junio nos repiten que Claudia es una mujer morena, que\u00a0 tiene el pelo rizado, que no es religiosa, y es una marioneta del presidente AMLO. A sus ojos, todo malo en ella.<\/em><\/strong><\/p>\n\n\n\n<p><strong><em>Desde el lunes nos est\u00e1n diciendo que trataran de desestabilizar su gobierno; est\u00e1n convencidos de su superioridad europeizante; se la han cre\u00eddo.<\/em><\/strong><\/p>\n\n\n\n<p><strong>Rencor y desprecio por los que no son como ellos, es su moneda de cambio en la vida.<\/strong><\/p>\n\n\n\n<p style=\"font-size:25px\"><strong>Ya iniciaron, s\u00f3lo alimentar\u00e1n cada d\u00eda el rencor&#8230;, el desprecio por los &#8220;otros&#8221;.<\/strong><\/p>\n\n\n\n<p style=\"font-size:25px\"><strong>Le abrazo.<\/strong><\/p>\n","protected":false},"excerpt":{"rendered":"<p>LA ECONOM\u00cdA Y USTED&#8230; Eliseo Castillo \u00a0 \u00a0 \u00a0 \u00a0 \u00a0 \u00a0 \u00a0 \u00a0 \u00a0 \u00a0 \u00a0 \u00a0 \u00a0 \u00a0 \u00a0 \u00a0 \u00a0 \u00a0 \u00a0 \u00a0 \u00a0 \u00a0 \u00a0 \u00a0 \u00a0 \u00a0 \u00a0 \u00a0 \u00a0 \u00a0 \u00a0 \u00a0 \u00a0 \u00a0 \u00a0 \u00a0 \u00a0 \u00a0 \u00a0 \u00a0 \u00a0 \u00a0 \u00a0 \u00a0 \u00a0 \u00a0 \u00a0 \u00a0 \u00a0 [&hellip;]<\/p>\n","protected":false},"author":2,"featured_media":9143,"comment_status":"open","ping_status":"open","sticky":false,"template":"","format":"standard","meta":{"footnotes":"","_rishi_post_view_count":572},"categories":[1],"tags":[],"class_list":["post-9142","post","type-post","status-publish","format-standard","has-post-thumbnail","hentry","category-opinion"],"comments_count":"0","_links":{"self":[{"href":"https:\/\/elpregonerodezamora.com\/index.php\/wp-json\/wp\/v2\/posts\/9142","targetHints":{"allow":["GET"]}}],"collection":[{"href":"https:\/\/elpregonerodezamora.com\/index.php\/wp-json\/wp\/v2\/posts"}],"about":[{"href":"https:\/\/elpregonerodezamora.com\/index.php\/wp-json\/wp\/v2\/types\/post"}],"author":[{"embeddable":true,"href":"https:\/\/elpregonerodezamora.com\/index.php\/wp-json\/wp\/v2\/users\/2"}],"replies":[{"embeddable":true,"href":"https:\/\/elpregonerodezamora.com\/index.php\/wp-json\/wp\/v2\/comments?post=9142"}],"version-history":[{"count":1,"href":"https:\/\/elpregonerodezamora.com\/index.php\/wp-json\/wp\/v2\/posts\/9142\/revisions"}],"predecessor-version":[{"id":9144,"href":"https:\/\/elpregonerodezamora.com\/index.php\/wp-json\/wp\/v2\/posts\/9142\/revisions\/9144"}],"wp:featuredmedia":[{"embeddable":true,"href":"https:\/\/elpregonerodezamora.com\/index.php\/wp-json\/wp\/v2\/media\/9143"}],"wp:attachment":[{"href":"https:\/\/elpregonerodezamora.com\/index.php\/wp-json\/wp\/v2\/media?parent=9142"}],"wp:term":[{"taxonomy":"category","embeddable":true,"href":"https:\/\/elpregonerodezamora.com\/index.php\/wp-json\/wp\/v2\/categories?post=9142"},{"taxonomy":"post_tag","embeddable":true,"href":"https:\/\/elpregonerodezamora.com\/index.php\/wp-json\/wp\/v2\/tags?post=9142"}],"curies":[{"name":"wp","href":"https:\/\/api.w.org\/{rel}","templated":true}]}}