{"id":9134,"date":"2024-06-05T18:38:23","date_gmt":"2024-06-05T18:38:23","guid":{"rendered":"https:\/\/elpregonerodezamora.com\/?p=9134"},"modified":"2024-06-05T18:38:23","modified_gmt":"2024-06-05T18:38:23","slug":"se-divide-mas-el-pais-luego-del-2-de-junio","status":"publish","type":"post","link":"https:\/\/elpregonerodezamora.com\/index.php\/2024\/06\/05\/se-divide-mas-el-pais-luego-del-2-de-junio\/","title":{"rendered":"\u00bfSE DIVIDE M\u00c1S EL PA\u00cdS LUEGO DEL 2 DE JUNIO?"},"content":{"rendered":"\n<p style=\"font-size:30px\"><strong>LA ECONOM\u00cdA Y USTED&#8230;<\/strong><\/p>\n\n\n\n<p><strong>Eliseo Castillo<\/strong><\/p>\n\n\n\n<p>\u00a0 \u00a0 \u00a0 \u00a0 \u00a0 \u00a0 \u00a0 \u00a0 \u00a0 \u00a0 \u00a0 \u00a0 \u00a0 \u00a0 \u00a0 \u00a0 \u00a0 \u00a0 \u00a0 \u00a0 \u00a0 \u00a0 \u00a0 \u00a0<\/p>\n\n\n\n<p>\u00a0 \u00a0 \u00a0 \u00a0 \u00a0 \u00a0 \u00a0 \u00a0 \u00a0 \u00a0 \u00a0 \u00a0 \u00a0 \u00a0 \u00a0 \u00a0 \u00a0 \u00a0 \u00a0 \u00a0 \u00a0 \u00a0 \u00a0 \u00a0 \u00a0 \u00a0 \u00a0 \u00a0 \u00a0 \u00a0 \u00a0 \u00a0 \u00a0 \u00a0 \u00a0<strong>TU RECUERDO<\/strong><\/p>\n\n\n\n<p>\u00a0 \u00a0 \u00a0 \u00a0 \u00a0 \u00a0 \u00a0 \u00a0 \u00a0 \u00a0 \u00a0 \u00a0 \u00a0 \u00a0 \u00a0 \u00a0 \u00a0 \u00a0 \u00a0 \u00a0 \u00a0 \u00a0 \u00a0 \u00a0 \u00a0 \u00a0 \u00a0 \u00a0<strong><em>&#8220;Con las manos vac\u00edas, de ti sedientas,<\/em><\/strong><\/p>\n\n\n\n<p>\u00a0 \u00a0 \u00a0 \u00a0 \u00a0 \u00a0 \u00a0 \u00a0 \u00a0 \u00a0 \u00a0 \u00a0 \u00a0 \u00a0 \u00a0 \u00a0 \u00a0 \u00a0 \u00a0 \u00a0 \u00a0 \u00a0 \u00a0 \u00a0 \u00a0 \u00a0 \u00a0 \u00a0<strong><em>el ritmo de la vida va sin cambios;<\/em><\/strong><\/p>\n\n\n\n<p>\u00a0 \u00a0 \u00a0 \u00a0 \u00a0 \u00a0 \u00a0 \u00a0 \u00a0 \u00a0 \u00a0 \u00a0 \u00a0 \u00a0 \u00a0 \u00a0 \u00a0 <strong><em>\u00a0 \u00a0 \u00a0 \u00a0 \u00a0 \u00a0 \u00a0 \u00a0 \u00a0 \u00a0 \u00a0nada de nosotros la hace diferente,<\/em><\/strong><\/p>\n\n\n\n<p>\u00a0 \u00a0 \u00a0 \u00a0 \u00a0 \u00a0 \u00a0 \u00a0 \u00a0 \u00a0 \u00a0 \u00a0 \u00a0 \u00a0 \u00a0 \u00a0 \u00a0 \u00a0 \u00a0 \u00a0 \u00a0 \u00a0 \u00a0 \u00a0 \u00a0 \u00a0 \u00a0 <strong><em>\u00a0es la vida, es el tren del tiempo;<\/em><\/strong><\/p>\n\n\n\n<p>\u00a0 \u00a0 \u00a0 \u00a0 \u00a0 \u00a0 \u00a0 \u00a0 \u00a0 \u00a0 \u00a0 \u00a0 \u00a0 \u00a0 \u00a0 \u00a0 \u00a0 \u00a0 \u00a0 \u00a0 \u00a0 \u00a0 \u00a0 \u00a0 \u00a0 \u00a0 \u00a0 \u00a0<strong><em>tomarlo o dejarlo es de nosotros,<\/em><\/strong><\/p>\n\n\n\n<p>\u00a0 \u00a0 \u00a0 \u00a0 \u00a0 \u00a0 \u00a0 \u00a0 \u00a0 \u00a0 \u00a0 \u00a0 \u00a0 \u00a0 \u00a0 \u00a0 \u00a0 \u00a0 \u00a0 \u00a0 \u00a0 \u00a0 \u00a0 \u00a0 \u00a0 \u00a0 \u00a0 <strong><em>\u00a0esperarte o no, es mi derecho;<\/em><\/strong><\/p>\n\n\n\n<p>\u00a0 \u00a0 \u00a0 \u00a0 \u00a0 \u00a0 \u00a0 \u00a0 \u00a0 \u00a0 \u00a0 \u00a0 \u00a0 \u00a0 \u00a0 \u00a0 \u00a0 \u00a0 \u00a0 \u00a0 \u00a0 \u00a0 \u00a0 \u00a0 \u00a0 \u00a0 \u00a0 \u00a0<strong><em>amor de ayer, amor sin reproche,<\/em><\/strong><\/p>\n\n\n\n<p>\u00a0 \u00a0 \u00a0 \u00a0 \u00a0 \u00a0 \u00a0 \u00a0 \u00a0 \u00a0 \u00a0 \u00a0 \u00a0 \u00a0 \u00a0 \u00a0 \u00a0 \u00a0 \u00a0 \u00a0 \u00a0 \u00a0 \u00a0 \u00a0 \u00a0 \u00a0 <strong><em>\u00a0 \u00a0cada d\u00eda te espero, cada d\u00eda, cada noche&#8221;&#8230;<\/em><\/strong><\/p>\n\n\n\n<p>\u00a0 \u00a0 \u00a0 \u00a0 \u00a0 \u00a0 \u00a0 \u00a0 \u00a0 \u00a0 \u00a0 \u00a0 \u00a0 \u00a0 \u00a0 \u00a0 \u00a0 \u00a0 \u00a0 \u00a0 \u00a0 \u00a0 \u00a0 \u00a0 \u00a0 \u00a0 \u00a0 \u00a0 \u00a0 \u00a0 \u00a0 \u00a0<strong> \u00a0 \u00a0 \u00a0 \u00a0 \u00a0 el\u00edseo<\/strong><\/p>\n\n\n\n<p style=\"font-size:25px\"><strong><em>\u00bfAhora qui\u00e9n divide a qui\u00e9n&#8230;?<\/em><\/strong><\/p>\n\n\n\n<p style=\"font-size:25px\"><strong><em>\u00bfSeguimos siendo una sociedad dividida por su origen&#8230;?<\/em><\/strong><\/p>\n\n\n\n<p style=\"font-size:25px\"><strong><em>\u00bfEs la resaca de la campa\u00f1a pol\u00edtica aterrizada el domingo 2 de junio&#8230;?<\/em><\/strong><\/p>\n\n\n\n<p><strong>Como dice la canci\u00f3n de Julio Iglesias&#8230;, la vida sigue igual; solamente que se vive un d\u00eda, una semana, un a\u00f1o m\u00e1s.<\/strong><\/p>\n\n\n\n<p><strong>Nada que no conozcamos, y que no sea parte del recuento social que ha distinguido al pa\u00eds desde 1821, en que se inicia la vida independiente.\u00a0<\/strong><\/p>\n\n\n\n<p><strong><em>M\u00e9xico no puede presumir haber sido en alg\u00fan momento una sociedad monol\u00edtica que la distinga; por el contrario, naci\u00f3 con las manchas de la pol\u00edtica fomentada durante tres siglos (1521-1821) por la corona espa\u00f1ola que vio en la colonia de la Nueva Espa\u00f1a el bot\u00edn preciado que le sacaba de sus deudas en Europa; sobre todo para financiar sus guerra y sus gastos desordenados; para eso se requer\u00eda el sometimiento total de la poblaci\u00f3n nativa para ser explotada en beneficio de Espa\u00f1a. Por eso se formaron dentro de la colonia la\u00a0Rep\u00fablica de espa\u00f1oles, y la Rep\u00fablica de Indios&#8230;;\u00a0\u00a1por si quedaba duda de la intenciones!<\/em><\/strong><\/p>\n\n\n\n<p><strong><em>Esta estructura social lleva m\u00e1s de 500 a\u00f1os sin que se haga mucho por resolverla o evitarla; ha funcionado en relaci\u00f3n de los intereses de cada momento; desde 1521 hasta hoy, 5 de junio de 2024, el pa\u00eds se ha mantenido con dos grandes expresiones sociales y pol\u00edticas que se distingue por su ideolog\u00eda, ya liberal, o conservadora.<\/em><\/strong><\/p>\n\n\n\n<p style=\"font-size:25px\"><strong>Lo que hemos visto durante la campa\u00f1a electoral, el d\u00eda de las votaciones y la ma\u00f1ana siguiente&#8230;<\/strong><\/p>\n\n\n\n<p><strong><em>Si ponemos atenci\u00f3n, encontraremos que casi nada ha cambiado; lo que suced\u00eda en materia de lucha por el control de este pa\u00eds, antes colonia espa\u00f1ola se sigue repitiendo&#8230;;\u00a0la vida sigue igual, nos repite Julio Iglesias;\u00a0nosotros, los que nos cre\u00edamos especiales no lo somos; apenas reproducimos la lucha ideol\u00f3gica entre los que se consideran herederos de los bienes materiales y las ideas que dominan, y los que consideran que todo debe ser un poco mejor asignado; pero sin la violencia de movimientos traum\u00e1ticos; recordemos que ya tuvimos suficientes de este tipo&#8230;:\u00a0<\/em><\/strong><\/p>\n\n\n\n<p><em><strong>Conquista violenta del ej\u00e9rcito espa\u00f1ol contra las culturas nativas&#8230;<\/strong><\/em><\/p>\n\n\n\n<p><em><strong>Invasi\u00f3n del ej\u00e9rcito norteamericano para apoderarse de la mitad del territorio nacional que les apetec\u00eda, y que se lo quedaron&#8230;<\/strong><\/em><\/p>\n\n\n\n<p><em><strong>Invasi\u00f3n francesa e imposici\u00f3n del imperio de Maximiliano y Carlota<\/strong><\/em><\/p>\n\n\n\n<p><em><strong>Guerra civil de Reforma<\/strong><\/em><\/p>\n\n\n\n<p><em><strong>Revoluci\u00f3n Mexicana<\/strong><\/em><\/p>\n\n\n\n<p><em><strong>Guerra cristera<\/strong><\/em><\/p>\n\n\n\n<p><em><strong>Invasi\u00f3n neocolonial mediante la apropiaci\u00f3n de las conciencias pol\u00edticas alimentando la idea de la superioridad y estatus social del neoliberalismo&#8230;<\/strong><\/em><\/p>\n\n\n\n<p><em><strong>Lo que usted ve ahora es la consecuencia de una sociedad partida en dos grandes grupos de personas por sus ideas, por sus intereses, por sus deseos y sue\u00f1os.<\/strong><\/em><\/p>\n\n\n\n<p><em><strong>Hoy en las redes sociales abundan las personas que manifiestan su rencor, burla, y desprecio por los que votaron por un partido u otro.\u00a0<\/strong><\/em><\/p>\n\n\n\n<p><em><strong>Escritores, opinadores, conductores de noticiarios de derecha califican de pendejos a los que votaron por Morena; incluso la candidata X\u00f3chitl tuvo un momento de honestidad y calific\u00f3 de Weyes a los que llegando a los 60 a\u00f1os no tengan un departamento y con qu\u00e9 vivir.<\/strong><\/em><\/p>\n\n\n\n<p><strong><em>Lo que dijo la candidata perdedora es un acto de honestidad con un dejo de desprecio por los que son como ella; de extracci\u00f3n humilde, seg\u00fan relata en su biograf\u00eda que anduvo promoviendo en todas las televisoras comerciales y dem\u00e1s medios conservadores; pero que ahora se asume y presume ser una empresaria millonaria&#8230;\u00a0<\/em><\/strong><\/p>\n\n\n\n<p style=\"font-size:25px\"><strong>\u00a1Ah, el \u00e9xito medido por posesiones!<\/strong><\/p>\n\n\n\n<p><strong><em>La respuesta es muy simple, la divisi\u00f3n social no naci\u00f3 en esta elecci\u00f3n; dej\u00e9monos de inventar lo que ya existe y va a continuar; los dos M\u00e9xicos han existido y no hemos hecho lo suficiente para evitarlo. Por eso se calific\u00f3 de pendejos a los que votaran por Morena, y de inteligentes a los que lo hicieran por X\u00f3chitl. Por eso la iglesia cat\u00f3lica se aferr\u00f3 a maltratar y amenazar a los que votaran por Claudia, amenaz\u00e1ndola de que va a quitarle la casa o el trabajo a las familias&#8230;<\/em><\/strong><\/p>\n\n\n\n<p><strong><em>Nada nuevo si leemos un poco de historia y sabemos que esta congregaci\u00f3n religiosa lleg\u00f3 a controlar hasta dos terceras parte de la econom\u00eda nacional durante la colonia y el siglo XIX.<\/em><\/strong><\/p>\n\n\n\n<p><strong><em>De ah\u00ed viene tanto rencor desde el momento en que lleg\u00f3 Ju\u00e1rez al poder en el siglo XIX; nunca perdonaran que este presidente impusiera los derechos de las personas de su conciencia mediante\u00a0 la implantaci\u00f3n del Estado Laico; eso nunca lo perdonar\u00e1n; les quit\u00f3 el derecho a ordenar; as\u00ed de simple.<\/em><\/strong><\/p>\n\n\n\n<p><strong>No, amable lectora, lector, lo que estamos viendo no es algo nuevo ni va a cambiar en el corto plazo por un deseo&#8230;; es una forma de ver la vida muy espec\u00edficamente.<\/strong><\/p>\n\n\n\n<p><strong>No es de buenos y malos, es de visi\u00f3n clasista, es de pensar que hay personas superiores por sus posesiones, e inferiores por sus carencias&#8230;<\/strong><\/p>\n\n\n\n<p style=\"font-size:25px\"><strong><em>Al final, las obras quedan la gente se va, otros que vienen las continuar\u00e1n, la vida sigue igual&#8230;<\/em><\/strong><\/p>\n\n\n\n<p><strong>Nos lo sigue restregando a la cara Julio<\/strong><\/p>\n","protected":false},"excerpt":{"rendered":"<p>LA ECONOM\u00cdA Y USTED&#8230; Eliseo Castillo \u00a0 \u00a0 \u00a0 \u00a0 \u00a0 \u00a0 \u00a0 \u00a0 \u00a0 \u00a0 \u00a0 \u00a0 \u00a0 \u00a0 \u00a0 \u00a0 \u00a0 \u00a0 \u00a0 \u00a0 \u00a0 \u00a0 \u00a0 \u00a0 \u00a0 \u00a0 \u00a0 \u00a0 \u00a0 \u00a0 \u00a0 \u00a0 \u00a0 \u00a0 \u00a0 \u00a0 \u00a0 \u00a0 \u00a0 \u00a0 \u00a0 \u00a0 \u00a0 \u00a0 \u00a0 \u00a0 \u00a0 \u00a0 \u00a0 [&hellip;]<\/p>\n","protected":false},"author":2,"featured_media":9135,"comment_status":"open","ping_status":"open","sticky":false,"template":"","format":"standard","meta":{"footnotes":"","_rishi_post_view_count":586},"categories":[1],"tags":[],"class_list":["post-9134","post","type-post","status-publish","format-standard","has-post-thumbnail","hentry","category-opinion"],"comments_count":"0","_links":{"self":[{"href":"https:\/\/elpregonerodezamora.com\/index.php\/wp-json\/wp\/v2\/posts\/9134","targetHints":{"allow":["GET"]}}],"collection":[{"href":"https:\/\/elpregonerodezamora.com\/index.php\/wp-json\/wp\/v2\/posts"}],"about":[{"href":"https:\/\/elpregonerodezamora.com\/index.php\/wp-json\/wp\/v2\/types\/post"}],"author":[{"embeddable":true,"href":"https:\/\/elpregonerodezamora.com\/index.php\/wp-json\/wp\/v2\/users\/2"}],"replies":[{"embeddable":true,"href":"https:\/\/elpregonerodezamora.com\/index.php\/wp-json\/wp\/v2\/comments?post=9134"}],"version-history":[{"count":1,"href":"https:\/\/elpregonerodezamora.com\/index.php\/wp-json\/wp\/v2\/posts\/9134\/revisions"}],"predecessor-version":[{"id":9136,"href":"https:\/\/elpregonerodezamora.com\/index.php\/wp-json\/wp\/v2\/posts\/9134\/revisions\/9136"}],"wp:featuredmedia":[{"embeddable":true,"href":"https:\/\/elpregonerodezamora.com\/index.php\/wp-json\/wp\/v2\/media\/9135"}],"wp:attachment":[{"href":"https:\/\/elpregonerodezamora.com\/index.php\/wp-json\/wp\/v2\/media?parent=9134"}],"wp:term":[{"taxonomy":"category","embeddable":true,"href":"https:\/\/elpregonerodezamora.com\/index.php\/wp-json\/wp\/v2\/categories?post=9134"},{"taxonomy":"post_tag","embeddable":true,"href":"https:\/\/elpregonerodezamora.com\/index.php\/wp-json\/wp\/v2\/tags?post=9134"}],"curies":[{"name":"wp","href":"https:\/\/api.w.org\/{rel}","templated":true}]}}