{"id":9131,"date":"2024-06-05T18:20:25","date_gmt":"2024-06-05T18:20:25","guid":{"rendered":"https:\/\/elpregonerodezamora.com\/?p=9131"},"modified":"2024-06-05T18:20:25","modified_gmt":"2024-06-05T18:20:25","slug":"las-urnas-hablan-la-soberbia-intelectual-sigue","status":"publish","type":"post","link":"https:\/\/elpregonerodezamora.com\/index.php\/2024\/06\/05\/las-urnas-hablan-la-soberbia-intelectual-sigue\/","title":{"rendered":"LAS URNAS HABLAN, LA SOBERBIA &#8220;INTELECTUAL&#8221; SIGUE"},"content":{"rendered":"\n<p style=\"font-size:30px\"><strong>LA ECONOM\u00cdA Y USTED<\/strong>&#8230;<\/p>\n\n\n\n<p><strong>Eliseo Castillo<\/strong><\/p>\n\n\n\n<p><strong>NUESTRO ESPACIO<\/strong><\/p>\n\n\n\n<p><strong>&#8220;De la nostalgia del recuerdo a veces contado, \/ quedan huellas que no mueren, se perpet\u00faan, \/ no se si vendr\u00e1s, nada lo asegura, lo entiendo, \/ igual nuestra casa semivac\u00eda lo anuncia, \/ igual mis brazos buscan pero no encuentran, \/ lo que fuimos, no se si volver\u00e1 a ser, \/ aquel, nuestro espacio te reclama, te espera. \/ Te espera&#8230; el\u00edseo<\/strong><\/p>\n\n\n\n<p><strong><em>Las urnas, hasta el momento en que escribimos este texto (lenes 3 de junio 8:30 hrs.) nos dicen que las tendencias de los resultados de la elecci\u00f3n del d\u00eda anterior (domingo 2 de junio, 2024) parecen m\u00e1s que claras; simplemente se cumplen las tendencias que se tiene desde hace al menos un a\u00f1o; en este espacio se lo fuimos rese\u00f1ando antes de que se iniciaran las campa\u00f1as pol\u00edticas para la elecci\u00f3n de la presidencia, el congreso, presidencias municipales y nueve gobernaturas; los resultados est\u00e1n a la vista; las urnas hablan y ponen en su lugar a cada quien; fuera de pasiones, berrinches; pero sobre todo, mentiras a diestra y siniestra, con el af\u00e1n de desacreditar al oponente.<\/em><\/strong><\/p>\n\n\n\n<p><strong><em>Ante los datos claros, la respuesta sigue llena de un paralelismo entre las personas que se consideran seguidoras del actual r\u00e9gimen de gobierno de AMLO, y las que se asumen como sus enemigos, detractores y abiertos odiadores casi absurdos. Y sin embargo la realidad nos ha puesto en el lugar que hemos fraguado en estos cinco y medio a\u00f1os de gobierno.<\/em><\/strong><\/p>\n\n\n\n<p><strong><em>Durante el sexenio 2018-2024, se promovi\u00f3 de manera sistem\u00e1tica la idea de un golpe de estado de los llamados &#8220;blandos&#8221;; que se ejerce mediante la descalificaci\u00f3n sistem\u00e1tica del gobierno y su trabajo; al tiempo que se usan los medios de comunicaci\u00f3n para desinformar y mal informar a los ciudadanos acerca del propio gobierno y su trabajo; lo que importa en este tipo de actos es dejar totalmente desacreditado al mismo ante la ciudadan\u00eda, de tal forma que se pueda pedir como siguiente paso su destituci\u00f3n; de esta forma queda la sensaci\u00f3n de que fue el pueblo quien ha rechazado al gobierno y lo est\u00e1 quitando.<\/em><\/strong><\/p>\n\n\n\n<p style=\"font-size:25px\"><strong>Entre mentiras, ignorancia, e inocencia&#8230;<\/strong><\/p>\n\n\n\n<p style=\"font-size:25px\"><strong>Este es un gobierno malo que hace obras in\u00fatiles:<\/strong><\/p>\n\n\n\n<p style=\"font-size:25px\"><strong><em>Una refiner\u00eda que no funciona&#8230;<\/em><\/strong><\/p>\n\n\n\n<p style=\"font-size:25px\"><strong><em>Un aeropuerto que nadie usa&#8230;<\/em><\/strong><\/p>\n\n\n\n<p style=\"font-size:25px\"><strong><em>Un tren que es un capricho del presidente y que destruye la naturaleza&#8230;<\/em><\/strong><\/p>\n\n\n\n<p style=\"font-size:25px\"><strong><em>El presidente pact\u00f3 con el narco; es un narco presidente&#8230;<\/em><\/strong><\/p>\n\n\n\n<p style=\"font-size:25px\"><strong><em>Ha impuesto a una narco candidata&#8230;<\/em><\/strong><\/p>\n\n\n\n<p><strong><em>A esta lista de mentiras les falt\u00f3 anexarle una de las obras m\u00e1s importantes del sexenio: el tren Trans\u00edstmico que une al Golfo de M\u00e9xico con el Oc\u00e9ano Pac\u00edfico, con la movilidad de mercanc\u00edas y personas que esto va a representar; sobre todo tomando en cuenta la guerra real de cada d\u00eda con China, que se va a apropiando del mercado internacional de manera casi inevitable.<\/em><\/strong><\/p>\n\n\n\n<p><strong><em>Nos guste o no, el gigante asi\u00e1tico es una amenaza para los mercados nacionales; el mexicano ha sido penetrado desde hace muchos a\u00f1os de manera masiva, destruyendo a miles de peque\u00f1os productores artesanos y peque\u00f1as empresas nacionales. China no sabe de l\u00e1grimas, sabe de vender mucho, con calidad cuestionable, pero con precios bajos.<\/em><\/strong><\/p>\n\n\n\n<p><strong><em>A la oposici\u00f3n les pareci\u00f3 poca cosa esta obra; sin embargo, en este espacio, y con la informaci\u00f3n que se tiene como economista podemos decir que es quiz\u00e1 la obra m\u00e1s s\u00f3lida y de mejor futuro para el pa\u00eds; pero sobre todo para la regi\u00f3n Oaxaca-Veracruz.<\/em><\/strong><\/p>\n\n\n\n<p><strong><em>Pero decidieron irse por el esc\u00e1ndalo y la descalificaci\u00f3n; los electores les han dicho lo que piensan; no es lo que esperaban sin duda.<\/em><\/strong><\/p>\n\n\n\n<p style=\"font-size:25px\"><strong>Las cosas son simples &#8230;<\/strong><\/p>\n\n\n\n<p><strong><em>La refiner\u00eda Dos Bocas est\u00e1 entrando en una etapa de producci\u00f3n de gasolina y derivados del petr\u00f3leo; con ella se reduce la necesidad de comprarla del extranjero: Estados Unidos, Arabia, entre otros proveedores.<\/em><\/strong><\/p>\n\n\n\n<p><strong><em>El AIFA, es el mejor aeropuerto del pa\u00eds con mucho; quien lo conozca sabe que es un inmueble bien dise\u00f1ado, con certeza para el viajero, bien se\u00f1alizado con poca probabilidad de que se extrav\u00ede; adem\u00e1s, sus sanitarios son dignos de quien tiene mucho, pero mucho dinero&#8230;; pero resulta que es un lugar p\u00fablico para quien quiera y pueda usarlo; son tan hermosos los sanitarios que m\u00e1s bien parecen una obra de arte que un lugar para &#8220;hacer las necesidades&#8221; intestinales y urinarias.<\/em><\/strong><\/p>\n\n\n\n<p><strong>Hoy es el aeropuerto que m\u00e1s carga mueve en todo el pa\u00eds; no hace falta decir m\u00e1s.<\/strong><\/p>\n\n\n\n<p><strong><em>El Tren Maya ya mueve una locura de inversiones sobre bienes ra\u00edces en la regi\u00f3n; miles de empresarios buscan comprar terrenos para echar a andar negocios de hoteler\u00eda, gastronom\u00eda, artesan\u00eda; que sin duda trae consecuencias buenas y malas; por un lado los apetitos de dinero que son inevitables; por otro los beneficios para la poblaci\u00f3n de la regi\u00f3n.<\/em><\/strong><\/p>\n\n\n\n<p><strong><em>Por cierto, los que se autocalificaron como &#8220;ecologistas&#8221; (hasta payasos y comediantes se apuntaron en algo que, al parecer, ignoran, pero que usan como bandera de la nueva actitud de la derecha) salieron a gritar que el ecosistema de la regi\u00f3n se pon\u00eda en peligro; mientras que ante sus narices, una empresa norteamericana (Calica) destruye la regi\u00f3n llev\u00e1ndose la arena extra\u00edda de la regi\u00f3n sureste del pa\u00eds por d\u00e9cadas, sin que ninguno de estos &#8220;nuevos ecologistas&#8221; levante una sola banderita de juguete con que se presentan como defensores del medio ambiente (lo hacen para los medios, pero no hacen algo por la naturaleza).<\/em><\/strong><\/p>\n\n\n\n<p><strong><em>Las urnas han hablado, las televisoras comerciales no pudieron ocultar la realidad; la soberbia de sus comunicadores se manifiesta en reproches a los electores; la ultraderecha encabezada por buen parte del PAN y el Alto clero de la iglesia cat\u00f3lica, en sus palabras, consideran que quien vota por Morena no sabe votar&#8230;<\/em><\/strong><\/p>\n\n\n\n<p style=\"font-size:25px\"><strong>Todav\u00eda nos falta mucho para decir que tenemos una democracia s\u00f3lida; falta mucho sin duda.<\/strong><\/p>\n\n\n\n<p><strong><em>Los intelectuales de derecha y los medios de comunicaci\u00f3n en general esperaban una elecci\u00f3n m\u00e1s cerrada; buscaban la impugnaci\u00f3n y anulaci\u00f3n de la misma; eso no puede ser democracia; cuando el contendiente con mucho dinero y rencor simplemente te recuerda que puedes ganarle en los votos, pero que te va a quitar el poder de la manera que sea necesario.<\/em><\/strong><\/p>\n\n\n\n<p><strong><em>La soberbia de los intelectuales de derecha se retuerce con los resultados; pero las urnas han dicho lo que piensa el mexicano promedio; el que parte el alma cada d\u00eda trabajando y estudiando con la peque\u00f1a esperanza de amanecer un poco mejor cada d\u00eda con su salario y con una profesi\u00f3n que le reconforte.<\/em><\/strong><\/p>\n\n\n\n<p><strong><em>Para esa soberbia intelectual de derecha, el votante, cuando no lo favorece es un tonto (Mario Vargas Llosa dixit); para el mexicano promedio, su realidad la expres\u00f3 ayer.<\/em><\/strong><\/p>\n\n\n\n<p><strong><em>Para bien o para mal, tenemos una presidenta electa; en un pa\u00eds de machos muy destructivos, clasistas, no es algo f\u00e1cil; desde hace meses las tendencias as\u00ed lo se\u00f1alaban; a la sombra del presidente tan criticado, creci\u00f3 la sombra de la mujer que en octubre ser\u00e1 la mandataria del pa\u00eds.<\/em><\/strong><\/p>\n\n\n\n<p><strong><em>No es f\u00e1cil el futuro inmediato que le espera, el M\u00e9xico intelectual machista le espera, la van a atacar cada d\u00eda por ser mujer, pero sobre todo por representar a quien representa.<\/em><\/strong><\/p>\n\n\n\n<p style=\"font-size:25px\"><strong>En fin, la vida sigue por fortuna, hasta donde sea posible.<\/strong>..<\/p>\n\n\n\n<p><strong><em>Cuidado con los que se asumen aun como los &#8220;intelectuales&#8221; del pa\u00eds, y que llenan las pantallas de los noticiarios de las televisoras comerciales, los peri\u00f3dicos donde escriben (habr\u00eda que ver si son le\u00eddos) y las redes sociales&#8230;<\/em><\/strong><\/p>\n\n\n\n<p style=\"font-size:25px\"><strong>Le abrazo.<\/strong>..<\/p>\n","protected":false},"excerpt":{"rendered":"<p>LA ECONOM\u00cdA Y USTED&#8230; Eliseo Castillo NUESTRO ESPACIO &#8220;De la nostalgia del recuerdo a veces contado, \/ quedan huellas que no mueren, se perpet\u00faan, \/ no se si vendr\u00e1s, nada lo asegura, lo entiendo, \/ igual nuestra casa semivac\u00eda lo anuncia, \/ igual mis brazos buscan pero no encuentran, \/ lo que fuimos, no se [&hellip;]<\/p>\n","protected":false},"author":2,"featured_media":9118,"comment_status":"open","ping_status":"open","sticky":false,"template":"","format":"standard","meta":{"footnotes":"","_rishi_post_view_count":594},"categories":[1],"tags":[],"class_list":["post-9131","post","type-post","status-publish","format-standard","has-post-thumbnail","hentry","category-opinion"],"comments_count":"0","_links":{"self":[{"href":"https:\/\/elpregonerodezamora.com\/index.php\/wp-json\/wp\/v2\/posts\/9131","targetHints":{"allow":["GET"]}}],"collection":[{"href":"https:\/\/elpregonerodezamora.com\/index.php\/wp-json\/wp\/v2\/posts"}],"about":[{"href":"https:\/\/elpregonerodezamora.com\/index.php\/wp-json\/wp\/v2\/types\/post"}],"author":[{"embeddable":true,"href":"https:\/\/elpregonerodezamora.com\/index.php\/wp-json\/wp\/v2\/users\/2"}],"replies":[{"embeddable":true,"href":"https:\/\/elpregonerodezamora.com\/index.php\/wp-json\/wp\/v2\/comments?post=9131"}],"version-history":[{"count":1,"href":"https:\/\/elpregonerodezamora.com\/index.php\/wp-json\/wp\/v2\/posts\/9131\/revisions"}],"predecessor-version":[{"id":9132,"href":"https:\/\/elpregonerodezamora.com\/index.php\/wp-json\/wp\/v2\/posts\/9131\/revisions\/9132"}],"wp:featuredmedia":[{"embeddable":true,"href":"https:\/\/elpregonerodezamora.com\/index.php\/wp-json\/wp\/v2\/media\/9118"}],"wp:attachment":[{"href":"https:\/\/elpregonerodezamora.com\/index.php\/wp-json\/wp\/v2\/media?parent=9131"}],"wp:term":[{"taxonomy":"category","embeddable":true,"href":"https:\/\/elpregonerodezamora.com\/index.php\/wp-json\/wp\/v2\/categories?post=9131"},{"taxonomy":"post_tag","embeddable":true,"href":"https:\/\/elpregonerodezamora.com\/index.php\/wp-json\/wp\/v2\/tags?post=9131"}],"curies":[{"name":"wp","href":"https:\/\/api.w.org\/{rel}","templated":true}]}}