{"id":9117,"date":"2024-05-28T23:32:27","date_gmt":"2024-05-28T23:32:27","guid":{"rendered":"https:\/\/elpregonerodezamora.com\/?p=9117"},"modified":"2024-05-28T23:32:28","modified_gmt":"2024-05-28T23:32:28","slug":"los-abajo-firmantes-y-la-verguenza-intelectual","status":"publish","type":"post","link":"https:\/\/elpregonerodezamora.com\/index.php\/2024\/05\/28\/los-abajo-firmantes-y-la-verguenza-intelectual\/","title":{"rendered":"LOS ABAJO FIRMANTES Y LA VERG\u00dcENZA INTELECTUAL"},"content":{"rendered":"\n<p style=\"font-size:30px\"><strong>LA ECONOM\u00cdA Y USTED&#8230;<\/strong><\/p>\n\n\n\n<p><strong>Eliseo Castillo<\/strong><\/p>\n\n\n\n<p>\u00a0 \u00a0 \u00a0 \u00a0 \u00a0 \u00a0 \u00a0 \u00a0 \u00a0 \u00a0 \u00a0 \u00a0 \u00a0 \u00a0 \u00a0 \u00a0 \u00a0 \u00a0 \u00a0 \u00a0<\/p>\n\n\n\n<p>\u00a0 \u00a0 \u00a0 \u00a0 \u00a0 \u00a0 \u00a0 \u00a0 \u00a0 \u00a0 \u00a0 \u00a0 \u00a0 \u00a0 \u00a0 \u00a0 \u00a0 \u00a0 \u00a0 \u00a0 \u00a0 \u00a0 \u00a0 \u00a0 \u00a0 \u00a0 \u00a0 \u00a0 \u00a0 \u00a0 \u00a0 \u00a0 \u00a0 \u00a0 \u00a0 \u00a0<strong> EL CAMINO<\/strong><\/p>\n\n\n\n<p>\u00a0 \u00a0 \u00a0 \u00a0 \u00a0 \u00a0 \u00a0 \u00a0 \u00a0 \u00a0 \u00a0 \u00a0 \u00a0 \u00a0 \u00a0 \u00a0 \u00a0 \u00a0 \u00a0 \u00a0 \u00a0 \u00a0 \u00a0 \u00a0 \u00a0 \u00a0<strong><em> &#8220;A le vera del sendero, como ayer, o antes,<\/em><\/strong><\/p>\n\n\n\n<p>\u00a0 \u00a0 \u00a0 \u00a0 \u00a0 \u00a0 \u00a0 \u00a0 \u00a0 \u00a0 \u00a0 \u00a0 \u00a0 \u00a0 \u00a0 \u00a0 \u00a0 \u00a0 \u00a0 \u00a0 \u00a0 \u00a0 \u00a0 \u00a0 <strong><em>\u00a0 \u00a0 este d\u00eda, sin saber apenas algo, espero,<\/em><\/strong><\/p>\n\n\n\n<p>\u00a0 \u00a0 \u00a0 \u00a0 \u00a0 \u00a0 \u00a0 \u00a0 \u00a0 \u00a0 \u00a0 \u00a0 \u00a0 \u00a0 \u00a0 \u00a0 \u00a0 \u00a0 \u00a0 \u00a0 \u00a0 \u00a0 \u00a0 \u00a0<strong><em> \u00a0 \u00a0 es la hora de nombrarte sin reproches,<\/em><\/strong><\/p>\n\n\n\n<p>\u00a0 \u00a0 \u00a0 \u00a0 \u00a0 \u00a0 \u00a0 \u00a0 \u00a0 \u00a0 \u00a0 \u00a0 \u00a0 \u00a0 \u00a0 \u00a0 \u00a0 \u00a0 \u00a0 \u00a0 \u00a0 \u00a0 \u00a0 \u00a0 <strong><em>\u00a0 \u00a0 antes que la tarde muera y llegue la noche,<\/em><\/strong><\/p>\n\n\n\n<p>\u00a0 \u00a0 \u00a0 \u00a0 \u00a0 \u00a0 \u00a0 \u00a0 \u00a0 \u00a0 \u00a0 \u00a0 \u00a0 \u00a0 \u00a0 \u00a0 \u00a0 \u00a0 \u00a0 \u00a0 \u00a0 \u00a0 \u00a0 \u00a0 \u00a0 \u00a0 <strong><em>es la hora de guiarte en tu camino.<\/em><\/strong><\/p>\n\n\n\n<p>\u00a0 \u00a0 \u00a0 \u00a0 \u00a0 \u00a0 \u00a0 \u00a0 \u00a0 \u00a0 \u00a0 \u00a0 \u00a0 \u00a0 \u00a0 \u00a0 \u00a0 \u00a0 \u00a0 \u00a0 \u00a0 \u00a0 \u00a0 \u00a0 \u00a0 \u00a0 <strong><em>Peque\u00f1o o gran amor, da igual,<\/em><\/strong><\/p>\n\n\n\n<p>\u00a0 \u00a0 \u00a0 \u00a0 \u00a0 \u00a0 \u00a0 \u00a0 \u00a0 \u00a0 \u00a0 \u00a0 \u00a0 \u00a0 \u00a0 \u00a0 \u00a0 \u00a0 \u00a0 \u00a0 \u00a0 \u00a0 \u00a0 \u00a0 \u00a0 <strong><em>\u00a0 peque\u00f1o o gran recuerdo, todo ser\u00e1s,<\/em><\/strong><\/p>\n\n\n\n<p>\u00a0 \u00a0 \u00a0 \u00a0 \u00a0 \u00a0 \u00a0 \u00a0 \u00a0 \u00a0 \u00a0 \u00a0 \u00a0 \u00a0 \u00a0 \u00a0 \u00a0 \u00a0 \u00a0 \u00a0 \u00a0 \u00a0 \u00a0 \u00a0<strong><em> \u00a0 \u00a0 el camino puede ser desandado;<\/em><\/strong><\/p>\n\n\n\n<p>\u00a0 \u00a0 \u00a0 \u00a0 \u00a0 \u00a0 \u00a0 \u00a0 \u00a0 \u00a0 \u00a0 \u00a0 \u00a0 \u00a0 \u00a0 \u00a0 \u00a0 \u00a0 \u00a0 \u00a0 \u00a0 \u00a0 \u00a0 \u00a0 <strong><em>\u00a0 \u00a0 digo lento una oraci\u00f3n&#8230;, y te espero&#8221;&#8230;<\/em><\/strong><\/p>\n\n\n\n<p>\u00a0 \u00a0 \u00a0 \u00a0 \u00a0 \u00a0 \u00a0 \u00a0 \u00a0 \u00a0 \u00a0 \u00a0 \u00a0 \u00a0 \u00a0 \u00a0 \u00a0 \u00a0 \u00a0 \u00a0 \u00a0 \u00a0 \u00a0 \u00a0 \u00a0 \u00a0 \u00a0 \u00a0 \u00a0 \u00a0 \u00a0 \u00a0 \u00a0 \u00a0 \u00a0 \u00a0 \u00a0 <strong>\u00a0el\u00edseo<\/strong><\/p>\n\n\n\n<p><strong><em>Cuando en la semana surgi\u00f3 un desplegado de una supuesta lista de unas 200 personas que se sustentan como artistas, escritores y l\u00edderes de opini\u00f3n en apoyo a la candidata de la derecha pol\u00edtica X\u00f3chitl G\u00e1lvez, asistimos a una acci\u00f3n m\u00e1s de la campa\u00f1a pol\u00edtica que intenta a todo costo reducir la popularidad y ventaja de la candidata de izquierda Claudia.<\/em><\/strong><\/p>\n\n\n\n<p><strong><em>Desde luego, junto con su mendacidad y mal gusto intelectual manifestado luego de la tragedia de Nuevo Le\u00f3n, donde el partido de centro cerraba campa\u00f1a en el municipio donde viven los m\u00e1s ricos de ese Estado (San Pedro Garza Garc\u00eda); en lugar de solidarizarse con los dolientes de la tragedia; se burlaron se\u00f1alando que\u00a0&#8220;eso les pasaba por no querer declinar en favor de su candidata X\u00f3chitl&#8221;.\u00a0<\/em><\/strong><\/p>\n\n\n\n<p><strong><em>Resulta que el candidato M\u00e1ynez y el partido Movimiento Ciudadano son los culpables de que las tendencias en las intenciones del voto no les sean favorables; y que la historia que han alimentado de terror y violencia no les ha alcanzado para convencer al posible elector, de que deben votar por sus partidos y su candidata X\u00f3chitl.<\/em><\/strong><\/p>\n\n\n\n<p><strong><em>Al presentar su carta abierta, este buen n\u00famero de personas (creo que como 200) en favor de X\u00f3chitl; y luego con la presentaci\u00f3n de un par de videos onde aparecen los directores de las dos revistas principales del grupo ( Nexos y Letras Libres) que apoya a la citada X\u00f3chitl, y que responden a los intereses de un &#8220;junior&#8221; hijo de un empresario (Claudio X. Gonz\u00e1lez); queda un amargo sabor de boca respecto a lo que realmente buscan estas personas que alguna vez se auto llamaron los\u00a0&#8220;l\u00edderes de opini\u00f3n&#8221;.<\/em><\/strong><\/p>\n\n\n\n<p><strong>En los videos queda claro lo que lamentan y lo que buscan:\u00a0<em>lamentan no estar cerca del poder del presidente y que este los apapache y les de m\u00e1s dinero; en sus mismas palabras queda asentado esto&#8230;; lamentan que ya no les financie sus revistas y sus vidas de lujos; lamentan que el dinero se vaya a programas sociales, en lugar de ir a sus bolsillos; casas de lujo; yates, choches, viajes al extranjero.<\/em><\/strong><\/p>\n\n\n\n<p><strong><em>En sus palabras queda totalmente claro; no les interesa que X\u00f3chitl gane por ser una buena pol\u00edtica; necesita que gane para que les regrese los beneficios que les quitaron&#8230;<\/em><\/strong><\/p>\n\n\n\n<p style=\"font-size:25px\"><strong><em>\u00bfY las marchas del &#8220;INE no se toca&#8230;&#8221;?<\/em><\/strong><\/p>\n\n\n\n<p style=\"font-size:25px\"><strong><em>\u00bfY &#8220;la democracia no se toca&#8230;&#8221;?<\/em><\/strong><\/p>\n\n\n\n<p><strong><em>Resulta que todo se resuelve regres\u00e1ndoles los lujos a ellos y sus familias; y pensar que todo el sexenio se han quejado de que todo est\u00e1 mal, pero sin dar pruebas; ahora sabemos por qu\u00e9 lo dicen&#8230;; con sus propias palabras&#8230;<\/em><\/strong><\/p>\n\n\n\n<p><strong>Extra\u00f1an lo bien que les iba con los presidentes que los pon\u00edan en la mesa de la presidencia y de la tesorer\u00eda&#8230;<\/strong><\/p>\n\n\n\n<p><strong>Y pensar que hay millones mexicanos que les creyeron en su discurso, cuando dec\u00edan que lo hac\u00edan por M\u00e9xico.<\/strong><\/p>\n\n\n\n<p><strong><em>Sin duda hay millones que si les creyeron; sus palabras los han dejado como al pr\u00edncipe del cuento&#8230;: desnudos ante la realidad.<\/em><\/strong><\/p>\n\n\n\n<p><strong><em>Lo \u00fanico que extra\u00f1an es el dinero y las fiestas en Palacio de Gobierno o el Los Pinos; por eso Vicente Fox declar\u00f3 muy contento que X\u00f3chitl les iba a regresar los beneficios.<\/em><\/strong><\/p>\n\n\n\n<p style=\"font-size:25px\"><strong>Con sus propias palabras quedaron desnudos.<\/strong>..<\/p>\n\n\n\n<p><strong><em>Si usted quiere creerles es su derecho; y no le voy a decir como el sacerdote a sus feligreses en una iglesia de Jalisco esta semana (video publicado en el portal Sin Embargo), donde el sacerdote llama tontos o idiotas a quienes votan por Morena; mientras les exig\u00eda que fuera el manada a convencer a todos los que pudiera de que no deben votar por ese partido y que deben hacerlo por X\u00f3chitl; argumentando que en el mundo tenemos una imagen vergonzosa&#8230;<\/em><\/strong><\/p>\n\n\n\n<p><em><strong>Los que no tienen verg\u00fcenza, jam\u00e1s tendr\u00e1n escr\u00fapulos; nuevamente se hace real aquello de que la bondad no se viste de determinada forma; se vive o se es un c\u00ednico.<\/strong><\/em><\/p>\n\n\n\n<p style=\"font-size:25px\"><em>En fin; un abrazo.<\/em><strong>..<\/strong><\/p>\n","protected":false},"excerpt":{"rendered":"<p>LA ECONOM\u00cdA Y USTED&#8230; Eliseo Castillo \u00a0 \u00a0 \u00a0 \u00a0 \u00a0 \u00a0 \u00a0 \u00a0 \u00a0 \u00a0 \u00a0 \u00a0 \u00a0 \u00a0 \u00a0 \u00a0 \u00a0 \u00a0 \u00a0 \u00a0 \u00a0 \u00a0 \u00a0 \u00a0 \u00a0 \u00a0 \u00a0 \u00a0 \u00a0 \u00a0 \u00a0 \u00a0 \u00a0 \u00a0 \u00a0 \u00a0 \u00a0 \u00a0 \u00a0 \u00a0 \u00a0 \u00a0 \u00a0 \u00a0 \u00a0 \u00a0 \u00a0 \u00a0 \u00a0 [&hellip;]<\/p>\n","protected":false},"author":2,"featured_media":9118,"comment_status":"open","ping_status":"open","sticky":false,"template":"","format":"standard","meta":{"footnotes":"","_rishi_post_view_count":621},"categories":[1],"tags":[],"class_list":["post-9117","post","type-post","status-publish","format-standard","has-post-thumbnail","hentry","category-opinion"],"comments_count":"0","_links":{"self":[{"href":"https:\/\/elpregonerodezamora.com\/index.php\/wp-json\/wp\/v2\/posts\/9117","targetHints":{"allow":["GET"]}}],"collection":[{"href":"https:\/\/elpregonerodezamora.com\/index.php\/wp-json\/wp\/v2\/posts"}],"about":[{"href":"https:\/\/elpregonerodezamora.com\/index.php\/wp-json\/wp\/v2\/types\/post"}],"author":[{"embeddable":true,"href":"https:\/\/elpregonerodezamora.com\/index.php\/wp-json\/wp\/v2\/users\/2"}],"replies":[{"embeddable":true,"href":"https:\/\/elpregonerodezamora.com\/index.php\/wp-json\/wp\/v2\/comments?post=9117"}],"version-history":[{"count":1,"href":"https:\/\/elpregonerodezamora.com\/index.php\/wp-json\/wp\/v2\/posts\/9117\/revisions"}],"predecessor-version":[{"id":9119,"href":"https:\/\/elpregonerodezamora.com\/index.php\/wp-json\/wp\/v2\/posts\/9117\/revisions\/9119"}],"wp:featuredmedia":[{"embeddable":true,"href":"https:\/\/elpregonerodezamora.com\/index.php\/wp-json\/wp\/v2\/media\/9118"}],"wp:attachment":[{"href":"https:\/\/elpregonerodezamora.com\/index.php\/wp-json\/wp\/v2\/media?parent=9117"}],"wp:term":[{"taxonomy":"category","embeddable":true,"href":"https:\/\/elpregonerodezamora.com\/index.php\/wp-json\/wp\/v2\/categories?post=9117"},{"taxonomy":"post_tag","embeddable":true,"href":"https:\/\/elpregonerodezamora.com\/index.php\/wp-json\/wp\/v2\/tags?post=9117"}],"curies":[{"name":"wp","href":"https:\/\/api.w.org\/{rel}","templated":true}]}}