{"id":9109,"date":"2024-05-27T19:28:51","date_gmt":"2024-05-27T19:28:51","guid":{"rendered":"https:\/\/elpregonerodezamora.com\/?p=9109"},"modified":"2024-05-27T19:28:51","modified_gmt":"2024-05-27T19:28:51","slug":"estado-laico-acosado-por-la-iglesia","status":"publish","type":"post","link":"https:\/\/elpregonerodezamora.com\/index.php\/2024\/05\/27\/estado-laico-acosado-por-la-iglesia\/","title":{"rendered":"ESTADO LAICO ACOSADO POR LA IGLESIA"},"content":{"rendered":"\n<p style=\"font-size:30px\"><strong>LAS PEQUE\u00d1AS COSAS&#8230;<\/strong><\/p>\n\n\n\n<p><strong>Eliseo Castillo<\/strong><\/p>\n\n\n\n<p>\u00a0 \u00a0 \u00a0 \u00a0 \u00a0 \u00a0 \u00a0 \u00a0 \u00a0 \u00a0 \u00a0 \u00a0 \u00a0 \u00a0 \u00a0 \u00a0 \u00a0 \u00a0 \u00a0 \u00a0 \u00a0 \u00a0 \u00a0 \u00a0 \u00a0<\/p>\n\n\n\n<p>\u00a0 \u00a0 \u00a0 \u00a0 \u00a0 \u00a0 \u00a0 \u00a0 \u00a0 \u00a0 \u00a0 \u00a0 \u00a0 \u00a0 \u00a0 \u00a0 \u00a0 \u00a0 \u00a0 \u00a0 \u00a0 \u00a0 \u00a0 \u00a0 \u00a0 \u00a0 \u00a0 \u00a0 \u00a0 \u00a0 <strong>\u00a0 \u00a0AMIGA QUE SE NOMBRA<\/strong><\/p>\n\n\n\n<p>\u00a0 \u00a0 \u00a0 \u00a0 \u00a0 \u00a0 \u00a0 \u00a0 \u00a0 \u00a0 \u00a0 \u00a0 \u00a0 \u00a0 \u00a0 \u00a0 \u00a0 \u00a0 \u00a0 \u00a0 \u00a0 \u00a0 \u00a0 \u00a0<strong><em> \u00a0 &#8220;Es una ma\u00f1ana de tantas que se vive,<\/em><\/strong><\/p>\n\n\n\n<p>\u00a0 \u00a0 \u00a0 \u00a0 \u00a0 \u00a0 \u00a0 \u00a0 \u00a0 \u00a0 \u00a0 \u00a0 \u00a0 \u00a0 \u00a0 \u00a0 \u00a0 \u00a0 \u00a0 \u00a0 \u00a0 \u00a0 \u00a0 \u00a0 \u00a0<strong><em> amiga de vida, amiga de siempre,<\/em><\/strong><\/p>\n\n\n\n<p>\u00a0 \u00a0 \u00a0 \u00a0 \u00a0 \u00a0 \u00a0 \u00a0 \u00a0 \u00a0 \u00a0 \u00a0 \u00a0 \u00a0 \u00a0 \u00a0 \u00a0 \u00a0 \u00a0 \u00a0<strong><em> \u00a0 \u00a0 \u00a0 \u00a0 \u00a0 vuelvo a sonre\u00edrte, tu haces lo mismo,<\/em><\/strong><\/p>\n\n\n\n<p>\u00a0 \u00a0 \u00a0 \u00a0 \u00a0 \u00a0 \u00a0 \u00a0 \u00a0 \u00a0 \u00a0 \u00a0 \u00a0 \u00a0 \u00a0 \u00a0 \u00a0 \u00a0 \u00a0 \u00a0 \u00a0 \u00a0 \u00a0 \u00a0 <strong><em>\u00a0 hoy te saludo mientras te bendigo;<\/em><\/strong><\/p>\n\n\n\n<p>\u00a0 \u00a0 \u00a0 \u00a0 \u00a0 \u00a0 \u00a0 \u00a0 \u00a0 \u00a0 \u00a0 \u00a0 \u00a0 \u00a0 \u00a0 \u00a0 \u00a0 \u00a0 \u00a0 \u00a0 \u00a0 \u00a0 \u00a0 \u00a0 \u00a0 <strong><em>amiga leal, claro y abierto camino,<\/em><\/strong><\/p>\n\n\n\n<p>\u00a0 \u00a0 \u00a0 \u00a0 \u00a0 \u00a0 \u00a0 \u00a0 \u00a0 \u00a0 \u00a0 \u00a0 \u00a0 \u00a0 \u00a0 \u00a0 \u00a0 \u00a0 \u00a0 \u00a0 \u00a0 \u00a0 \u00a0 \u00a0 \u00a0<strong><em> tus manos me gu\u00edan, tus pasos, los sigo&#8221;&#8230;<\/em><\/strong><\/p>\n\n\n\n<p>\u00a0 \u00a0 \u00a0 \u00a0 \u00a0 \u00a0 \u00a0 \u00a0 \u00a0 \u00a0 \u00a0 \u00a0 \u00a0 \u00a0 \u00a0 \u00a0 \u00a0 \u00a0 \u00a0 \u00a0 \u00a0 \u00a0 \u00a0 \u00a0 \u00a0 \u00a0 \u00a0 \u00a0 \u00a0 \u00a0 \u00a0 \u00a0 \u00a0 \u00a0 \u00a0 \u00a0<strong> \u00a0 \u00a0 el\u00edseo<\/strong><\/p>\n\n\n\n<p><strong><em>El \u00faltimo video presentado en el portal\u00a0Sin Embargo,\u00a0donde en el Estado de Jalisco un sacerdote con gesto de molestia y con palabras groseras se dirige a sus creyentes ofendi\u00e9ndoles; calific\u00e1ndoles de tontos por no entender la importancia de llevara acabo el &#8220;voto \u00fatil&#8221;; mediante el cual, seg\u00fan sus palabras, ten\u00edan que salir en grupo a convencer a cuantas personas pudieran, empezando por su familia para que el domingo 2 de junio, se vote por X\u00f3chitl, y que por ning\u00fan motivo lo hagan por Claudia, la que, seg\u00fan sus palabras representa lo peor; y que ha llevado a las destrucci\u00f3n del pa\u00eds.<\/em><\/strong><\/p>\n\n\n\n<p><strong><em>Posteriormente, incrementando su actitud alterada, y calificando a sus creyentes de tontos; les se\u00f1ala que hay que evitar llegue al poder Claudia para detener la destrucci\u00f3n del pa\u00eds, y detener la mala imagen que se tiene en el extranjero de nosotros.<\/em><\/strong><\/p>\n\n\n\n<p><strong><em>La iglesia en un pa\u00eds laico, exigiendo que se ataquen las instituciones de tal forma que sus intereses sean defendidos por encima del bien social&#8230;<\/em><\/strong><\/p>\n\n\n\n<p><em><strong>La iglesia que representa a su Estado, el Vaticano, meti\u00e9ndose el las elecciones del M\u00e9xico que durante las leyes de Reforma del siglo XIX, con el gobierno de Ju\u00e1rez quedaron marginada de la vida pol\u00edtica nacional.<\/strong><\/em><\/p>\n\n\n\n<p><strong><em>Apenas nos hab\u00eda perdonado el obispo de Chilpancingo por sus aventuras en hoteles, con alguien a quien evidentemente comparti\u00f3 algo m\u00e1s que sermones y bendiciones (puesto que le encontraron condones, coca\u00edna y viagra&#8230; \u00bf?). Ahora, el p\u00e1rroco de una iglesia de Jalisco nos trata de tontos si no usamos el voto \u00fatil y salimos a pregonar que X\u00f3chitl es el camino de la felicidad; mientras que Claudia representa la destrucci\u00f3n.<\/em><\/strong><\/p>\n\n\n\n<p><strong><em>En un Estado laico, se promueve la libertad de opini\u00f3n y culto; al mismo tiempo que se respeta la diferencia de las elecciones en el comportamiento de las personas con una l\u00ednea de respeto entre las personas. Puede ser usted cat\u00f3lico, jud\u00edo, protestante, pragm\u00e1tico, o ateo abierto; al final todo lo tolera el mismo; por el contrario; un estado confesionario; como lo era entre 1521 hasta 1857, en que solamente se toleraba la religi\u00f3n cat\u00f3lica, y la adoraci\u00f3n de la virgen de Guadalupe como la &#8220;madre de los mexicanos&#8221;; con lo que se puede ser cat\u00f3lico o no; pero se puede reconocer a la virgen de Guadalupe como madre universal de los mexicanos (es una exageraci\u00f3n desde luego, pero es un ejemplo para darnos una idea).<\/em><\/strong><\/p>\n\n\n\n<p><strong><em>Como se puede ver, siguen mintiendo en relaci\u00f3n a la divisi\u00f3n de la sociedad mexicana en dos grandes grupos; hoy queremos inventar, dada nuestra notable falta de informaci\u00f3n hist\u00f3rica, que con este gobierno se ha dividido el pa\u00eds; parafraseando a este poco culto sacerdote de Jalisco (en general nunca se han distinguido por ser muy cultos en realidad en general; su poder no viene de su cultura, viene del temor que infunden desde su tribuna).<\/em><\/strong><\/p>\n\n\n\n<p><strong><em>No les conviene entender que esta divisi\u00f3n es propia del colonialismo espa\u00f1ol sobre los nativos de estas tierras; desde 1521 se gener\u00f3 la separaci\u00f3n de dos tipos de M\u00e9xico:\u00a0El M\u00e9xico de los espa\u00f1oles peninsulares; y el de los Indios, mestizos y castas.<\/em><\/strong><\/p>\n\n\n\n<p><em><strong>Por algo se inventaron una &#8220;Rep\u00fablica de espa\u00f1oles y una de indios&#8221;<\/strong><\/em><\/p>\n\n\n\n<p style=\"font-size:25px\"><em><strong>Desde entonces.<\/strong><\/em>..<\/p>\n\n\n\n<p><strong><em>Las mentiras mediante las que se pretende afirmar que la divisi\u00f3n social se manifiesta a partir de 2018, es para esas personas que no desean tomar un buen libro de historia enterarse del pasado de su pa\u00eds&#8230;; bueno, a veces no es f\u00e1cil convencer a las personas de que el mundo es algo m\u00e1s que la revista Casos de Alarma; o las de modas y espect\u00e1culos, seg\u00fan las televisoras comerciales.<\/em><\/strong><\/p>\n\n\n\n<p><strong><em>Igual hay otro obst\u00e1culo para conocer nuestro pasado, es la ignorancia ilustrada de profesores que laboran en escuelas particulares &#8220;patito&#8221; donde se informa lo que sus due\u00f1os se\u00f1alan; en no pocas ocasiones son escuelas fundadas por alguna congregaci\u00f3n religiosa, mediante el uso de prestanombres desde luego&#8230;; mire usted que la regi\u00f3n de Zamora y La piedad algo saben de eso.<\/em><\/strong><\/p>\n\n\n\n<p><strong>En fin, con la iglesia y la desinformaci\u00f3n (para no ser como ellos llam\u00e1ndoles ignorantes) hemos topado.<\/strong><\/p>\n\n\n\n<p style=\"font-size:25px\"><strong>Le abrazo<\/strong>&#8230;<\/p>\n\n\n\n<p>Anuncio<\/p>\n\n\n\n<figure class=\"wp-block-image\"><img decoding=\"async\" src=\"https:\/\/res.public.onecdn.static.microsoft\/assets\/ads\/adbarmetrochoice.svg\" alt=\"\"\/><\/figure>\n","protected":false},"excerpt":{"rendered":"<p>LAS PEQUE\u00d1AS COSAS&#8230; Eliseo Castillo \u00a0 \u00a0 \u00a0 \u00a0 \u00a0 \u00a0 \u00a0 \u00a0 \u00a0 \u00a0 \u00a0 \u00a0 \u00a0 \u00a0 \u00a0 \u00a0 \u00a0 \u00a0 \u00a0 \u00a0 \u00a0 \u00a0 \u00a0 \u00a0 \u00a0 \u00a0 \u00a0 \u00a0 \u00a0 \u00a0 \u00a0 \u00a0 \u00a0 \u00a0 \u00a0 \u00a0 \u00a0 \u00a0 \u00a0 \u00a0 \u00a0 \u00a0 \u00a0 \u00a0 \u00a0 \u00a0 \u00a0 \u00a0 \u00a0 \u00a0 [&hellip;]<\/p>\n","protected":false},"author":2,"featured_media":9110,"comment_status":"open","ping_status":"open","sticky":false,"template":"","format":"standard","meta":{"footnotes":"","_rishi_post_view_count":720},"categories":[1],"tags":[],"class_list":["post-9109","post","type-post","status-publish","format-standard","has-post-thumbnail","hentry","category-opinion"],"comments_count":"0","_links":{"self":[{"href":"https:\/\/elpregonerodezamora.com\/index.php\/wp-json\/wp\/v2\/posts\/9109","targetHints":{"allow":["GET"]}}],"collection":[{"href":"https:\/\/elpregonerodezamora.com\/index.php\/wp-json\/wp\/v2\/posts"}],"about":[{"href":"https:\/\/elpregonerodezamora.com\/index.php\/wp-json\/wp\/v2\/types\/post"}],"author":[{"embeddable":true,"href":"https:\/\/elpregonerodezamora.com\/index.php\/wp-json\/wp\/v2\/users\/2"}],"replies":[{"embeddable":true,"href":"https:\/\/elpregonerodezamora.com\/index.php\/wp-json\/wp\/v2\/comments?post=9109"}],"version-history":[{"count":1,"href":"https:\/\/elpregonerodezamora.com\/index.php\/wp-json\/wp\/v2\/posts\/9109\/revisions"}],"predecessor-version":[{"id":9111,"href":"https:\/\/elpregonerodezamora.com\/index.php\/wp-json\/wp\/v2\/posts\/9109\/revisions\/9111"}],"wp:featuredmedia":[{"embeddable":true,"href":"https:\/\/elpregonerodezamora.com\/index.php\/wp-json\/wp\/v2\/media\/9110"}],"wp:attachment":[{"href":"https:\/\/elpregonerodezamora.com\/index.php\/wp-json\/wp\/v2\/media?parent=9109"}],"wp:term":[{"taxonomy":"category","embeddable":true,"href":"https:\/\/elpregonerodezamora.com\/index.php\/wp-json\/wp\/v2\/categories?post=9109"},{"taxonomy":"post_tag","embeddable":true,"href":"https:\/\/elpregonerodezamora.com\/index.php\/wp-json\/wp\/v2\/tags?post=9109"}],"curies":[{"name":"wp","href":"https:\/\/api.w.org\/{rel}","templated":true}]}}